{"id":708,"date":"2023-05-05T15:24:00","date_gmt":"2023-05-05T18:24:00","guid":{"rendered":"https:\/\/jornalofatual.ufsc.br\/?p=708"},"modified":"2024-03-26T15:31:48","modified_gmt":"2024-03-26T18:31:48","slug":"mpsc-tem-pedido-negado-pela-cbf-e-figueirense-x-paysandu-tera-torcida-visitante","status":"publish","type":"post","link":"https:\/\/jornalofatual.ufsc.br\/index.php\/2023\/05\/05\/mpsc-tem-pedido-negado-pela-cbf-e-figueirense-x-paysandu-tera-torcida-visitante\/","title":{"rendered":"MPSC t\u00eam pedido negado pela CBF e Figueirense x Paysandu ter\u00e1 torcida visitante"},"content":{"rendered":"\n<h4 class=\"wp-block-heading\"><strong><em>Decis\u00e3o foi confirmada hoje por meio da Federa\u00e7\u00e3o Catarinense de Futebol<\/em><\/strong><\/h4>\n\n\n\n<div style=\"height:32px\" aria-hidden=\"true\" class=\"wp-block-spacer\"><\/div>\n\n\n\n<p><strong>DUDA SOUZA<\/strong><\/p>\n\n\n\n<p>A partida entre Figueirense (SC) x Paysandu (PA), v\u00e1lida pela segunda rodada da s\u00e9rie C do Campeonato Brasileiro, que acontece na pr\u00f3xima segunda-feira (8), no est\u00e1dio Orlando Scarpelli em Florian\u00f3polis, contar\u00e1 com torcida visitante.&nbsp;<\/p>\n\n\n\n<p>Nesta semana, o Minist\u00e9rio P\u00fablico de Santa Catarina (MPSC), juntamente com a Pol\u00edcia Militar (PM) do estado, por meio do Promotor de Justi\u00e7a Wilson Paulo Mendon\u00e7a Neto, encaminharam um of\u00edcio \u00e0 CBF, com o pedido para que o jogo ocorresse apenas com a presen\u00e7a da torcida mandante no est\u00e1dio.<\/p>\n\n\n\n<p>A decis\u00e3o foi da Confedera\u00e7\u00e3o Brasileira de Futebol (CBF), que optou por n\u00e3o realizar o jogo com torcida \u00fanica. A informa\u00e7\u00e3o foi confirmada, hoje, pelo procurador jur\u00eddico da Federa\u00e7\u00e3o Catarinense de Futebol (FCF), Rodrigo Capella.<\/p>\n\n\n\n<p>Segundo o MPSC, o pedido foi realizado devido ao hist\u00f3rico de viol\u00eancia entre as torcidas organizadas dos dois clubes. Al\u00e9m da poss\u00edvel rela\u00e7\u00e3o entre a morte de um torcedor corintiano e a briga de torcidas organizadas de Corinthians e Paysandu, em Bel\u00e9m (PA), em abril.&nbsp;<\/p>\n\n\n\n<p>A sugest\u00e3o pela torcida \u00fanica foi proposta pela PM, que ressaltou que antes dos jogos \u00e9 feita orienta\u00e7\u00e3o e an\u00e1lise da possibilidade de brigas. A pol\u00edcia afirma que para esse jogo, em particular, h\u00e1 uma \u201cpreocupa\u00e7\u00e3o maior\u201d.<\/p>\n\n\n\n<p>Ap\u00f3s ter o pedido negado, o Promotor de Justi\u00e7a Wilson Paulo Mendon\u00e7a Neto enviou uma declara\u00e7\u00e3o \u00e0 CBF. &#8220;As informa\u00e7\u00f5es d\u00e3o conta da gravidade dos fatos e da excepcionalidade da medida indicada pela Pol\u00edcia Militar e pelo Minist\u00e9rio P\u00fablico. Assim, havendo jogo com as duas torcidas, toda a responsabilidade recair\u00e1 sobre os representantes da CBF que tomaram conhecimento dos fatos, puderam agir e n\u00e3o o fizeram&#8221;.&nbsp;&nbsp;<\/p>\n\n\n\n<p>Em nota, a PM informou que ir\u00e1 refor\u00e7ar a seguran\u00e7a para o dia da partida. \u201c[\u2026] A <em>PMSC montar\u00e1 estrutura mais robusta de seguran\u00e7a, refor\u00e7ando as barreiras de conten\u00e7\u00e3o externas, escolta de torcidas, bem como, amplia\u00e7\u00e3o da seguran\u00e7a na divis\u00e3o de torcidas no interior do est\u00e1dio.\u201d<\/em>\u00a0<\/p>\n\n\n\n<figure class=\"wp-block-image size-full is-resized\"><img fetchpriority=\"high\" decoding=\"async\" width=\"401\" height=\"267\" src=\"http:\/\/jornalofatual.ufsc.br\/wp-content\/uploads\/2024\/03\/Imagem2-1.png\" alt=\"\" class=\"wp-image-709\" style=\"width:842px;height:auto\" srcset=\"https:\/\/jornalofatual.ufsc.br\/wp-content\/uploads\/2024\/03\/Imagem2-1.png 401w, https:\/\/jornalofatual.ufsc.br\/wp-content\/uploads\/2024\/03\/Imagem2-1-300x200.png 300w\" sizes=\"(max-width: 401px) 100vw, 401px\" \/><figcaption class=\"wp-element-caption\">Figueirense x Paysandu \u2014 Foto: Patrick Floriani\/FFC<\/figcaption><\/figure>\n","protected":false},"excerpt":{"rendered":"<p>Decis\u00e3o foi confirmada hoje por meio da Federa\u00e7\u00e3o Catarinense de Futebol DUDA SOUZA A partida entre Figueirense (SC) x Paysandu (PA), v\u00e1lida pela segunda rodada da s\u00e9rie C do Campeonato Brasileiro, que acontece na pr\u00f3xima segunda-feira (8), no est\u00e1dio Orlando Scarpelli em Florian\u00f3polis, contar\u00e1 com torcida visitante.&nbsp; Nesta semana, o Minist\u00e9rio P\u00fablico de Santa Catarina [&hellip;]<\/p>\n","protected":false},"author":1,"featured_media":709,"comment_status":"open","ping_status":"open","sticky":false,"template":"","format":"standard","meta":{"footnotes":""},"categories":[112,19],"tags":[],"class_list":["post-708","post","type-post","status-publish","format-standard","has-post-thumbnail","hentry","category-esporte","category-noticias"],"yoast_head":"<!-- This site is optimized with the Yoast SEO plugin v22.9 - https:\/\/yoast.com\/wordpress\/plugins\/seo\/ -->\n<title>MPSC t\u00eam pedido negado pela CBF e Figueirense x Paysandu ter\u00e1 torcida visitante - O Fatual<\/title>\n<meta name=\"robots\" content=\"index, follow, max-snippet:-1, max-image-preview:large, max-video-preview:-1\" \/>\n<link rel=\"canonical\" href=\"https:\/\/jornalofatual.ufsc.br\/index.php\/2023\/05\/05\/mpsc-tem-pedido-negado-pela-cbf-e-figueirense-x-paysandu-tera-torcida-visitante\/\" \/>\n<meta property=\"og:locale\" content=\"pt_BR\" \/>\n<meta property=\"og:type\" content=\"article\" \/>\n<meta property=\"og:title\" content=\"MPSC t\u00eam pedido negado pela CBF e Figueirense x Paysandu ter\u00e1 torcida visitante - O Fatual\" \/>\n<meta property=\"og:description\" content=\"Decis\u00e3o foi confirmada hoje por meio da Federa\u00e7\u00e3o Catarinense de Futebol DUDA SOUZA A partida entre Figueirense (SC) x Paysandu (PA), v\u00e1lida pela segunda rodada da s\u00e9rie C do Campeonato Brasileiro, que acontece na pr\u00f3xima segunda-feira (8), no est\u00e1dio Orlando Scarpelli em Florian\u00f3polis, contar\u00e1 com torcida visitante.&nbsp; Nesta semana, o Minist\u00e9rio P\u00fablico de Santa Catarina [&hellip;]\" \/>\n<meta property=\"og:url\" content=\"https:\/\/jornalofatual.ufsc.br\/index.php\/2023\/05\/05\/mpsc-tem-pedido-negado-pela-cbf-e-figueirense-x-paysandu-tera-torcida-visitante\/\" \/>\n<meta property=\"og:site_name\" content=\"O Fatual\" \/>\n<meta property=\"article:published_time\" content=\"2023-05-05T18:24:00+00:00\" \/>\n<meta property=\"article:modified_time\" content=\"2024-03-26T18:31:48+00:00\" \/>\n<meta property=\"og:image\" content=\"http:\/\/jornalofatual.ufsc.br\/wp-content\/uploads\/2024\/03\/Imagem2-1.png\" \/>\n\t<meta property=\"og:image:width\" content=\"401\" \/>\n\t<meta property=\"og:image:height\" content=\"267\" \/>\n\t<meta property=\"og:image:type\" content=\"image\/png\" \/>\n<meta name=\"author\" content=\"O Fatual UFSC\" \/>\n<meta name=\"twitter:card\" content=\"summary_large_image\" \/>\n<meta name=\"twitter:label1\" content=\"Escrito por\" \/>\n\t<meta name=\"twitter:data1\" content=\"O Fatual UFSC\" \/>\n\t<meta name=\"twitter:label2\" content=\"Est. tempo de leitura\" \/>\n\t<meta name=\"twitter:data2\" content=\"3 minutos\" \/>\n<script type=\"application\/ld+json\" class=\"yoast-schema-graph\">{\"@context\":\"https:\/\/schema.org\",\"@graph\":[{\"@type\":\"WebPage\",\"@id\":\"https:\/\/jornalofatual.ufsc.br\/index.php\/2023\/05\/05\/mpsc-tem-pedido-negado-pela-cbf-e-figueirense-x-paysandu-tera-torcida-visitante\/\",\"url\":\"https:\/\/jornalofatual.ufsc.br\/index.php\/2023\/05\/05\/mpsc-tem-pedido-negado-pela-cbf-e-figueirense-x-paysandu-tera-torcida-visitante\/\",\"name\":\"MPSC t\u00eam pedido negado pela CBF e Figueirense x Paysandu ter\u00e1 torcida visitante - O Fatual\",\"isPartOf\":{\"@id\":\"https:\/\/jornalofatual.ufsc.br\/#website\"},\"primaryImageOfPage\":{\"@id\":\"https:\/\/jornalofatual.ufsc.br\/index.php\/2023\/05\/05\/mpsc-tem-pedido-negado-pela-cbf-e-figueirense-x-paysandu-tera-torcida-visitante\/#primaryimage\"},\"image\":{\"@id\":\"https:\/\/jornalofatual.ufsc.br\/index.php\/2023\/05\/05\/mpsc-tem-pedido-negado-pela-cbf-e-figueirense-x-paysandu-tera-torcida-visitante\/#primaryimage\"},\"thumbnailUrl\":\"https:\/\/jornalofatual.ufsc.br\/wp-content\/uploads\/2024\/03\/Imagem2-1.png\",\"datePublished\":\"2023-05-05T18:24:00+00:00\",\"dateModified\":\"2024-03-26T18:31:48+00:00\",\"author\":{\"@id\":\"https:\/\/jornalofatual.ufsc.br\/#\/schema\/person\/7c4da290bbeac2ab587bf3bd9b2796c5\"},\"breadcrumb\":{\"@id\":\"https:\/\/jornalofatual.ufsc.br\/index.php\/2023\/05\/05\/mpsc-tem-pedido-negado-pela-cbf-e-figueirense-x-paysandu-tera-torcida-visitante\/#breadcrumb\"},\"inLanguage\":\"pt-BR\",\"potentialAction\":[{\"@type\":\"ReadAction\",\"target\":[\"https:\/\/jornalofatual.ufsc.br\/index.php\/2023\/05\/05\/mpsc-tem-pedido-negado-pela-cbf-e-figueirense-x-paysandu-tera-torcida-visitante\/\"]}]},{\"@type\":\"ImageObject\",\"inLanguage\":\"pt-BR\",\"@id\":\"https:\/\/jornalofatual.ufsc.br\/index.php\/2023\/05\/05\/mpsc-tem-pedido-negado-pela-cbf-e-figueirense-x-paysandu-tera-torcida-visitante\/#primaryimage\",\"url\":\"https:\/\/jornalofatual.ufsc.br\/wp-content\/uploads\/2024\/03\/Imagem2-1.png\",\"contentUrl\":\"https:\/\/jornalofatual.ufsc.br\/wp-content\/uploads\/2024\/03\/Imagem2-1.png\",\"width\":401,\"height\":267},{\"@type\":\"BreadcrumbList\",\"@id\":\"https:\/\/jornalofatual.ufsc.br\/index.php\/2023\/05\/05\/mpsc-tem-pedido-negado-pela-cbf-e-figueirense-x-paysandu-tera-torcida-visitante\/#breadcrumb\",\"itemListElement\":[{\"@type\":\"ListItem\",\"position\":1,\"name\":\"In\u00edcio\",\"item\":\"https:\/\/jornalofatual.ufsc.br\/\"},{\"@type\":\"ListItem\",\"position\":2,\"name\":\"MPSC t\u00eam pedido negado pela CBF e Figueirense x Paysandu ter\u00e1 torcida visitante\"}]},{\"@type\":\"WebSite\",\"@id\":\"https:\/\/jornalofatual.ufsc.br\/#website\",\"url\":\"https:\/\/jornalofatual.ufsc.br\/\",\"name\":\"O Fatual\",\"description\":\"Jornalismo UFSC\",\"potentialAction\":[{\"@type\":\"SearchAction\",\"target\":{\"@type\":\"EntryPoint\",\"urlTemplate\":\"https:\/\/jornalofatual.ufsc.br\/?s={search_term_string}\"},\"query-input\":\"required name=search_term_string\"}],\"inLanguage\":\"pt-BR\"},{\"@type\":\"Person\",\"@id\":\"https:\/\/jornalofatual.ufsc.br\/#\/schema\/person\/7c4da290bbeac2ab587bf3bd9b2796c5\",\"name\":\"O Fatual UFSC\",\"image\":{\"@type\":\"ImageObject\",\"inLanguage\":\"pt-BR\",\"@id\":\"https:\/\/jornalofatual.ufsc.br\/#\/schema\/person\/image\/\",\"url\":\"https:\/\/secure.gravatar.com\/avatar\/77a2965911ca4aaeddc636b7e775b7bb05b7e4b5d5ad85a27d016b6a781b2b04?s=96&d=mm&r=g\",\"contentUrl\":\"https:\/\/secure.gravatar.com\/avatar\/77a2965911ca4aaeddc636b7e775b7bb05b7e4b5d5ad85a27d016b6a781b2b04?s=96&d=mm&r=g\",\"caption\":\"O Fatual UFSC\"},\"sameAs\":[\"https:\/\/jornalofatual.ufsc.br\",\"https:\/\/www.instagram.com\/jornalofatual\/\"],\"url\":\"https:\/\/jornalofatual.ufsc.br\/index.php\/author\/jornalofactualgmail-com\/\"}]}<\/script>\n<!-- \/ Yoast SEO plugin. -->","yoast_head_json":{"title":"MPSC t\u00eam pedido negado pela CBF e Figueirense x Paysandu ter\u00e1 torcida visitante - O Fatual","robots":{"index":"index","follow":"follow","max-snippet":"max-snippet:-1","max-image-preview":"max-image-preview:large","max-video-preview":"max-video-preview:-1"},"canonical":"https:\/\/jornalofatual.ufsc.br\/index.php\/2023\/05\/05\/mpsc-tem-pedido-negado-pela-cbf-e-figueirense-x-paysandu-tera-torcida-visitante\/","og_locale":"pt_BR","og_type":"article","og_title":"MPSC t\u00eam pedido negado pela CBF e Figueirense x Paysandu ter\u00e1 torcida visitante - O Fatual","og_description":"Decis\u00e3o foi confirmada hoje por meio da Federa\u00e7\u00e3o Catarinense de Futebol DUDA SOUZA A partida entre Figueirense (SC) x Paysandu (PA), v\u00e1lida pela segunda rodada da s\u00e9rie C do Campeonato Brasileiro, que acontece na pr\u00f3xima segunda-feira (8), no est\u00e1dio Orlando Scarpelli em Florian\u00f3polis, contar\u00e1 com torcida visitante.&nbsp; Nesta semana, o Minist\u00e9rio P\u00fablico de Santa Catarina [&hellip;]","og_url":"https:\/\/jornalofatual.ufsc.br\/index.php\/2023\/05\/05\/mpsc-tem-pedido-negado-pela-cbf-e-figueirense-x-paysandu-tera-torcida-visitante\/","og_site_name":"O Fatual","article_published_time":"2023-05-05T18:24:00+00:00","article_modified_time":"2024-03-26T18:31:48+00:00","og_image":[{"width":401,"height":267,"url":"http:\/\/jornalofatual.ufsc.br\/wp-content\/uploads\/2024\/03\/Imagem2-1.png","type":"image\/png"}],"author":"O Fatual UFSC","twitter_card":"summary_large_image","twitter_misc":{"Escrito por":"O Fatual UFSC","Est. tempo de leitura":"3 minutos"},"schema":{"@context":"https:\/\/schema.org","@graph":[{"@type":"WebPage","@id":"https:\/\/jornalofatual.ufsc.br\/index.php\/2023\/05\/05\/mpsc-tem-pedido-negado-pela-cbf-e-figueirense-x-paysandu-tera-torcida-visitante\/","url":"https:\/\/jornalofatual.ufsc.br\/index.php\/2023\/05\/05\/mpsc-tem-pedido-negado-pela-cbf-e-figueirense-x-paysandu-tera-torcida-visitante\/","name":"MPSC t\u00eam pedido negado pela CBF e Figueirense x Paysandu ter\u00e1 torcida visitante - O Fatual","isPartOf":{"@id":"https:\/\/jornalofatual.ufsc.br\/#website"},"primaryImageOfPage":{"@id":"https:\/\/jornalofatual.ufsc.br\/index.php\/2023\/05\/05\/mpsc-tem-pedido-negado-pela-cbf-e-figueirense-x-paysandu-tera-torcida-visitante\/#primaryimage"},"image":{"@id":"https:\/\/jornalofatual.ufsc.br\/index.php\/2023\/05\/05\/mpsc-tem-pedido-negado-pela-cbf-e-figueirense-x-paysandu-tera-torcida-visitante\/#primaryimage"},"thumbnailUrl":"https:\/\/jornalofatual.ufsc.br\/wp-content\/uploads\/2024\/03\/Imagem2-1.png","datePublished":"2023-05-05T18:24:00+00:00","dateModified":"2024-03-26T18:31:48+00:00","author":{"@id":"https:\/\/jornalofatual.ufsc.br\/#\/schema\/person\/7c4da290bbeac2ab587bf3bd9b2796c5"},"breadcrumb":{"@id":"https:\/\/jornalofatual.ufsc.br\/index.php\/2023\/05\/05\/mpsc-tem-pedido-negado-pela-cbf-e-figueirense-x-paysandu-tera-torcida-visitante\/#breadcrumb"},"inLanguage":"pt-BR","potentialAction":[{"@type":"ReadAction","target":["https:\/\/jornalofatual.ufsc.br\/index.php\/2023\/05\/05\/mpsc-tem-pedido-negado-pela-cbf-e-figueirense-x-paysandu-tera-torcida-visitante\/"]}]},{"@type":"ImageObject","inLanguage":"pt-BR","@id":"https:\/\/jornalofatual.ufsc.br\/index.php\/2023\/05\/05\/mpsc-tem-pedido-negado-pela-cbf-e-figueirense-x-paysandu-tera-torcida-visitante\/#primaryimage","url":"https:\/\/jornalofatual.ufsc.br\/wp-content\/uploads\/2024\/03\/Imagem2-1.png","contentUrl":"https:\/\/jornalofatual.ufsc.br\/wp-content\/uploads\/2024\/03\/Imagem2-1.png","width":401,"height":267},{"@type":"BreadcrumbList","@id":"https:\/\/jornalofatual.ufsc.br\/index.php\/2023\/05\/05\/mpsc-tem-pedido-negado-pela-cbf-e-figueirense-x-paysandu-tera-torcida-visitante\/#breadcrumb","itemListElement":[{"@type":"ListItem","position":1,"name":"In\u00edcio","item":"https:\/\/jornalofatual.ufsc.br\/"},{"@type":"ListItem","position":2,"name":"MPSC t\u00eam pedido negado pela CBF e Figueirense x Paysandu ter\u00e1 torcida visitante"}]},{"@type":"WebSite","@id":"https:\/\/jornalofatual.ufsc.br\/#website","url":"https:\/\/jornalofatual.ufsc.br\/","name":"O Fatual","description":"Jornalismo UFSC","potentialAction":[{"@type":"SearchAction","target":{"@type":"EntryPoint","urlTemplate":"https:\/\/jornalofatual.ufsc.br\/?s={search_term_string}"},"query-input":"required name=search_term_string"}],"inLanguage":"pt-BR"},{"@type":"Person","@id":"https:\/\/jornalofatual.ufsc.br\/#\/schema\/person\/7c4da290bbeac2ab587bf3bd9b2796c5","name":"O Fatual UFSC","image":{"@type":"ImageObject","inLanguage":"pt-BR","@id":"https:\/\/jornalofatual.ufsc.br\/#\/schema\/person\/image\/","url":"https:\/\/secure.gravatar.com\/avatar\/77a2965911ca4aaeddc636b7e775b7bb05b7e4b5d5ad85a27d016b6a781b2b04?s=96&d=mm&r=g","contentUrl":"https:\/\/secure.gravatar.com\/avatar\/77a2965911ca4aaeddc636b7e775b7bb05b7e4b5d5ad85a27d016b6a781b2b04?s=96&d=mm&r=g","caption":"O Fatual UFSC"},"sameAs":["https:\/\/jornalofatual.ufsc.br","https:\/\/www.instagram.com\/jornalofatual\/"],"url":"https:\/\/jornalofatual.ufsc.br\/index.php\/author\/jornalofactualgmail-com\/"}]}},"_links":{"self":[{"href":"https:\/\/jornalofatual.ufsc.br\/index.php\/wp-json\/wp\/v2\/posts\/708","targetHints":{"allow":["GET"]}}],"collection":[{"href":"https:\/\/jornalofatual.ufsc.br\/index.php\/wp-json\/wp\/v2\/posts"}],"about":[{"href":"https:\/\/jornalofatual.ufsc.br\/index.php\/wp-json\/wp\/v2\/types\/post"}],"author":[{"embeddable":true,"href":"https:\/\/jornalofatual.ufsc.br\/index.php\/wp-json\/wp\/v2\/users\/1"}],"replies":[{"embeddable":true,"href":"https:\/\/jornalofatual.ufsc.br\/index.php\/wp-json\/wp\/v2\/comments?post=708"}],"version-history":[{"count":1,"href":"https:\/\/jornalofatual.ufsc.br\/index.php\/wp-json\/wp\/v2\/posts\/708\/revisions"}],"predecessor-version":[{"id":710,"href":"https:\/\/jornalofatual.ufsc.br\/index.php\/wp-json\/wp\/v2\/posts\/708\/revisions\/710"}],"wp:featuredmedia":[{"embeddable":true,"href":"https:\/\/jornalofatual.ufsc.br\/index.php\/wp-json\/wp\/v2\/media\/709"}],"wp:attachment":[{"href":"https:\/\/jornalofatual.ufsc.br\/index.php\/wp-json\/wp\/v2\/media?parent=708"}],"wp:term":[{"taxonomy":"category","embeddable":true,"href":"https:\/\/jornalofatual.ufsc.br\/index.php\/wp-json\/wp\/v2\/categories?post=708"},{"taxonomy":"post_tag","embeddable":true,"href":"https:\/\/jornalofatual.ufsc.br\/index.php\/wp-json\/wp\/v2\/tags?post=708"}],"curies":[{"name":"wp","href":"https:\/\/api.w.org\/{rel}","templated":true}]}}