{"id":572,"date":"2023-11-18T22:43:00","date_gmt":"2023-11-19T01:43:00","guid":{"rendered":"https:\/\/jornalofatual.ufsc.br\/?p=572"},"modified":"2024-04-16T16:59:43","modified_gmt":"2024-04-16T19:59:43","slug":"rio-do-sul-registra-a-segunda-maior-enchente-da-historia","status":"publish","type":"post","link":"https:\/\/jornalofatual.ufsc.br\/index.php\/2023\/11\/18\/rio-do-sul-registra-a-segunda-maior-enchente-da-historia\/","title":{"rendered":"Rio do Sul tem segunda maior enchente da s\u00e9rie hist\u00f3rica"},"content":{"rendered":"\n<h4 class=\"wp-block-heading has-medium-font-size\"><mark style=\"background-color:rgba(0, 0, 0, 0)\" class=\"has-inline-color has-black-color\"><strong><em>Cidade do Alto Vale do Itaja\u00ed enfrenta quinta enchente em 2023<\/em><\/strong><\/mark><\/h4>\n\n\n\n<div style=\"height:32px\" aria-hidden=\"true\" class=\"wp-block-spacer\"><\/div>\n\n\n\n<p class=\"has-text-align-left\"><strong>CAMILA ELOISA<\/strong><\/p>\n\n\n\n<p><mark style=\"background-color:rgba(0, 0, 0, 0)\" class=\"has-inline-color has-black-color\">O Rio Itaja\u00ed-A\u00e7\u00fa, em Rio do Sul (SC), atingiu 13,04 m no s\u00e1bado (18). As chuvas come\u00e7aram na quinta (16), e a cidade registrou a segunda maior enchente da hist\u00f3ria. O n\u00edvel recorde foi de 13,58 m em 1983. De acordo com a Defesa Civil, o rio subiu de maneira r\u00e1pida ao longo do final de semana, com precipita\u00e7\u00e3o maior do que a esperada.<\/mark><\/p>\n\n\n\n<p><mark style=\"background-color:rgba(0, 0, 0, 0)\" class=\"has-inline-color has-black-color\">Segundo a Prefeitura Municipal de Rio do Sul, mais de 18 mil pessoas est\u00e3o desalojadas e 1,7 mil desabrigadas. Dos 25 bairros, 24 est\u00e3o alagados, e 22 abrigos foram abertos para acolher quem necessita. A cidade teve 40 deslizamentos de terra entre quinta (16) e sexta (17). A Defesa Civil registrou 56 ocorr\u00eancias at\u00e9 o momento.<\/mark><\/p>\n\n\n\n<hr class=\"wp-block-separator has-alpha-channel-opacity\"\/>\n\n\n\n<h4 class=\"wp-block-heading\">Gl\u00f3ria Bellorin, moradora do bairro Canoas, o mais atingido pelas cheias, afirma que saiu de casa com ajuda dos bombeiros. \u201cMoro no segundo andar de um pr\u00e9dio. O rio subiu muito r\u00e1pido, tivemos que sair \u00e0s pressas. Comprei meus m\u00f3veis em outubro, e n\u00e3o consegui salvar nada. Nem meus documentos deu tempo de pegar\u201d, conta a moradora.<\/h4>\n\n\n\n<hr class=\"wp-block-separator has-alpha-channel-opacity\"\/>\n\n\n\n<p>Gl\u00f3ria e os filhos est\u00e3o abrigados na Escola de Educa\u00e7\u00e3o B\u00e1sica Deputado Jo\u00e3o Cust\u00f3dio da Luz, no bairro Boa Vista, o \u00fanico que n\u00e3o foi atingido pela enchente.&nbsp;<\/p>\n\n\n<div class=\"wp-block-image\">\n<figure class=\"alignleft is-resized\"><img decoding=\"async\" src=\"https:\/\/lh7-us.googleusercontent.com\/Stv2F6NtwgsMn_m5COqEVNLf1erj5Y81VLWWC9QJ-6cpDFTK5HuML1Ljj63Yc329aVFoA5YkvfFXEN5NFikAu6wShHc2Ay9uZiq-JFyN7UcJl5f-bJZIE06X1uJeiU_XKORUcqxY9_t1iO5zy5Fn2vJGKlcXQ7zt\" alt=\"\" style=\"width:887px;height:auto\"\/><figcaption class=\"wp-element-caption\">\u00c1gua invade com\u00e9rcios e casas na avenida Aristilianos Ramos, no bairro Jardim Am\u00e9rica. <em>Foto: Camila Eloisa<\/em><\/figcaption><\/figure>\n<\/div>\n\n\n<p>Jos\u00e9 Devacir Braz mora em um pr\u00e9dio no bairro Jardim Am\u00e9rica, resgatado com ajuda dos bombeiros, tamb\u00e9m est\u00e1 abrigado no Jo\u00e3o Cust\u00f3dio da Luz. \u201cFiquei oito horas esperando o socorro. Quando chegaram, sa\u00ed de barco. Consegui levantar meus m\u00f3veis, que ficaram no apartamento\u201d.&nbsp;<\/p>\n\n\n\n<p>At\u00e9 o momento, o abrigo do Jo\u00e3o Cust\u00f3dio da Luz est\u00e1 com 91 adultos e 26 crian\u00e7as. A agente volunt\u00e1ria Andressa Schmit diz que a principal demanda \u00e9 por colch\u00f5es. \u201cDesde sexta, estamos esperando&nbsp;a Defesa Civil trazer colch\u00f5es. Quem est\u00e1 ajudando com doa\u00e7\u00f5es \u00e9 a popula\u00e7\u00e3o\u201d, afirma.<\/p>\n\n\n<div class=\"wp-block-image\">\n<figure class=\"alignleft is-resized\"><img decoding=\"async\" src=\"https:\/\/lh7-us.googleusercontent.com\/1ioijxiu-r2HfBGexpRSf91Uu5qlI_-FpBv3BJ60uyNthJjIRWVQ-9pNzzANiO3hT5UtcARzqzfwqQvJ7H8Htsfjf3uWR-iWQefyLDfyn5DdsYYwI3yB-5kY5qkxVWNPDhXspldbSbtFKrhjdluqgWUrHAiprUpT\" alt=\"\" style=\"width:878px;height:auto\"\/><figcaption class=\"wp-element-caption\">Lixo espalhado pela avenida Oscar Barcelos, no bairro Jardim Am\u00e9rica. <em>Foto: Camila Eloisa<\/em><\/figcaption><\/figure>\n<\/div>\n\n\n<p>A Defesa Civil de Rio do Sul e o Corpo de Bombeiros Militar do munic\u00edpio informaram que est\u00e3o com muitos chamados, e com redu\u00e7\u00e3o de funcion\u00e1rios &#8211; tamb\u00e9m atingidos pelas chuvas. No s\u00e1bado (18),&nbsp; cinco aeronaves e cinco embarca\u00e7\u00f5es foram enviadas pelo Governo Federal e Estadual para ajudar no resgate de pessoas.<\/p>\n\n\n\n<p>O Rio Itaja\u00ed-A\u00e7\u00fa est\u00e1 com 10 m de altura. De acordo com a Defesa Civil, est\u00e3o previstas mais chuvas para essa semana, e o n\u00edvel do rio pode chegar a 13 m a partir de quarta (23). A prefeitura orienta a popula\u00e7\u00e3o a limpar suas casas, mas a permanecer em locais seguros.<\/p>\n","protected":false},"excerpt":{"rendered":"<p>Cidade do Alto Vale do Itaja\u00ed enfrenta quinta enchente em 2023 CAMILA ELOISA O Rio Itaja\u00ed-A\u00e7\u00fa, em Rio do Sul (SC), atingiu 13,04 m no s\u00e1bado (18). As chuvas come\u00e7aram na quinta (16), e a cidade registrou a segunda maior enchente da hist\u00f3ria. O n\u00edvel recorde foi de 13,58 m em 1983. De acordo com [&hellip;]<\/p>\n","protected":false},"author":1,"featured_media":573,"comment_status":"open","ping_status":"open","sticky":false,"template":"","format":"standard","meta":{"footnotes":""},"categories":[145,19],"tags":[],"class_list":["post-572","post","type-post","status-publish","format-standard","has-post-thumbnail","hentry","category-cotidiano","category-noticias"],"yoast_head":"<!-- This site is optimized with the Yoast SEO plugin v22.9 - https:\/\/yoast.com\/wordpress\/plugins\/seo\/ -->\n<title>Rio do Sul tem segunda maior enchente da s\u00e9rie hist\u00f3rica - O Fatual<\/title>\n<meta name=\"robots\" content=\"index, follow, max-snippet:-1, max-image-preview:large, max-video-preview:-1\" \/>\n<link rel=\"canonical\" href=\"https:\/\/jornalofatual.ufsc.br\/index.php\/2023\/11\/18\/rio-do-sul-registra-a-segunda-maior-enchente-da-historia\/\" \/>\n<meta property=\"og:locale\" content=\"pt_BR\" \/>\n<meta property=\"og:type\" content=\"article\" \/>\n<meta property=\"og:title\" content=\"Rio do Sul tem segunda maior enchente da s\u00e9rie hist\u00f3rica - O Fatual\" \/>\n<meta property=\"og:description\" content=\"Cidade do Alto Vale do Itaja\u00ed enfrenta quinta enchente em 2023 CAMILA ELOISA O Rio Itaja\u00ed-A\u00e7\u00fa, em Rio do Sul (SC), atingiu 13,04 m no s\u00e1bado (18). As chuvas come\u00e7aram na quinta (16), e a cidade registrou a segunda maior enchente da hist\u00f3ria. O n\u00edvel recorde foi de 13,58 m em 1983. De acordo com [&hellip;]\" \/>\n<meta property=\"og:url\" content=\"https:\/\/jornalofatual.ufsc.br\/index.php\/2023\/11\/18\/rio-do-sul-registra-a-segunda-maior-enchente-da-historia\/\" \/>\n<meta property=\"og:site_name\" content=\"O Fatual\" \/>\n<meta property=\"article:published_time\" content=\"2023-11-19T01:43:00+00:00\" \/>\n<meta property=\"article:modified_time\" content=\"2024-04-16T19:59:43+00:00\" \/>\n<meta property=\"og:image\" content=\"http:\/\/jornalofatual.ufsc.br\/wp-content\/uploads\/2023\/12\/WhatsApp-Image-2023-12-14-at-11.54.18.jpeg\" \/>\n\t<meta property=\"og:image:width\" content=\"1600\" \/>\n\t<meta property=\"og:image:height\" content=\"720\" \/>\n\t<meta property=\"og:image:type\" content=\"image\/jpeg\" \/>\n<meta name=\"author\" content=\"O Fatual UFSC\" \/>\n<meta name=\"twitter:card\" content=\"summary_large_image\" \/>\n<meta name=\"twitter:label1\" content=\"Escrito por\" \/>\n\t<meta name=\"twitter:data1\" content=\"O Fatual UFSC\" \/>\n\t<meta name=\"twitter:label2\" content=\"Est. tempo de leitura\" \/>\n\t<meta name=\"twitter:data2\" content=\"4 minutos\" \/>\n<script type=\"application\/ld+json\" class=\"yoast-schema-graph\">{\"@context\":\"https:\/\/schema.org\",\"@graph\":[{\"@type\":\"WebPage\",\"@id\":\"https:\/\/jornalofatual.ufsc.br\/index.php\/2023\/11\/18\/rio-do-sul-registra-a-segunda-maior-enchente-da-historia\/\",\"url\":\"https:\/\/jornalofatual.ufsc.br\/index.php\/2023\/11\/18\/rio-do-sul-registra-a-segunda-maior-enchente-da-historia\/\",\"name\":\"Rio do Sul tem segunda maior enchente da s\u00e9rie hist\u00f3rica - O Fatual\",\"isPartOf\":{\"@id\":\"https:\/\/jornalofatual.ufsc.br\/#website\"},\"primaryImageOfPage\":{\"@id\":\"https:\/\/jornalofatual.ufsc.br\/index.php\/2023\/11\/18\/rio-do-sul-registra-a-segunda-maior-enchente-da-historia\/#primaryimage\"},\"image\":{\"@id\":\"https:\/\/jornalofatual.ufsc.br\/index.php\/2023\/11\/18\/rio-do-sul-registra-a-segunda-maior-enchente-da-historia\/#primaryimage\"},\"thumbnailUrl\":\"https:\/\/jornalofatual.ufsc.br\/wp-content\/uploads\/2023\/12\/WhatsApp-Image-2023-12-14-at-11.54.18.jpeg\",\"datePublished\":\"2023-11-19T01:43:00+00:00\",\"dateModified\":\"2024-04-16T19:59:43+00:00\",\"author\":{\"@id\":\"https:\/\/jornalofatual.ufsc.br\/#\/schema\/person\/7c4da290bbeac2ab587bf3bd9b2796c5\"},\"breadcrumb\":{\"@id\":\"https:\/\/jornalofatual.ufsc.br\/index.php\/2023\/11\/18\/rio-do-sul-registra-a-segunda-maior-enchente-da-historia\/#breadcrumb\"},\"inLanguage\":\"pt-BR\",\"potentialAction\":[{\"@type\":\"ReadAction\",\"target\":[\"https:\/\/jornalofatual.ufsc.br\/index.php\/2023\/11\/18\/rio-do-sul-registra-a-segunda-maior-enchente-da-historia\/\"]}]},{\"@type\":\"ImageObject\",\"inLanguage\":\"pt-BR\",\"@id\":\"https:\/\/jornalofatual.ufsc.br\/index.php\/2023\/11\/18\/rio-do-sul-registra-a-segunda-maior-enchente-da-historia\/#primaryimage\",\"url\":\"https:\/\/jornalofatual.ufsc.br\/wp-content\/uploads\/2023\/12\/WhatsApp-Image-2023-12-14-at-11.54.18.jpeg\",\"contentUrl\":\"https:\/\/jornalofatual.ufsc.br\/wp-content\/uploads\/2023\/12\/WhatsApp-Image-2023-12-14-at-11.54.18.jpeg\",\"width\":1600,\"height\":720},{\"@type\":\"BreadcrumbList\",\"@id\":\"https:\/\/jornalofatual.ufsc.br\/index.php\/2023\/11\/18\/rio-do-sul-registra-a-segunda-maior-enchente-da-historia\/#breadcrumb\",\"itemListElement\":[{\"@type\":\"ListItem\",\"position\":1,\"name\":\"In\u00edcio\",\"item\":\"https:\/\/jornalofatual.ufsc.br\/\"},{\"@type\":\"ListItem\",\"position\":2,\"name\":\"Rio do Sul tem segunda maior enchente da s\u00e9rie hist\u00f3rica\"}]},{\"@type\":\"WebSite\",\"@id\":\"https:\/\/jornalofatual.ufsc.br\/#website\",\"url\":\"https:\/\/jornalofatual.ufsc.br\/\",\"name\":\"O Fatual\",\"description\":\"Jornalismo UFSC\",\"potentialAction\":[{\"@type\":\"SearchAction\",\"target\":{\"@type\":\"EntryPoint\",\"urlTemplate\":\"https:\/\/jornalofatual.ufsc.br\/?s={search_term_string}\"},\"query-input\":\"required name=search_term_string\"}],\"inLanguage\":\"pt-BR\"},{\"@type\":\"Person\",\"@id\":\"https:\/\/jornalofatual.ufsc.br\/#\/schema\/person\/7c4da290bbeac2ab587bf3bd9b2796c5\",\"name\":\"O Fatual UFSC\",\"image\":{\"@type\":\"ImageObject\",\"inLanguage\":\"pt-BR\",\"@id\":\"https:\/\/jornalofatual.ufsc.br\/#\/schema\/person\/image\/\",\"url\":\"https:\/\/secure.gravatar.com\/avatar\/77a2965911ca4aaeddc636b7e775b7bb05b7e4b5d5ad85a27d016b6a781b2b04?s=96&d=mm&r=g\",\"contentUrl\":\"https:\/\/secure.gravatar.com\/avatar\/77a2965911ca4aaeddc636b7e775b7bb05b7e4b5d5ad85a27d016b6a781b2b04?s=96&d=mm&r=g\",\"caption\":\"O Fatual UFSC\"},\"sameAs\":[\"https:\/\/jornalofatual.ufsc.br\",\"https:\/\/www.instagram.com\/jornalofatual\/\"],\"url\":\"https:\/\/jornalofatual.ufsc.br\/index.php\/author\/jornalofactualgmail-com\/\"}]}<\/script>\n<!-- \/ Yoast SEO plugin. -->","yoast_head_json":{"title":"Rio do Sul tem segunda maior enchente da s\u00e9rie hist\u00f3rica - O Fatual","robots":{"index":"index","follow":"follow","max-snippet":"max-snippet:-1","max-image-preview":"max-image-preview:large","max-video-preview":"max-video-preview:-1"},"canonical":"https:\/\/jornalofatual.ufsc.br\/index.php\/2023\/11\/18\/rio-do-sul-registra-a-segunda-maior-enchente-da-historia\/","og_locale":"pt_BR","og_type":"article","og_title":"Rio do Sul tem segunda maior enchente da s\u00e9rie hist\u00f3rica - O Fatual","og_description":"Cidade do Alto Vale do Itaja\u00ed enfrenta quinta enchente em 2023 CAMILA ELOISA O Rio Itaja\u00ed-A\u00e7\u00fa, em Rio do Sul (SC), atingiu 13,04 m no s\u00e1bado (18). As chuvas come\u00e7aram na quinta (16), e a cidade registrou a segunda maior enchente da hist\u00f3ria. O n\u00edvel recorde foi de 13,58 m em 1983. De acordo com [&hellip;]","og_url":"https:\/\/jornalofatual.ufsc.br\/index.php\/2023\/11\/18\/rio-do-sul-registra-a-segunda-maior-enchente-da-historia\/","og_site_name":"O Fatual","article_published_time":"2023-11-19T01:43:00+00:00","article_modified_time":"2024-04-16T19:59:43+00:00","og_image":[{"width":1600,"height":720,"url":"http:\/\/jornalofatual.ufsc.br\/wp-content\/uploads\/2023\/12\/WhatsApp-Image-2023-12-14-at-11.54.18.jpeg","type":"image\/jpeg"}],"author":"O Fatual UFSC","twitter_card":"summary_large_image","twitter_misc":{"Escrito por":"O Fatual UFSC","Est. tempo de leitura":"4 minutos"},"schema":{"@context":"https:\/\/schema.org","@graph":[{"@type":"WebPage","@id":"https:\/\/jornalofatual.ufsc.br\/index.php\/2023\/11\/18\/rio-do-sul-registra-a-segunda-maior-enchente-da-historia\/","url":"https:\/\/jornalofatual.ufsc.br\/index.php\/2023\/11\/18\/rio-do-sul-registra-a-segunda-maior-enchente-da-historia\/","name":"Rio do Sul tem segunda maior enchente da s\u00e9rie hist\u00f3rica - O Fatual","isPartOf":{"@id":"https:\/\/jornalofatual.ufsc.br\/#website"},"primaryImageOfPage":{"@id":"https:\/\/jornalofatual.ufsc.br\/index.php\/2023\/11\/18\/rio-do-sul-registra-a-segunda-maior-enchente-da-historia\/#primaryimage"},"image":{"@id":"https:\/\/jornalofatual.ufsc.br\/index.php\/2023\/11\/18\/rio-do-sul-registra-a-segunda-maior-enchente-da-historia\/#primaryimage"},"thumbnailUrl":"https:\/\/jornalofatual.ufsc.br\/wp-content\/uploads\/2023\/12\/WhatsApp-Image-2023-12-14-at-11.54.18.jpeg","datePublished":"2023-11-19T01:43:00+00:00","dateModified":"2024-04-16T19:59:43+00:00","author":{"@id":"https:\/\/jornalofatual.ufsc.br\/#\/schema\/person\/7c4da290bbeac2ab587bf3bd9b2796c5"},"breadcrumb":{"@id":"https:\/\/jornalofatual.ufsc.br\/index.php\/2023\/11\/18\/rio-do-sul-registra-a-segunda-maior-enchente-da-historia\/#breadcrumb"},"inLanguage":"pt-BR","potentialAction":[{"@type":"ReadAction","target":["https:\/\/jornalofatual.ufsc.br\/index.php\/2023\/11\/18\/rio-do-sul-registra-a-segunda-maior-enchente-da-historia\/"]}]},{"@type":"ImageObject","inLanguage":"pt-BR","@id":"https:\/\/jornalofatual.ufsc.br\/index.php\/2023\/11\/18\/rio-do-sul-registra-a-segunda-maior-enchente-da-historia\/#primaryimage","url":"https:\/\/jornalofatual.ufsc.br\/wp-content\/uploads\/2023\/12\/WhatsApp-Image-2023-12-14-at-11.54.18.jpeg","contentUrl":"https:\/\/jornalofatual.ufsc.br\/wp-content\/uploads\/2023\/12\/WhatsApp-Image-2023-12-14-at-11.54.18.jpeg","width":1600,"height":720},{"@type":"BreadcrumbList","@id":"https:\/\/jornalofatual.ufsc.br\/index.php\/2023\/11\/18\/rio-do-sul-registra-a-segunda-maior-enchente-da-historia\/#breadcrumb","itemListElement":[{"@type":"ListItem","position":1,"name":"In\u00edcio","item":"https:\/\/jornalofatual.ufsc.br\/"},{"@type":"ListItem","position":2,"name":"Rio do Sul tem segunda maior enchente da s\u00e9rie hist\u00f3rica"}]},{"@type":"WebSite","@id":"https:\/\/jornalofatual.ufsc.br\/#website","url":"https:\/\/jornalofatual.ufsc.br\/","name":"O Fatual","description":"Jornalismo UFSC","potentialAction":[{"@type":"SearchAction","target":{"@type":"EntryPoint","urlTemplate":"https:\/\/jornalofatual.ufsc.br\/?s={search_term_string}"},"query-input":"required name=search_term_string"}],"inLanguage":"pt-BR"},{"@type":"Person","@id":"https:\/\/jornalofatual.ufsc.br\/#\/schema\/person\/7c4da290bbeac2ab587bf3bd9b2796c5","name":"O Fatual UFSC","image":{"@type":"ImageObject","inLanguage":"pt-BR","@id":"https:\/\/jornalofatual.ufsc.br\/#\/schema\/person\/image\/","url":"https:\/\/secure.gravatar.com\/avatar\/77a2965911ca4aaeddc636b7e775b7bb05b7e4b5d5ad85a27d016b6a781b2b04?s=96&d=mm&r=g","contentUrl":"https:\/\/secure.gravatar.com\/avatar\/77a2965911ca4aaeddc636b7e775b7bb05b7e4b5d5ad85a27d016b6a781b2b04?s=96&d=mm&r=g","caption":"O Fatual UFSC"},"sameAs":["https:\/\/jornalofatual.ufsc.br","https:\/\/www.instagram.com\/jornalofatual\/"],"url":"https:\/\/jornalofatual.ufsc.br\/index.php\/author\/jornalofactualgmail-com\/"}]}},"_links":{"self":[{"href":"https:\/\/jornalofatual.ufsc.br\/index.php\/wp-json\/wp\/v2\/posts\/572","targetHints":{"allow":["GET"]}}],"collection":[{"href":"https:\/\/jornalofatual.ufsc.br\/index.php\/wp-json\/wp\/v2\/posts"}],"about":[{"href":"https:\/\/jornalofatual.ufsc.br\/index.php\/wp-json\/wp\/v2\/types\/post"}],"author":[{"embeddable":true,"href":"https:\/\/jornalofatual.ufsc.br\/index.php\/wp-json\/wp\/v2\/users\/1"}],"replies":[{"embeddable":true,"href":"https:\/\/jornalofatual.ufsc.br\/index.php\/wp-json\/wp\/v2\/comments?post=572"}],"version-history":[{"count":18,"href":"https:\/\/jornalofatual.ufsc.br\/index.php\/wp-json\/wp\/v2\/posts\/572\/revisions"}],"predecessor-version":[{"id":1061,"href":"https:\/\/jornalofatual.ufsc.br\/index.php\/wp-json\/wp\/v2\/posts\/572\/revisions\/1061"}],"wp:featuredmedia":[{"embeddable":true,"href":"https:\/\/jornalofatual.ufsc.br\/index.php\/wp-json\/wp\/v2\/media\/573"}],"wp:attachment":[{"href":"https:\/\/jornalofatual.ufsc.br\/index.php\/wp-json\/wp\/v2\/media?parent=572"}],"wp:term":[{"taxonomy":"category","embeddable":true,"href":"https:\/\/jornalofatual.ufsc.br\/index.php\/wp-json\/wp\/v2\/categories?post=572"},{"taxonomy":"post_tag","embeddable":true,"href":"https:\/\/jornalofatual.ufsc.br\/index.php\/wp-json\/wp\/v2\/tags?post=572"}],"curies":[{"name":"wp","href":"https:\/\/api.w.org\/{rel}","templated":true}]}}