{"id":494,"date":"2023-11-01T10:37:10","date_gmt":"2023-11-01T13:37:10","guid":{"rendered":"https:\/\/jornalofatual.ufsc.br\/?p=494"},"modified":"2024-04-16T16:28:54","modified_gmt":"2024-04-16T19:28:54","slug":"cidades-em-estado-de-calamidade-publica-de-sc-vao-receber-apoio-de-r-600-mil","status":"publish","type":"post","link":"https:\/\/jornalofatual.ufsc.br\/index.php\/2023\/11\/01\/cidades-em-estado-de-calamidade-publica-de-sc-vao-receber-apoio-de-r-600-mil\/","title":{"rendered":"Cidades em estado de calamidade p\u00fablica de SC v\u00e3o receber apoio de R$ 600 mil"},"content":{"rendered":"\n<h4 class=\"wp-block-heading\"><em><strong>Valor ser\u00e1 destinado \u00e0 Defesa Civil dos munic\u00edpios atingidos<\/strong><\/em><\/h4>\n\n\n\n<div style=\"height:32px\" aria-hidden=\"true\" class=\"wp-block-spacer\"><\/div>\n\n\n\n<p class=\"has-text-align-left\"><strong>CAMILA ELOISA<\/strong><\/p>\n\n\n\n<p>O Poder Judici\u00e1rio de Santa Catarina distribuiu R$ 600 mil para os quatro munic\u00edpios que decretaram estado de calamidade p\u00fablica com as enchentes de outubro. O valor, entregue na ter\u00e7a-feira (31), foi dividido em R$150 mil para Tai\u00f3, Rio do Sul, Rio do Oeste e Laurentino.&nbsp;&nbsp;<\/p>\n\n\n\n<p>\u201cCom o dinheiro, iremos comprar equipamentos, como motor e barcos. S\u00f3 temos um barco em nossa cidade, e seriam necess\u00e1rios no m\u00ednimo tr\u00eas. Tamb\u00e9m queremos ampliar o espa\u00e7o f\u00edsico da sede, com uma sala a mais s\u00f3 para os atendentes de plant\u00e3o\u201d, explica o coordenador municipal da Defesa Civil de Tai\u00f3, Jonata Retke.<\/p>\n\n\n\n<p>Tai\u00f3 enfrentou uma enchente hist\u00f3rica em outubro. O n\u00edvel do rio chegou a 12,40 metros, a maior eleva\u00e7\u00e3o registrada na hist\u00f3ria do munic\u00edpio. A Defesa Civil e o Corpo de Bombeiros n\u00e3o conseguiram atender todas as demandas da popula\u00e7\u00e3o para sa\u00edrem de suas casas.<\/p>\n\n\n\n<p>O diretor da Defesa Civil de Rio do Sul, Renato Abreu, diz que o dinheiro ser\u00e1 destinado para combust\u00edvel e pagamento das m\u00e1quinas utilizadas para limpeza da cidade. Ap\u00f3s o prazo de 120 dias do recebimento, os munic\u00edpios dever\u00e3o prestar contas da utiliza\u00e7\u00e3o dos recursos.&nbsp;<\/p>\n\n\n\n<figure class=\"wp-block-image size-full is-resized\"><img fetchpriority=\"high\" decoding=\"async\" width=\"602\" height=\"335\" src=\"https:\/\/jornalofatual.ufsc.br\/wp-content\/uploads\/2023\/11\/Imagem2-1.png\" alt=\"\" class=\"wp-image-495\" style=\"width:840px;height:auto\" srcset=\"https:\/\/jornalofatual.ufsc.br\/wp-content\/uploads\/2023\/11\/Imagem2-1.png 602w, https:\/\/jornalofatual.ufsc.br\/wp-content\/uploads\/2023\/11\/Imagem2-1-300x167.png 300w\" sizes=\"(max-width: 602px) 100vw, 602px\" \/><figcaption class=\"wp-element-caption\">Cerim\u00f4nia de entrega dos recursos aos quatro munic\u00edpios atingidos. <em>Foto: Divulga\u00e7\u00e3o\/Airton Fernandes<\/em><br><\/figcaption><\/figure>\n","protected":false},"excerpt":{"rendered":"<p>Valor ser\u00e1 destinado \u00e0 Defesa Civil dos munic\u00edpios atingidos CAMILA ELOISA O Poder Judici\u00e1rio de Santa Catarina distribuiu R$ 600 mil para os quatro munic\u00edpios que decretaram estado de calamidade p\u00fablica com as enchentes de outubro. O valor, entregue na ter\u00e7a-feira (31), foi dividido em R$150 mil para Tai\u00f3, Rio do Sul, Rio do Oeste [&hellip;]<\/p>\n","protected":false},"author":1,"featured_media":495,"comment_status":"open","ping_status":"open","sticky":false,"template":"","format":"standard","meta":{"footnotes":""},"categories":[115,19,114],"tags":[],"class_list":["post-494","post","type-post","status-publish","format-standard","has-post-thumbnail","hentry","category-meio-ambiente","category-noticias","category-politica"],"yoast_head":"<!-- This site is optimized with the Yoast SEO plugin v22.9 - https:\/\/yoast.com\/wordpress\/plugins\/seo\/ -->\n<title>Cidades em estado de calamidade p\u00fablica de SC v\u00e3o receber apoio de R$ 600 mil - O Fatual<\/title>\n<meta name=\"robots\" content=\"index, follow, max-snippet:-1, max-image-preview:large, max-video-preview:-1\" \/>\n<link rel=\"canonical\" href=\"https:\/\/jornalofatual.ufsc.br\/index.php\/2023\/11\/01\/cidades-em-estado-de-calamidade-publica-de-sc-vao-receber-apoio-de-r-600-mil\/\" \/>\n<meta property=\"og:locale\" content=\"pt_BR\" \/>\n<meta property=\"og:type\" content=\"article\" \/>\n<meta property=\"og:title\" content=\"Cidades em estado de calamidade p\u00fablica de SC v\u00e3o receber apoio de R$ 600 mil - O Fatual\" \/>\n<meta property=\"og:description\" content=\"Valor ser\u00e1 destinado \u00e0 Defesa Civil dos munic\u00edpios atingidos CAMILA ELOISA O Poder Judici\u00e1rio de Santa Catarina distribuiu R$ 600 mil para os quatro munic\u00edpios que decretaram estado de calamidade p\u00fablica com as enchentes de outubro. O valor, entregue na ter\u00e7a-feira (31), foi dividido em R$150 mil para Tai\u00f3, Rio do Sul, Rio do Oeste [&hellip;]\" \/>\n<meta property=\"og:url\" content=\"https:\/\/jornalofatual.ufsc.br\/index.php\/2023\/11\/01\/cidades-em-estado-de-calamidade-publica-de-sc-vao-receber-apoio-de-r-600-mil\/\" \/>\n<meta property=\"og:site_name\" content=\"O Fatual\" \/>\n<meta property=\"article:published_time\" content=\"2023-11-01T13:37:10+00:00\" \/>\n<meta property=\"article:modified_time\" content=\"2024-04-16T19:28:54+00:00\" \/>\n<meta property=\"og:image\" content=\"http:\/\/jornalofatual.ufsc.br\/wp-content\/uploads\/2023\/11\/Imagem2-1.png\" \/>\n\t<meta property=\"og:image:width\" content=\"602\" \/>\n\t<meta property=\"og:image:height\" content=\"335\" \/>\n\t<meta property=\"og:image:type\" content=\"image\/png\" \/>\n<meta name=\"author\" content=\"O Fatual UFSC\" \/>\n<meta name=\"twitter:card\" content=\"summary_large_image\" \/>\n<meta name=\"twitter:label1\" content=\"Escrito por\" \/>\n\t<meta name=\"twitter:data1\" content=\"O Fatual UFSC\" \/>\n\t<meta name=\"twitter:label2\" content=\"Est. tempo de leitura\" \/>\n\t<meta name=\"twitter:data2\" content=\"2 minutos\" \/>\n<script type=\"application\/ld+json\" class=\"yoast-schema-graph\">{\"@context\":\"https:\/\/schema.org\",\"@graph\":[{\"@type\":\"WebPage\",\"@id\":\"https:\/\/jornalofatual.ufsc.br\/index.php\/2023\/11\/01\/cidades-em-estado-de-calamidade-publica-de-sc-vao-receber-apoio-de-r-600-mil\/\",\"url\":\"https:\/\/jornalofatual.ufsc.br\/index.php\/2023\/11\/01\/cidades-em-estado-de-calamidade-publica-de-sc-vao-receber-apoio-de-r-600-mil\/\",\"name\":\"Cidades em estado de calamidade p\u00fablica de SC v\u00e3o receber apoio de R$ 600 mil - O Fatual\",\"isPartOf\":{\"@id\":\"https:\/\/jornalofatual.ufsc.br\/#website\"},\"primaryImageOfPage\":{\"@id\":\"https:\/\/jornalofatual.ufsc.br\/index.php\/2023\/11\/01\/cidades-em-estado-de-calamidade-publica-de-sc-vao-receber-apoio-de-r-600-mil\/#primaryimage\"},\"image\":{\"@id\":\"https:\/\/jornalofatual.ufsc.br\/index.php\/2023\/11\/01\/cidades-em-estado-de-calamidade-publica-de-sc-vao-receber-apoio-de-r-600-mil\/#primaryimage\"},\"thumbnailUrl\":\"https:\/\/jornalofatual.ufsc.br\/wp-content\/uploads\/2023\/11\/Imagem2-1.png\",\"datePublished\":\"2023-11-01T13:37:10+00:00\",\"dateModified\":\"2024-04-16T19:28:54+00:00\",\"author\":{\"@id\":\"https:\/\/jornalofatual.ufsc.br\/#\/schema\/person\/7c4da290bbeac2ab587bf3bd9b2796c5\"},\"breadcrumb\":{\"@id\":\"https:\/\/jornalofatual.ufsc.br\/index.php\/2023\/11\/01\/cidades-em-estado-de-calamidade-publica-de-sc-vao-receber-apoio-de-r-600-mil\/#breadcrumb\"},\"inLanguage\":\"pt-BR\",\"potentialAction\":[{\"@type\":\"ReadAction\",\"target\":[\"https:\/\/jornalofatual.ufsc.br\/index.php\/2023\/11\/01\/cidades-em-estado-de-calamidade-publica-de-sc-vao-receber-apoio-de-r-600-mil\/\"]}]},{\"@type\":\"ImageObject\",\"inLanguage\":\"pt-BR\",\"@id\":\"https:\/\/jornalofatual.ufsc.br\/index.php\/2023\/11\/01\/cidades-em-estado-de-calamidade-publica-de-sc-vao-receber-apoio-de-r-600-mil\/#primaryimage\",\"url\":\"https:\/\/jornalofatual.ufsc.br\/wp-content\/uploads\/2023\/11\/Imagem2-1.png\",\"contentUrl\":\"https:\/\/jornalofatual.ufsc.br\/wp-content\/uploads\/2023\/11\/Imagem2-1.png\",\"width\":602,\"height\":335},{\"@type\":\"BreadcrumbList\",\"@id\":\"https:\/\/jornalofatual.ufsc.br\/index.php\/2023\/11\/01\/cidades-em-estado-de-calamidade-publica-de-sc-vao-receber-apoio-de-r-600-mil\/#breadcrumb\",\"itemListElement\":[{\"@type\":\"ListItem\",\"position\":1,\"name\":\"In\u00edcio\",\"item\":\"https:\/\/jornalofatual.ufsc.br\/\"},{\"@type\":\"ListItem\",\"position\":2,\"name\":\"Cidades em estado de calamidade p\u00fablica de SC v\u00e3o receber apoio de R$ 600 mil\"}]},{\"@type\":\"WebSite\",\"@id\":\"https:\/\/jornalofatual.ufsc.br\/#website\",\"url\":\"https:\/\/jornalofatual.ufsc.br\/\",\"name\":\"O Fatual\",\"description\":\"Jornalismo UFSC\",\"potentialAction\":[{\"@type\":\"SearchAction\",\"target\":{\"@type\":\"EntryPoint\",\"urlTemplate\":\"https:\/\/jornalofatual.ufsc.br\/?s={search_term_string}\"},\"query-input\":\"required name=search_term_string\"}],\"inLanguage\":\"pt-BR\"},{\"@type\":\"Person\",\"@id\":\"https:\/\/jornalofatual.ufsc.br\/#\/schema\/person\/7c4da290bbeac2ab587bf3bd9b2796c5\",\"name\":\"O Fatual UFSC\",\"image\":{\"@type\":\"ImageObject\",\"inLanguage\":\"pt-BR\",\"@id\":\"https:\/\/jornalofatual.ufsc.br\/#\/schema\/person\/image\/\",\"url\":\"https:\/\/secure.gravatar.com\/avatar\/77a2965911ca4aaeddc636b7e775b7bb05b7e4b5d5ad85a27d016b6a781b2b04?s=96&d=mm&r=g\",\"contentUrl\":\"https:\/\/secure.gravatar.com\/avatar\/77a2965911ca4aaeddc636b7e775b7bb05b7e4b5d5ad85a27d016b6a781b2b04?s=96&d=mm&r=g\",\"caption\":\"O Fatual UFSC\"},\"sameAs\":[\"https:\/\/jornalofatual.ufsc.br\",\"https:\/\/www.instagram.com\/jornalofatual\/\"],\"url\":\"https:\/\/jornalofatual.ufsc.br\/index.php\/author\/jornalofactualgmail-com\/\"}]}<\/script>\n<!-- \/ Yoast SEO plugin. -->","yoast_head_json":{"title":"Cidades em estado de calamidade p\u00fablica de SC v\u00e3o receber apoio de R$ 600 mil - O Fatual","robots":{"index":"index","follow":"follow","max-snippet":"max-snippet:-1","max-image-preview":"max-image-preview:large","max-video-preview":"max-video-preview:-1"},"canonical":"https:\/\/jornalofatual.ufsc.br\/index.php\/2023\/11\/01\/cidades-em-estado-de-calamidade-publica-de-sc-vao-receber-apoio-de-r-600-mil\/","og_locale":"pt_BR","og_type":"article","og_title":"Cidades em estado de calamidade p\u00fablica de SC v\u00e3o receber apoio de R$ 600 mil - O Fatual","og_description":"Valor ser\u00e1 destinado \u00e0 Defesa Civil dos munic\u00edpios atingidos CAMILA ELOISA O Poder Judici\u00e1rio de Santa Catarina distribuiu R$ 600 mil para os quatro munic\u00edpios que decretaram estado de calamidade p\u00fablica com as enchentes de outubro. O valor, entregue na ter\u00e7a-feira (31), foi dividido em R$150 mil para Tai\u00f3, Rio do Sul, Rio do Oeste [&hellip;]","og_url":"https:\/\/jornalofatual.ufsc.br\/index.php\/2023\/11\/01\/cidades-em-estado-de-calamidade-publica-de-sc-vao-receber-apoio-de-r-600-mil\/","og_site_name":"O Fatual","article_published_time":"2023-11-01T13:37:10+00:00","article_modified_time":"2024-04-16T19:28:54+00:00","og_image":[{"width":602,"height":335,"url":"http:\/\/jornalofatual.ufsc.br\/wp-content\/uploads\/2023\/11\/Imagem2-1.png","type":"image\/png"}],"author":"O Fatual UFSC","twitter_card":"summary_large_image","twitter_misc":{"Escrito por":"O Fatual UFSC","Est. tempo de leitura":"2 minutos"},"schema":{"@context":"https:\/\/schema.org","@graph":[{"@type":"WebPage","@id":"https:\/\/jornalofatual.ufsc.br\/index.php\/2023\/11\/01\/cidades-em-estado-de-calamidade-publica-de-sc-vao-receber-apoio-de-r-600-mil\/","url":"https:\/\/jornalofatual.ufsc.br\/index.php\/2023\/11\/01\/cidades-em-estado-de-calamidade-publica-de-sc-vao-receber-apoio-de-r-600-mil\/","name":"Cidades em estado de calamidade p\u00fablica de SC v\u00e3o receber apoio de R$ 600 mil - O Fatual","isPartOf":{"@id":"https:\/\/jornalofatual.ufsc.br\/#website"},"primaryImageOfPage":{"@id":"https:\/\/jornalofatual.ufsc.br\/index.php\/2023\/11\/01\/cidades-em-estado-de-calamidade-publica-de-sc-vao-receber-apoio-de-r-600-mil\/#primaryimage"},"image":{"@id":"https:\/\/jornalofatual.ufsc.br\/index.php\/2023\/11\/01\/cidades-em-estado-de-calamidade-publica-de-sc-vao-receber-apoio-de-r-600-mil\/#primaryimage"},"thumbnailUrl":"https:\/\/jornalofatual.ufsc.br\/wp-content\/uploads\/2023\/11\/Imagem2-1.png","datePublished":"2023-11-01T13:37:10+00:00","dateModified":"2024-04-16T19:28:54+00:00","author":{"@id":"https:\/\/jornalofatual.ufsc.br\/#\/schema\/person\/7c4da290bbeac2ab587bf3bd9b2796c5"},"breadcrumb":{"@id":"https:\/\/jornalofatual.ufsc.br\/index.php\/2023\/11\/01\/cidades-em-estado-de-calamidade-publica-de-sc-vao-receber-apoio-de-r-600-mil\/#breadcrumb"},"inLanguage":"pt-BR","potentialAction":[{"@type":"ReadAction","target":["https:\/\/jornalofatual.ufsc.br\/index.php\/2023\/11\/01\/cidades-em-estado-de-calamidade-publica-de-sc-vao-receber-apoio-de-r-600-mil\/"]}]},{"@type":"ImageObject","inLanguage":"pt-BR","@id":"https:\/\/jornalofatual.ufsc.br\/index.php\/2023\/11\/01\/cidades-em-estado-de-calamidade-publica-de-sc-vao-receber-apoio-de-r-600-mil\/#primaryimage","url":"https:\/\/jornalofatual.ufsc.br\/wp-content\/uploads\/2023\/11\/Imagem2-1.png","contentUrl":"https:\/\/jornalofatual.ufsc.br\/wp-content\/uploads\/2023\/11\/Imagem2-1.png","width":602,"height":335},{"@type":"BreadcrumbList","@id":"https:\/\/jornalofatual.ufsc.br\/index.php\/2023\/11\/01\/cidades-em-estado-de-calamidade-publica-de-sc-vao-receber-apoio-de-r-600-mil\/#breadcrumb","itemListElement":[{"@type":"ListItem","position":1,"name":"In\u00edcio","item":"https:\/\/jornalofatual.ufsc.br\/"},{"@type":"ListItem","position":2,"name":"Cidades em estado de calamidade p\u00fablica de SC v\u00e3o receber apoio de R$ 600 mil"}]},{"@type":"WebSite","@id":"https:\/\/jornalofatual.ufsc.br\/#website","url":"https:\/\/jornalofatual.ufsc.br\/","name":"O Fatual","description":"Jornalismo UFSC","potentialAction":[{"@type":"SearchAction","target":{"@type":"EntryPoint","urlTemplate":"https:\/\/jornalofatual.ufsc.br\/?s={search_term_string}"},"query-input":"required name=search_term_string"}],"inLanguage":"pt-BR"},{"@type":"Person","@id":"https:\/\/jornalofatual.ufsc.br\/#\/schema\/person\/7c4da290bbeac2ab587bf3bd9b2796c5","name":"O Fatual UFSC","image":{"@type":"ImageObject","inLanguage":"pt-BR","@id":"https:\/\/jornalofatual.ufsc.br\/#\/schema\/person\/image\/","url":"https:\/\/secure.gravatar.com\/avatar\/77a2965911ca4aaeddc636b7e775b7bb05b7e4b5d5ad85a27d016b6a781b2b04?s=96&d=mm&r=g","contentUrl":"https:\/\/secure.gravatar.com\/avatar\/77a2965911ca4aaeddc636b7e775b7bb05b7e4b5d5ad85a27d016b6a781b2b04?s=96&d=mm&r=g","caption":"O Fatual UFSC"},"sameAs":["https:\/\/jornalofatual.ufsc.br","https:\/\/www.instagram.com\/jornalofatual\/"],"url":"https:\/\/jornalofatual.ufsc.br\/index.php\/author\/jornalofactualgmail-com\/"}]}},"_links":{"self":[{"href":"https:\/\/jornalofatual.ufsc.br\/index.php\/wp-json\/wp\/v2\/posts\/494","targetHints":{"allow":["GET"]}}],"collection":[{"href":"https:\/\/jornalofatual.ufsc.br\/index.php\/wp-json\/wp\/v2\/posts"}],"about":[{"href":"https:\/\/jornalofatual.ufsc.br\/index.php\/wp-json\/wp\/v2\/types\/post"}],"author":[{"embeddable":true,"href":"https:\/\/jornalofatual.ufsc.br\/index.php\/wp-json\/wp\/v2\/users\/1"}],"replies":[{"embeddable":true,"href":"https:\/\/jornalofatual.ufsc.br\/index.php\/wp-json\/wp\/v2\/comments?post=494"}],"version-history":[{"count":3,"href":"https:\/\/jornalofatual.ufsc.br\/index.php\/wp-json\/wp\/v2\/posts\/494\/revisions"}],"predecessor-version":[{"id":1037,"href":"https:\/\/jornalofatual.ufsc.br\/index.php\/wp-json\/wp\/v2\/posts\/494\/revisions\/1037"}],"wp:featuredmedia":[{"embeddable":true,"href":"https:\/\/jornalofatual.ufsc.br\/index.php\/wp-json\/wp\/v2\/media\/495"}],"wp:attachment":[{"href":"https:\/\/jornalofatual.ufsc.br\/index.php\/wp-json\/wp\/v2\/media?parent=494"}],"wp:term":[{"taxonomy":"category","embeddable":true,"href":"https:\/\/jornalofatual.ufsc.br\/index.php\/wp-json\/wp\/v2\/categories?post=494"},{"taxonomy":"post_tag","embeddable":true,"href":"https:\/\/jornalofatual.ufsc.br\/index.php\/wp-json\/wp\/v2\/tags?post=494"}],"curies":[{"name":"wp","href":"https:\/\/api.w.org\/{rel}","templated":true}]}}