{"id":472,"date":"2023-10-26T14:58:12","date_gmt":"2023-10-26T17:58:12","guid":{"rendered":"https:\/\/jornalofatual.ufsc.br\/?p=472"},"modified":"2024-04-15T18:48:28","modified_gmt":"2024-04-15T21:48:28","slug":"mpsc-realiza-debate-sobre-direitos-lgbtqia-e-combate-a-violencia-homotransfobica","status":"publish","type":"post","link":"https:\/\/jornalofatual.ufsc.br\/index.php\/2023\/10\/26\/mpsc-realiza-debate-sobre-direitos-lgbtqia-e-combate-a-violencia-homotransfobica\/","title":{"rendered":"MPSC realiza debate sobre direitos LGBTQIA+ e combate \u00e0 viol\u00eancia homotransf\u00f3bica"},"content":{"rendered":"\n<h4 class=\"wp-block-heading\"><em>Segundo o Minist\u00e9rio P\u00fablico Federal, o Brasil \u00e9 o pa\u00eds que mais mata pessoas LGBTQIA+ h\u00e1 14 anos consecutivos<\/em><\/h4>\n\n\n\n<div style=\"height:32px\" aria-hidden=\"true\" class=\"wp-block-spacer\"><\/div>\n\n\n\n<p class=\"has-text-align-left\"><strong>LUIZA FEPPE<\/strong><\/p>\n\n\n\n<p>Santa Catarina \u00e9 o quarto estado brasileiro com maior \u00edndice de viol\u00eancia contra a popula\u00e7\u00e3o LGBTQIA+ (l\u00e9sbicas, gays, bissexuais, transg\u00eaneros, travestis, intersexuais e assexuais), segundo o Anu\u00e1rio Brasileiro de Seguran\u00e7a P\u00fablica, divulgado em 2021. O Minist\u00e9rio P\u00fablico Federal em Santa Catarina (MPSC) promoveu o evento <em>Direitos LGBTQIA+ e combate \u00e0 viol\u00eancia homotransf\u00f3bica<\/em>, na quarta-feira (25), no audit\u00f3rio do MPSC, em Florian\u00f3polis. O debate tamb\u00e9m foi transmitido online, no Youtube pelo canal Programa Bem Viver.<\/p>\n\n\n\n<p>Um dos pontos abordados no debate foi o levantamento de dados e de mapeamento da popula\u00e7\u00e3o LGBTQIA+ em Santa Catarina para cria\u00e7\u00e3o de pol\u00edticas p\u00fablicas. O procurador do Grupo de Trabalho LGBTQIA+ dos Direitos do Cidad\u00e3o, Lucas Costa Almeida Dias, afirma que o debate \u00e9 oportuno para marcar a posi\u00e7\u00e3o da procuradoria regional, enquanto monitoram o tema para que sejam adotadas medidas contra viol\u00eancia \u00e0 comunidade LGBTQIA+. <\/p>\n\n\n\n<p>\u201cO Censo Demogr\u00e1fico do Instituto Brasileiro de Geografia e Estat\u00edstica [IBGE] n\u00e3o inclui a comunidade LGBTQIA+, que tampouco consta nos dados oficiais sobre a viol\u00eancia praticada em ocorr\u00eancias policiais. Esse mapeamento \u00e9 um come\u00e7o para implementa\u00e7\u00e3o de pol\u00edticas p\u00fablicas\u201d, diz o procurador.<\/p>\n\n\n\n<p>Em 2021, Santa Catarina registrou 62 casos de les\u00e3o corporal dolosa e tr\u00eas estupros contra pessoas que se identificam como LGBTQIA+. Os dados foram divulgados pelo Anu\u00e1rio Brasileiro de Seguran\u00e7a P\u00fablica. Em compara\u00e7\u00e3o com 2020, os n\u00fameros de viol\u00eancia corporal e sexual diminu\u00edram, sendo sete casos a menos.&nbsp;<\/p>\n\n\n\n<p>Em relat\u00f3rio, a Comiss\u00e3o Interamericana de Direitos Humanos (CIDH) alerta que o problema da viol\u00eancia contra comunidade LGBTQIA+ em Florian\u00f3polis \u00e9 agravado, principalmente, pela falta de pol\u00edticas p\u00fablicas. Florian\u00f3polis concentra 80% das mortes e viol\u00eancias contra a popula\u00e7\u00e3o LGBT, de acordo com o Relat\u00f3rio do Observat\u00f3rio de Mortes Violentas de LGBTI+ no Brasil, em 2020, quatro mortes violentas de LGBTQIA+ foram registradas em Florian\u00f3polis.<\/p>\n\n\n\n<p>Lucas \u00e9 o principal procurador atuante na Recomenda\u00e7\u00e3o N\u00b0 6\/2023-MPF\/PRAC\/GABPR5. O documento trata da inclus\u00e3o no Sistema \u00danico de Seguran\u00e7a P\u00fablica de dados relativos \u00e0 viol\u00eancia contra a popula\u00e7\u00e3o LGBTQIA+ nos registros policiais, treinamentos e capacita\u00e7\u00f5es dos agentes ligados \u00e0 seguran\u00e7a p\u00fablica. A recomenda\u00e7\u00e3o tamb\u00e9m prop\u00f5e a considera\u00e7\u00e3o do direito \u00e0 igualdade e \u00e0 prote\u00e7\u00e3o contra a discrimina\u00e7\u00e3o de qualquer esp\u00e9cie, presentes em diversos documentos internacionais.<\/p>\n\n\n\n<p>Cynthia Orengo, uma das organizadoras do evento, diz que a Procuradoria Federal dos Direitos do Cidad\u00e3o (PFDC) disponibiliza um guia de direitos LGBTQIA+, elaborado em parceria com o Minist\u00e9rio P\u00fablico do Cear\u00e1. A cartilha apresenta direitos e legisla\u00e7\u00e3o aplic\u00e1vel, al\u00e9m do mapeamento de centros de combate \u00e0 homofobia em todo o pa\u00eds.<\/p>\n\n\n\n<figure class=\"wp-block-image size-full is-resized\"><img fetchpriority=\"high\" decoding=\"async\" width=\"600\" height=\"341\" src=\"https:\/\/jornalofatual.ufsc.br\/wp-content\/uploads\/2023\/11\/Imagem1-2.png\" alt=\"\" class=\"wp-image-473\" style=\"width:840px;height:auto\" srcset=\"https:\/\/jornalofatual.ufsc.br\/wp-content\/uploads\/2023\/11\/Imagem1-2.png 600w, https:\/\/jornalofatual.ufsc.br\/wp-content\/uploads\/2023\/11\/Imagem1-2-300x171.png 300w\" sizes=\"(max-width: 600px) 100vw, 600px\" \/><figcaption class=\"wp-element-caption\">Transmiss\u00e3o online do debate<em> Direitos LGBTQIA+ e combate \u00e0 viol\u00eancia homotransf\u00f3bica<\/em> promovido pelo MPSC. Foto: Reprodu\u00e7\u00e3o\/Youtube\/Programa Bem Viver<\/figcaption><\/figure>\n","protected":false},"excerpt":{"rendered":"<p>Segundo o Minist\u00e9rio P\u00fablico Federal, o Brasil \u00e9 o pa\u00eds que mais mata pessoas LGBTQIA+ h\u00e1 14 anos consecutivos LUIZA FEPPE Santa Catarina \u00e9 o quarto estado brasileiro com maior \u00edndice de viol\u00eancia contra a popula\u00e7\u00e3o LGBTQIA+ (l\u00e9sbicas, gays, bissexuais, transg\u00eaneros, travestis, intersexuais e assexuais), segundo o Anu\u00e1rio Brasileiro de Seguran\u00e7a P\u00fablica, divulgado em 2021. [&hellip;]<\/p>\n","protected":false},"author":1,"featured_media":473,"comment_status":"open","ping_status":"open","sticky":false,"template":"","format":"standard","meta":{"footnotes":""},"categories":[19,118],"tags":[],"class_list":["post-472","post","type-post","status-publish","format-standard","has-post-thumbnail","hentry","category-noticias","category-seguranca"],"yoast_head":"<!-- This site is optimized with the Yoast SEO plugin v22.9 - https:\/\/yoast.com\/wordpress\/plugins\/seo\/ -->\n<title>MPSC realiza debate sobre direitos LGBTQIA+ e combate \u00e0 viol\u00eancia homotransf\u00f3bica - O Fatual<\/title>\n<meta name=\"robots\" content=\"index, follow, max-snippet:-1, max-image-preview:large, max-video-preview:-1\" \/>\n<link rel=\"canonical\" href=\"https:\/\/jornalofatual.ufsc.br\/index.php\/2023\/10\/26\/mpsc-realiza-debate-sobre-direitos-lgbtqia-e-combate-a-violencia-homotransfobica\/\" \/>\n<meta property=\"og:locale\" content=\"pt_BR\" \/>\n<meta property=\"og:type\" content=\"article\" \/>\n<meta property=\"og:title\" content=\"MPSC realiza debate sobre direitos LGBTQIA+ e combate \u00e0 viol\u00eancia homotransf\u00f3bica - O Fatual\" \/>\n<meta property=\"og:description\" content=\"Segundo o Minist\u00e9rio P\u00fablico Federal, o Brasil \u00e9 o pa\u00eds que mais mata pessoas LGBTQIA+ h\u00e1 14 anos consecutivos LUIZA FEPPE Santa Catarina \u00e9 o quarto estado brasileiro com maior \u00edndice de viol\u00eancia contra a popula\u00e7\u00e3o LGBTQIA+ (l\u00e9sbicas, gays, bissexuais, transg\u00eaneros, travestis, intersexuais e assexuais), segundo o Anu\u00e1rio Brasileiro de Seguran\u00e7a P\u00fablica, divulgado em 2021. [&hellip;]\" \/>\n<meta property=\"og:url\" content=\"https:\/\/jornalofatual.ufsc.br\/index.php\/2023\/10\/26\/mpsc-realiza-debate-sobre-direitos-lgbtqia-e-combate-a-violencia-homotransfobica\/\" \/>\n<meta property=\"og:site_name\" content=\"O Fatual\" \/>\n<meta property=\"article:published_time\" content=\"2023-10-26T17:58:12+00:00\" \/>\n<meta property=\"article:modified_time\" content=\"2024-04-15T21:48:28+00:00\" \/>\n<meta property=\"og:image\" content=\"http:\/\/jornalofatual.ufsc.br\/wp-content\/uploads\/2023\/11\/Imagem1-2.png\" \/>\n\t<meta property=\"og:image:width\" content=\"600\" \/>\n\t<meta property=\"og:image:height\" content=\"341\" \/>\n\t<meta property=\"og:image:type\" content=\"image\/png\" \/>\n<meta name=\"author\" content=\"O Fatual UFSC\" \/>\n<meta name=\"twitter:card\" content=\"summary_large_image\" \/>\n<meta name=\"twitter:label1\" content=\"Escrito por\" \/>\n\t<meta name=\"twitter:data1\" content=\"O Fatual UFSC\" \/>\n\t<meta name=\"twitter:label2\" content=\"Est. tempo de leitura\" \/>\n\t<meta name=\"twitter:data2\" content=\"3 minutos\" \/>\n<script type=\"application\/ld+json\" class=\"yoast-schema-graph\">{\"@context\":\"https:\/\/schema.org\",\"@graph\":[{\"@type\":\"WebPage\",\"@id\":\"https:\/\/jornalofatual.ufsc.br\/index.php\/2023\/10\/26\/mpsc-realiza-debate-sobre-direitos-lgbtqia-e-combate-a-violencia-homotransfobica\/\",\"url\":\"https:\/\/jornalofatual.ufsc.br\/index.php\/2023\/10\/26\/mpsc-realiza-debate-sobre-direitos-lgbtqia-e-combate-a-violencia-homotransfobica\/\",\"name\":\"MPSC realiza debate sobre direitos LGBTQIA+ e combate \u00e0 viol\u00eancia homotransf\u00f3bica - O Fatual\",\"isPartOf\":{\"@id\":\"https:\/\/jornalofatual.ufsc.br\/#website\"},\"primaryImageOfPage\":{\"@id\":\"https:\/\/jornalofatual.ufsc.br\/index.php\/2023\/10\/26\/mpsc-realiza-debate-sobre-direitos-lgbtqia-e-combate-a-violencia-homotransfobica\/#primaryimage\"},\"image\":{\"@id\":\"https:\/\/jornalofatual.ufsc.br\/index.php\/2023\/10\/26\/mpsc-realiza-debate-sobre-direitos-lgbtqia-e-combate-a-violencia-homotransfobica\/#primaryimage\"},\"thumbnailUrl\":\"https:\/\/jornalofatual.ufsc.br\/wp-content\/uploads\/2023\/11\/Imagem1-2.png\",\"datePublished\":\"2023-10-26T17:58:12+00:00\",\"dateModified\":\"2024-04-15T21:48:28+00:00\",\"author\":{\"@id\":\"https:\/\/jornalofatual.ufsc.br\/#\/schema\/person\/7c4da290bbeac2ab587bf3bd9b2796c5\"},\"breadcrumb\":{\"@id\":\"https:\/\/jornalofatual.ufsc.br\/index.php\/2023\/10\/26\/mpsc-realiza-debate-sobre-direitos-lgbtqia-e-combate-a-violencia-homotransfobica\/#breadcrumb\"},\"inLanguage\":\"pt-BR\",\"potentialAction\":[{\"@type\":\"ReadAction\",\"target\":[\"https:\/\/jornalofatual.ufsc.br\/index.php\/2023\/10\/26\/mpsc-realiza-debate-sobre-direitos-lgbtqia-e-combate-a-violencia-homotransfobica\/\"]}]},{\"@type\":\"ImageObject\",\"inLanguage\":\"pt-BR\",\"@id\":\"https:\/\/jornalofatual.ufsc.br\/index.php\/2023\/10\/26\/mpsc-realiza-debate-sobre-direitos-lgbtqia-e-combate-a-violencia-homotransfobica\/#primaryimage\",\"url\":\"https:\/\/jornalofatual.ufsc.br\/wp-content\/uploads\/2023\/11\/Imagem1-2.png\",\"contentUrl\":\"https:\/\/jornalofatual.ufsc.br\/wp-content\/uploads\/2023\/11\/Imagem1-2.png\",\"width\":600,\"height\":341},{\"@type\":\"BreadcrumbList\",\"@id\":\"https:\/\/jornalofatual.ufsc.br\/index.php\/2023\/10\/26\/mpsc-realiza-debate-sobre-direitos-lgbtqia-e-combate-a-violencia-homotransfobica\/#breadcrumb\",\"itemListElement\":[{\"@type\":\"ListItem\",\"position\":1,\"name\":\"In\u00edcio\",\"item\":\"https:\/\/jornalofatual.ufsc.br\/\"},{\"@type\":\"ListItem\",\"position\":2,\"name\":\"MPSC realiza debate sobre direitos LGBTQIA+ e combate \u00e0 viol\u00eancia homotransf\u00f3bica\"}]},{\"@type\":\"WebSite\",\"@id\":\"https:\/\/jornalofatual.ufsc.br\/#website\",\"url\":\"https:\/\/jornalofatual.ufsc.br\/\",\"name\":\"O Fatual\",\"description\":\"Jornalismo UFSC\",\"potentialAction\":[{\"@type\":\"SearchAction\",\"target\":{\"@type\":\"EntryPoint\",\"urlTemplate\":\"https:\/\/jornalofatual.ufsc.br\/?s={search_term_string}\"},\"query-input\":\"required name=search_term_string\"}],\"inLanguage\":\"pt-BR\"},{\"@type\":\"Person\",\"@id\":\"https:\/\/jornalofatual.ufsc.br\/#\/schema\/person\/7c4da290bbeac2ab587bf3bd9b2796c5\",\"name\":\"O Fatual UFSC\",\"image\":{\"@type\":\"ImageObject\",\"inLanguage\":\"pt-BR\",\"@id\":\"https:\/\/jornalofatual.ufsc.br\/#\/schema\/person\/image\/\",\"url\":\"https:\/\/secure.gravatar.com\/avatar\/77a2965911ca4aaeddc636b7e775b7bb05b7e4b5d5ad85a27d016b6a781b2b04?s=96&d=mm&r=g\",\"contentUrl\":\"https:\/\/secure.gravatar.com\/avatar\/77a2965911ca4aaeddc636b7e775b7bb05b7e4b5d5ad85a27d016b6a781b2b04?s=96&d=mm&r=g\",\"caption\":\"O Fatual UFSC\"},\"sameAs\":[\"https:\/\/jornalofatual.ufsc.br\",\"https:\/\/www.instagram.com\/jornalofatual\/\"],\"url\":\"https:\/\/jornalofatual.ufsc.br\/index.php\/author\/jornalofactualgmail-com\/\"}]}<\/script>\n<!-- \/ Yoast SEO plugin. -->","yoast_head_json":{"title":"MPSC realiza debate sobre direitos LGBTQIA+ e combate \u00e0 viol\u00eancia homotransf\u00f3bica - O Fatual","robots":{"index":"index","follow":"follow","max-snippet":"max-snippet:-1","max-image-preview":"max-image-preview:large","max-video-preview":"max-video-preview:-1"},"canonical":"https:\/\/jornalofatual.ufsc.br\/index.php\/2023\/10\/26\/mpsc-realiza-debate-sobre-direitos-lgbtqia-e-combate-a-violencia-homotransfobica\/","og_locale":"pt_BR","og_type":"article","og_title":"MPSC realiza debate sobre direitos LGBTQIA+ e combate \u00e0 viol\u00eancia homotransf\u00f3bica - O Fatual","og_description":"Segundo o Minist\u00e9rio P\u00fablico Federal, o Brasil \u00e9 o pa\u00eds que mais mata pessoas LGBTQIA+ h\u00e1 14 anos consecutivos LUIZA FEPPE Santa Catarina \u00e9 o quarto estado brasileiro com maior \u00edndice de viol\u00eancia contra a popula\u00e7\u00e3o LGBTQIA+ (l\u00e9sbicas, gays, bissexuais, transg\u00eaneros, travestis, intersexuais e assexuais), segundo o Anu\u00e1rio Brasileiro de Seguran\u00e7a P\u00fablica, divulgado em 2021. [&hellip;]","og_url":"https:\/\/jornalofatual.ufsc.br\/index.php\/2023\/10\/26\/mpsc-realiza-debate-sobre-direitos-lgbtqia-e-combate-a-violencia-homotransfobica\/","og_site_name":"O Fatual","article_published_time":"2023-10-26T17:58:12+00:00","article_modified_time":"2024-04-15T21:48:28+00:00","og_image":[{"width":600,"height":341,"url":"http:\/\/jornalofatual.ufsc.br\/wp-content\/uploads\/2023\/11\/Imagem1-2.png","type":"image\/png"}],"author":"O Fatual UFSC","twitter_card":"summary_large_image","twitter_misc":{"Escrito por":"O Fatual UFSC","Est. tempo de leitura":"3 minutos"},"schema":{"@context":"https:\/\/schema.org","@graph":[{"@type":"WebPage","@id":"https:\/\/jornalofatual.ufsc.br\/index.php\/2023\/10\/26\/mpsc-realiza-debate-sobre-direitos-lgbtqia-e-combate-a-violencia-homotransfobica\/","url":"https:\/\/jornalofatual.ufsc.br\/index.php\/2023\/10\/26\/mpsc-realiza-debate-sobre-direitos-lgbtqia-e-combate-a-violencia-homotransfobica\/","name":"MPSC realiza debate sobre direitos LGBTQIA+ e combate \u00e0 viol\u00eancia homotransf\u00f3bica - O Fatual","isPartOf":{"@id":"https:\/\/jornalofatual.ufsc.br\/#website"},"primaryImageOfPage":{"@id":"https:\/\/jornalofatual.ufsc.br\/index.php\/2023\/10\/26\/mpsc-realiza-debate-sobre-direitos-lgbtqia-e-combate-a-violencia-homotransfobica\/#primaryimage"},"image":{"@id":"https:\/\/jornalofatual.ufsc.br\/index.php\/2023\/10\/26\/mpsc-realiza-debate-sobre-direitos-lgbtqia-e-combate-a-violencia-homotransfobica\/#primaryimage"},"thumbnailUrl":"https:\/\/jornalofatual.ufsc.br\/wp-content\/uploads\/2023\/11\/Imagem1-2.png","datePublished":"2023-10-26T17:58:12+00:00","dateModified":"2024-04-15T21:48:28+00:00","author":{"@id":"https:\/\/jornalofatual.ufsc.br\/#\/schema\/person\/7c4da290bbeac2ab587bf3bd9b2796c5"},"breadcrumb":{"@id":"https:\/\/jornalofatual.ufsc.br\/index.php\/2023\/10\/26\/mpsc-realiza-debate-sobre-direitos-lgbtqia-e-combate-a-violencia-homotransfobica\/#breadcrumb"},"inLanguage":"pt-BR","potentialAction":[{"@type":"ReadAction","target":["https:\/\/jornalofatual.ufsc.br\/index.php\/2023\/10\/26\/mpsc-realiza-debate-sobre-direitos-lgbtqia-e-combate-a-violencia-homotransfobica\/"]}]},{"@type":"ImageObject","inLanguage":"pt-BR","@id":"https:\/\/jornalofatual.ufsc.br\/index.php\/2023\/10\/26\/mpsc-realiza-debate-sobre-direitos-lgbtqia-e-combate-a-violencia-homotransfobica\/#primaryimage","url":"https:\/\/jornalofatual.ufsc.br\/wp-content\/uploads\/2023\/11\/Imagem1-2.png","contentUrl":"https:\/\/jornalofatual.ufsc.br\/wp-content\/uploads\/2023\/11\/Imagem1-2.png","width":600,"height":341},{"@type":"BreadcrumbList","@id":"https:\/\/jornalofatual.ufsc.br\/index.php\/2023\/10\/26\/mpsc-realiza-debate-sobre-direitos-lgbtqia-e-combate-a-violencia-homotransfobica\/#breadcrumb","itemListElement":[{"@type":"ListItem","position":1,"name":"In\u00edcio","item":"https:\/\/jornalofatual.ufsc.br\/"},{"@type":"ListItem","position":2,"name":"MPSC realiza debate sobre direitos LGBTQIA+ e combate \u00e0 viol\u00eancia homotransf\u00f3bica"}]},{"@type":"WebSite","@id":"https:\/\/jornalofatual.ufsc.br\/#website","url":"https:\/\/jornalofatual.ufsc.br\/","name":"O Fatual","description":"Jornalismo UFSC","potentialAction":[{"@type":"SearchAction","target":{"@type":"EntryPoint","urlTemplate":"https:\/\/jornalofatual.ufsc.br\/?s={search_term_string}"},"query-input":"required name=search_term_string"}],"inLanguage":"pt-BR"},{"@type":"Person","@id":"https:\/\/jornalofatual.ufsc.br\/#\/schema\/person\/7c4da290bbeac2ab587bf3bd9b2796c5","name":"O Fatual UFSC","image":{"@type":"ImageObject","inLanguage":"pt-BR","@id":"https:\/\/jornalofatual.ufsc.br\/#\/schema\/person\/image\/","url":"https:\/\/secure.gravatar.com\/avatar\/77a2965911ca4aaeddc636b7e775b7bb05b7e4b5d5ad85a27d016b6a781b2b04?s=96&d=mm&r=g","contentUrl":"https:\/\/secure.gravatar.com\/avatar\/77a2965911ca4aaeddc636b7e775b7bb05b7e4b5d5ad85a27d016b6a781b2b04?s=96&d=mm&r=g","caption":"O Fatual UFSC"},"sameAs":["https:\/\/jornalofatual.ufsc.br","https:\/\/www.instagram.com\/jornalofatual\/"],"url":"https:\/\/jornalofatual.ufsc.br\/index.php\/author\/jornalofactualgmail-com\/"}]}},"_links":{"self":[{"href":"https:\/\/jornalofatual.ufsc.br\/index.php\/wp-json\/wp\/v2\/posts\/472","targetHints":{"allow":["GET"]}}],"collection":[{"href":"https:\/\/jornalofatual.ufsc.br\/index.php\/wp-json\/wp\/v2\/posts"}],"about":[{"href":"https:\/\/jornalofatual.ufsc.br\/index.php\/wp-json\/wp\/v2\/types\/post"}],"author":[{"embeddable":true,"href":"https:\/\/jornalofatual.ufsc.br\/index.php\/wp-json\/wp\/v2\/users\/1"}],"replies":[{"embeddable":true,"href":"https:\/\/jornalofatual.ufsc.br\/index.php\/wp-json\/wp\/v2\/comments?post=472"}],"version-history":[{"count":2,"href":"https:\/\/jornalofatual.ufsc.br\/index.php\/wp-json\/wp\/v2\/posts\/472\/revisions"}],"predecessor-version":[{"id":1027,"href":"https:\/\/jornalofatual.ufsc.br\/index.php\/wp-json\/wp\/v2\/posts\/472\/revisions\/1027"}],"wp:featuredmedia":[{"embeddable":true,"href":"https:\/\/jornalofatual.ufsc.br\/index.php\/wp-json\/wp\/v2\/media\/473"}],"wp:attachment":[{"href":"https:\/\/jornalofatual.ufsc.br\/index.php\/wp-json\/wp\/v2\/media?parent=472"}],"wp:term":[{"taxonomy":"category","embeddable":true,"href":"https:\/\/jornalofatual.ufsc.br\/index.php\/wp-json\/wp\/v2\/categories?post=472"},{"taxonomy":"post_tag","embeddable":true,"href":"https:\/\/jornalofatual.ufsc.br\/index.php\/wp-json\/wp\/v2\/tags?post=472"}],"curies":[{"name":"wp","href":"https:\/\/api.w.org\/{rel}","templated":true}]}}