{"id":415,"date":"2023-10-05T12:15:00","date_gmt":"2023-10-05T15:15:00","guid":{"rendered":"https:\/\/jornalofatual.ufsc.br\/?p=415"},"modified":"2024-04-15T16:47:13","modified_gmt":"2024-04-15T19:47:13","slug":"ufsc-lanca-livro-infantil-gratuito-sobre-as-fortalezas-da-ilha-de-santa-catarina","status":"publish","type":"post","link":"https:\/\/jornalofatual.ufsc.br\/index.php\/2023\/10\/05\/ufsc-lanca-livro-infantil-gratuito-sobre-as-fortalezas-da-ilha-de-santa-catarina\/","title":{"rendered":"UFSC lan\u00e7a livro infantil gratuito sobre as fortalezas da Ilha de Santa Catarina"},"content":{"rendered":"\n<h4 class=\"wp-block-heading\"><em>\u201cA Ilha de Santa Catarina e suas culturas\u201d est\u00e1 dispon\u00edvel em formato digital de realidade aumentada<\/em><\/h4>\n\n\n\n<div style=\"height:32px\" aria-hidden=\"true\" class=\"wp-block-spacer\"><\/div>\n\n\n\n<p class=\"has-text-align-left\"><strong>LUIZA FEPPE<\/strong><\/p>\n\n\n\n<p>A Universidade Federal de Santa Catarina (UFSC) lan\u00e7ou, na quarta-feira (4), o livro <em>A Ilha de Santa Catarina e suas culturas<\/em>. A obra \u00e9 o segundo livro infantil realizado pelo projeto <em>Aprender sobre hist\u00f3ria tamb\u00e9m \u00e9 coisa de crian\u00e7a,<\/em> de autoria da pedagoga Dal\u00e2nea Cristina Fl\u00f4r com colabora\u00e7\u00e3o de Luciano Patr\u00edcio Souza de Castro, professor do curso de Design na UFSC. <\/p>\n\n\n\n<p>Com ilustra\u00e7\u00f5es de realidade aumentada, que permite que os leitores acessem conte\u00fados digitais atrav\u00e9s de QR Code, feitas por Sonia Trois, servidora da Secretaria de Educa\u00e7\u00e3o a Dist\u00e2ncia (SEAD). O livro foi publicado em parceria com a Coordenadoria das Fortalezas da Ilha de Santa Catarina da Secretaria de Cultura, Arte e Esportes da UFSC (CFISC\/SeCArtE).<\/p>\n\n\n\n<p>Para Dal\u00e2nea Cristina, autora do livro,\u00a0o objetivo dos livros \u00e9 possibilitar o acesso ao conte\u00fado sobre \u00e0 hist\u00f3ria das fortalezas para maior n\u00famero de crian\u00e7as e incentivar o interesse pela hist\u00f3ria e pela cultura. \u201cA ideia surgiu pensando nas escolas que n\u00e3o conseguem levar os estudantes at\u00e9 a Fortaleza de S\u00e3o Jos\u00e9, onde s\u00e3o realizadas atividades l\u00fadicas, contando a hist\u00f3ria da constru\u00e7\u00e3o, uso, abandono e recupera\u00e7\u00e3o das fortalezas\u201d, acrescenta a autora.\u00a0<\/p>\n\n\n\n<p>O projeto <em>Aprender sobre hist\u00f3ria tamb\u00e9m \u00e9 coisa de crian\u00e7a<\/em> \u00e9 oferecido para estudantes da educa\u00e7\u00e3o infantil e dos primeiros anos do ensino fundamental. Ele tem o intuito de apresentar as culturas na ilha presentes nos s\u00e9culos XVII e XVIII, e a conex\u00e3o entre a contribui\u00e7\u00e3o de toda essa hist\u00f3ria para a constru\u00e7\u00e3o da cultura da Ilha de Santa Catarina e da regi\u00e3o sul do Brasil.<br><br>A publica\u00e7\u00e3o traz a hist\u00f3ria das fortalezas da Ilha de Santa Catarina e est\u00e1 dispon\u00edvel gratuitamente em formato digital no <a href=\"https:\/\/issuu.com\/cfisc-ufsc\/docs\/livro_ii_-_a_ilha_de_santa_catarina_e_suas_cultura\">link<\/a>.<\/p>\n\n\n\n<p>Os livros tamb\u00e9m s\u00e3o produzidos em formato f\u00edsico, com recursos da SeCArtE, e distribu\u00eddos para bibliotecas, escolas, projetos educativos e sociais.<\/p>\n\n\n\n<figure class=\"wp-block-image size-large\"><img fetchpriority=\"high\" decoding=\"async\" width=\"1200\" height=\"1194\" src=\"https:\/\/jornalofatual.ufsc.br\/wp-content\/uploads\/2024\/04\/imagem_2024-04-15_164256078-1200x1194.png\" alt=\"\" class=\"wp-image-942\" srcset=\"https:\/\/jornalofatual.ufsc.br\/wp-content\/uploads\/2024\/04\/imagem_2024-04-15_164256078-1200x1194.png 1200w, https:\/\/jornalofatual.ufsc.br\/wp-content\/uploads\/2024\/04\/imagem_2024-04-15_164256078-300x298.png 300w, https:\/\/jornalofatual.ufsc.br\/wp-content\/uploads\/2024\/04\/imagem_2024-04-15_164256078-150x150.png 150w, https:\/\/jornalofatual.ufsc.br\/wp-content\/uploads\/2024\/04\/imagem_2024-04-15_164256078-768x764.png 768w, https:\/\/jornalofatual.ufsc.br\/wp-content\/uploads\/2024\/04\/imagem_2024-04-15_164256078-1536x1528.png 1536w, https:\/\/jornalofatual.ufsc.br\/wp-content\/uploads\/2024\/04\/imagem_2024-04-15_164256078-2048x2037.png 2048w\" sizes=\"(max-width: 1200px) 100vw, 1200px\" \/><figcaption class=\"wp-element-caption\">Capa do livro <em>A Ilha de Santa Catarina e suas culturas<\/em>. <em>Foto: Reprodu\u00e7\u00e3o\/Coordenadoria das Fortalezas da Ilha de SC\u00a0<\/em><\/figcaption><\/figure>\n","protected":false},"excerpt":{"rendered":"<p>\u201cA Ilha de Santa Catarina e suas culturas\u201d est\u00e1 dispon\u00edvel em formato digital de realidade aumentada LUIZA FEPPE A Universidade Federal de Santa Catarina (UFSC) lan\u00e7ou, na quarta-feira (4), o livro A Ilha de Santa Catarina e suas culturas. A obra \u00e9 o segundo livro infantil realizado pelo projeto Aprender sobre hist\u00f3ria tamb\u00e9m \u00e9 coisa [&hellip;]<\/p>\n","protected":false},"author":1,"featured_media":942,"comment_status":"open","ping_status":"open","sticky":false,"template":"","format":"standard","meta":{"footnotes":""},"categories":[111,19,22],"tags":[],"class_list":["post-415","post","type-post","status-publish","format-standard","has-post-thumbnail","hentry","category-cultura","category-noticias","category-ufsc"],"yoast_head":"<!-- This site is optimized with the Yoast SEO plugin v22.9 - https:\/\/yoast.com\/wordpress\/plugins\/seo\/ -->\n<title>UFSC lan\u00e7a livro infantil gratuito sobre as fortalezas da Ilha de Santa Catarina - O Fatual<\/title>\n<meta name=\"robots\" content=\"index, follow, max-snippet:-1, max-image-preview:large, max-video-preview:-1\" \/>\n<link rel=\"canonical\" href=\"https:\/\/jornalofatual.ufsc.br\/index.php\/2023\/10\/05\/ufsc-lanca-livro-infantil-gratuito-sobre-as-fortalezas-da-ilha-de-santa-catarina\/\" \/>\n<meta property=\"og:locale\" content=\"pt_BR\" \/>\n<meta property=\"og:type\" content=\"article\" \/>\n<meta property=\"og:title\" content=\"UFSC lan\u00e7a livro infantil gratuito sobre as fortalezas da Ilha de Santa Catarina - O Fatual\" \/>\n<meta property=\"og:description\" content=\"\u201cA Ilha de Santa Catarina e suas culturas\u201d est\u00e1 dispon\u00edvel em formato digital de realidade aumentada LUIZA FEPPE A Universidade Federal de Santa Catarina (UFSC) lan\u00e7ou, na quarta-feira (4), o livro A Ilha de Santa Catarina e suas culturas. A obra \u00e9 o segundo livro infantil realizado pelo projeto Aprender sobre hist\u00f3ria tamb\u00e9m \u00e9 coisa [&hellip;]\" \/>\n<meta property=\"og:url\" content=\"https:\/\/jornalofatual.ufsc.br\/index.php\/2023\/10\/05\/ufsc-lanca-livro-infantil-gratuito-sobre-as-fortalezas-da-ilha-de-santa-catarina\/\" \/>\n<meta property=\"og:site_name\" content=\"O Fatual\" \/>\n<meta property=\"article:published_time\" content=\"2023-10-05T15:15:00+00:00\" \/>\n<meta property=\"article:modified_time\" content=\"2024-04-15T19:47:13+00:00\" \/>\n<meta property=\"og:image\" content=\"http:\/\/jornalofatual.ufsc.br\/wp-content\/uploads\/2024\/04\/imagem_2024-04-15_164256078-1200x1194.png\" \/>\n\t<meta property=\"og:image:width\" content=\"1200\" \/>\n\t<meta property=\"og:image:height\" content=\"1194\" \/>\n\t<meta property=\"og:image:type\" content=\"image\/png\" \/>\n<meta name=\"author\" content=\"O Fatual UFSC\" \/>\n<meta name=\"twitter:card\" content=\"summary_large_image\" \/>\n<meta name=\"twitter:label1\" content=\"Escrito por\" \/>\n\t<meta name=\"twitter:data1\" content=\"O Fatual UFSC\" \/>\n\t<meta name=\"twitter:label2\" content=\"Est. tempo de leitura\" \/>\n\t<meta name=\"twitter:data2\" content=\"3 minutos\" \/>\n<script type=\"application\/ld+json\" class=\"yoast-schema-graph\">{\"@context\":\"https:\/\/schema.org\",\"@graph\":[{\"@type\":\"WebPage\",\"@id\":\"https:\/\/jornalofatual.ufsc.br\/index.php\/2023\/10\/05\/ufsc-lanca-livro-infantil-gratuito-sobre-as-fortalezas-da-ilha-de-santa-catarina\/\",\"url\":\"https:\/\/jornalofatual.ufsc.br\/index.php\/2023\/10\/05\/ufsc-lanca-livro-infantil-gratuito-sobre-as-fortalezas-da-ilha-de-santa-catarina\/\",\"name\":\"UFSC lan\u00e7a livro infantil gratuito sobre as fortalezas da Ilha de Santa Catarina - O Fatual\",\"isPartOf\":{\"@id\":\"https:\/\/jornalofatual.ufsc.br\/#website\"},\"primaryImageOfPage\":{\"@id\":\"https:\/\/jornalofatual.ufsc.br\/index.php\/2023\/10\/05\/ufsc-lanca-livro-infantil-gratuito-sobre-as-fortalezas-da-ilha-de-santa-catarina\/#primaryimage\"},\"image\":{\"@id\":\"https:\/\/jornalofatual.ufsc.br\/index.php\/2023\/10\/05\/ufsc-lanca-livro-infantil-gratuito-sobre-as-fortalezas-da-ilha-de-santa-catarina\/#primaryimage\"},\"thumbnailUrl\":\"https:\/\/jornalofatual.ufsc.br\/wp-content\/uploads\/2024\/04\/imagem_2024-04-15_164256078.png\",\"datePublished\":\"2023-10-05T15:15:00+00:00\",\"dateModified\":\"2024-04-15T19:47:13+00:00\",\"author\":{\"@id\":\"https:\/\/jornalofatual.ufsc.br\/#\/schema\/person\/7c4da290bbeac2ab587bf3bd9b2796c5\"},\"breadcrumb\":{\"@id\":\"https:\/\/jornalofatual.ufsc.br\/index.php\/2023\/10\/05\/ufsc-lanca-livro-infantil-gratuito-sobre-as-fortalezas-da-ilha-de-santa-catarina\/#breadcrumb\"},\"inLanguage\":\"pt-BR\",\"potentialAction\":[{\"@type\":\"ReadAction\",\"target\":[\"https:\/\/jornalofatual.ufsc.br\/index.php\/2023\/10\/05\/ufsc-lanca-livro-infantil-gratuito-sobre-as-fortalezas-da-ilha-de-santa-catarina\/\"]}]},{\"@type\":\"ImageObject\",\"inLanguage\":\"pt-BR\",\"@id\":\"https:\/\/jornalofatual.ufsc.br\/index.php\/2023\/10\/05\/ufsc-lanca-livro-infantil-gratuito-sobre-as-fortalezas-da-ilha-de-santa-catarina\/#primaryimage\",\"url\":\"https:\/\/jornalofatual.ufsc.br\/wp-content\/uploads\/2024\/04\/imagem_2024-04-15_164256078.png\",\"contentUrl\":\"https:\/\/jornalofatual.ufsc.br\/wp-content\/uploads\/2024\/04\/imagem_2024-04-15_164256078.png\",\"width\":2997,\"height\":2981},{\"@type\":\"BreadcrumbList\",\"@id\":\"https:\/\/jornalofatual.ufsc.br\/index.php\/2023\/10\/05\/ufsc-lanca-livro-infantil-gratuito-sobre-as-fortalezas-da-ilha-de-santa-catarina\/#breadcrumb\",\"itemListElement\":[{\"@type\":\"ListItem\",\"position\":1,\"name\":\"In\u00edcio\",\"item\":\"https:\/\/jornalofatual.ufsc.br\/\"},{\"@type\":\"ListItem\",\"position\":2,\"name\":\"UFSC lan\u00e7a livro infantil gratuito sobre as fortalezas da Ilha de Santa Catarina\"}]},{\"@type\":\"WebSite\",\"@id\":\"https:\/\/jornalofatual.ufsc.br\/#website\",\"url\":\"https:\/\/jornalofatual.ufsc.br\/\",\"name\":\"O Fatual\",\"description\":\"Jornalismo UFSC\",\"potentialAction\":[{\"@type\":\"SearchAction\",\"target\":{\"@type\":\"EntryPoint\",\"urlTemplate\":\"https:\/\/jornalofatual.ufsc.br\/?s={search_term_string}\"},\"query-input\":\"required name=search_term_string\"}],\"inLanguage\":\"pt-BR\"},{\"@type\":\"Person\",\"@id\":\"https:\/\/jornalofatual.ufsc.br\/#\/schema\/person\/7c4da290bbeac2ab587bf3bd9b2796c5\",\"name\":\"O Fatual UFSC\",\"image\":{\"@type\":\"ImageObject\",\"inLanguage\":\"pt-BR\",\"@id\":\"https:\/\/jornalofatual.ufsc.br\/#\/schema\/person\/image\/\",\"url\":\"https:\/\/secure.gravatar.com\/avatar\/77a2965911ca4aaeddc636b7e775b7bb05b7e4b5d5ad85a27d016b6a781b2b04?s=96&d=mm&r=g\",\"contentUrl\":\"https:\/\/secure.gravatar.com\/avatar\/77a2965911ca4aaeddc636b7e775b7bb05b7e4b5d5ad85a27d016b6a781b2b04?s=96&d=mm&r=g\",\"caption\":\"O Fatual UFSC\"},\"sameAs\":[\"https:\/\/jornalofatual.ufsc.br\",\"https:\/\/www.instagram.com\/jornalofatual\/\"],\"url\":\"https:\/\/jornalofatual.ufsc.br\/index.php\/author\/jornalofactualgmail-com\/\"}]}<\/script>\n<!-- \/ Yoast SEO plugin. -->","yoast_head_json":{"title":"UFSC lan\u00e7a livro infantil gratuito sobre as fortalezas da Ilha de Santa Catarina - O Fatual","robots":{"index":"index","follow":"follow","max-snippet":"max-snippet:-1","max-image-preview":"max-image-preview:large","max-video-preview":"max-video-preview:-1"},"canonical":"https:\/\/jornalofatual.ufsc.br\/index.php\/2023\/10\/05\/ufsc-lanca-livro-infantil-gratuito-sobre-as-fortalezas-da-ilha-de-santa-catarina\/","og_locale":"pt_BR","og_type":"article","og_title":"UFSC lan\u00e7a livro infantil gratuito sobre as fortalezas da Ilha de Santa Catarina - O Fatual","og_description":"\u201cA Ilha de Santa Catarina e suas culturas\u201d est\u00e1 dispon\u00edvel em formato digital de realidade aumentada LUIZA FEPPE A Universidade Federal de Santa Catarina (UFSC) lan\u00e7ou, na quarta-feira (4), o livro A Ilha de Santa Catarina e suas culturas. A obra \u00e9 o segundo livro infantil realizado pelo projeto Aprender sobre hist\u00f3ria tamb\u00e9m \u00e9 coisa [&hellip;]","og_url":"https:\/\/jornalofatual.ufsc.br\/index.php\/2023\/10\/05\/ufsc-lanca-livro-infantil-gratuito-sobre-as-fortalezas-da-ilha-de-santa-catarina\/","og_site_name":"O Fatual","article_published_time":"2023-10-05T15:15:00+00:00","article_modified_time":"2024-04-15T19:47:13+00:00","og_image":[{"width":1200,"height":1194,"url":"http:\/\/jornalofatual.ufsc.br\/wp-content\/uploads\/2024\/04\/imagem_2024-04-15_164256078-1200x1194.png","type":"image\/png"}],"author":"O Fatual UFSC","twitter_card":"summary_large_image","twitter_misc":{"Escrito por":"O Fatual UFSC","Est. tempo de leitura":"3 minutos"},"schema":{"@context":"https:\/\/schema.org","@graph":[{"@type":"WebPage","@id":"https:\/\/jornalofatual.ufsc.br\/index.php\/2023\/10\/05\/ufsc-lanca-livro-infantil-gratuito-sobre-as-fortalezas-da-ilha-de-santa-catarina\/","url":"https:\/\/jornalofatual.ufsc.br\/index.php\/2023\/10\/05\/ufsc-lanca-livro-infantil-gratuito-sobre-as-fortalezas-da-ilha-de-santa-catarina\/","name":"UFSC lan\u00e7a livro infantil gratuito sobre as fortalezas da Ilha de Santa Catarina - O Fatual","isPartOf":{"@id":"https:\/\/jornalofatual.ufsc.br\/#website"},"primaryImageOfPage":{"@id":"https:\/\/jornalofatual.ufsc.br\/index.php\/2023\/10\/05\/ufsc-lanca-livro-infantil-gratuito-sobre-as-fortalezas-da-ilha-de-santa-catarina\/#primaryimage"},"image":{"@id":"https:\/\/jornalofatual.ufsc.br\/index.php\/2023\/10\/05\/ufsc-lanca-livro-infantil-gratuito-sobre-as-fortalezas-da-ilha-de-santa-catarina\/#primaryimage"},"thumbnailUrl":"https:\/\/jornalofatual.ufsc.br\/wp-content\/uploads\/2024\/04\/imagem_2024-04-15_164256078.png","datePublished":"2023-10-05T15:15:00+00:00","dateModified":"2024-04-15T19:47:13+00:00","author":{"@id":"https:\/\/jornalofatual.ufsc.br\/#\/schema\/person\/7c4da290bbeac2ab587bf3bd9b2796c5"},"breadcrumb":{"@id":"https:\/\/jornalofatual.ufsc.br\/index.php\/2023\/10\/05\/ufsc-lanca-livro-infantil-gratuito-sobre-as-fortalezas-da-ilha-de-santa-catarina\/#breadcrumb"},"inLanguage":"pt-BR","potentialAction":[{"@type":"ReadAction","target":["https:\/\/jornalofatual.ufsc.br\/index.php\/2023\/10\/05\/ufsc-lanca-livro-infantil-gratuito-sobre-as-fortalezas-da-ilha-de-santa-catarina\/"]}]},{"@type":"ImageObject","inLanguage":"pt-BR","@id":"https:\/\/jornalofatual.ufsc.br\/index.php\/2023\/10\/05\/ufsc-lanca-livro-infantil-gratuito-sobre-as-fortalezas-da-ilha-de-santa-catarina\/#primaryimage","url":"https:\/\/jornalofatual.ufsc.br\/wp-content\/uploads\/2024\/04\/imagem_2024-04-15_164256078.png","contentUrl":"https:\/\/jornalofatual.ufsc.br\/wp-content\/uploads\/2024\/04\/imagem_2024-04-15_164256078.png","width":2997,"height":2981},{"@type":"BreadcrumbList","@id":"https:\/\/jornalofatual.ufsc.br\/index.php\/2023\/10\/05\/ufsc-lanca-livro-infantil-gratuito-sobre-as-fortalezas-da-ilha-de-santa-catarina\/#breadcrumb","itemListElement":[{"@type":"ListItem","position":1,"name":"In\u00edcio","item":"https:\/\/jornalofatual.ufsc.br\/"},{"@type":"ListItem","position":2,"name":"UFSC lan\u00e7a livro infantil gratuito sobre as fortalezas da Ilha de Santa Catarina"}]},{"@type":"WebSite","@id":"https:\/\/jornalofatual.ufsc.br\/#website","url":"https:\/\/jornalofatual.ufsc.br\/","name":"O Fatual","description":"Jornalismo UFSC","potentialAction":[{"@type":"SearchAction","target":{"@type":"EntryPoint","urlTemplate":"https:\/\/jornalofatual.ufsc.br\/?s={search_term_string}"},"query-input":"required name=search_term_string"}],"inLanguage":"pt-BR"},{"@type":"Person","@id":"https:\/\/jornalofatual.ufsc.br\/#\/schema\/person\/7c4da290bbeac2ab587bf3bd9b2796c5","name":"O Fatual UFSC","image":{"@type":"ImageObject","inLanguage":"pt-BR","@id":"https:\/\/jornalofatual.ufsc.br\/#\/schema\/person\/image\/","url":"https:\/\/secure.gravatar.com\/avatar\/77a2965911ca4aaeddc636b7e775b7bb05b7e4b5d5ad85a27d016b6a781b2b04?s=96&d=mm&r=g","contentUrl":"https:\/\/secure.gravatar.com\/avatar\/77a2965911ca4aaeddc636b7e775b7bb05b7e4b5d5ad85a27d016b6a781b2b04?s=96&d=mm&r=g","caption":"O Fatual UFSC"},"sameAs":["https:\/\/jornalofatual.ufsc.br","https:\/\/www.instagram.com\/jornalofatual\/"],"url":"https:\/\/jornalofatual.ufsc.br\/index.php\/author\/jornalofactualgmail-com\/"}]}},"_links":{"self":[{"href":"https:\/\/jornalofatual.ufsc.br\/index.php\/wp-json\/wp\/v2\/posts\/415","targetHints":{"allow":["GET"]}}],"collection":[{"href":"https:\/\/jornalofatual.ufsc.br\/index.php\/wp-json\/wp\/v2\/posts"}],"about":[{"href":"https:\/\/jornalofatual.ufsc.br\/index.php\/wp-json\/wp\/v2\/types\/post"}],"author":[{"embeddable":true,"href":"https:\/\/jornalofatual.ufsc.br\/index.php\/wp-json\/wp\/v2\/users\/1"}],"replies":[{"embeddable":true,"href":"https:\/\/jornalofatual.ufsc.br\/index.php\/wp-json\/wp\/v2\/comments?post=415"}],"version-history":[{"count":3,"href":"https:\/\/jornalofatual.ufsc.br\/index.php\/wp-json\/wp\/v2\/posts\/415\/revisions"}],"predecessor-version":[{"id":943,"href":"https:\/\/jornalofatual.ufsc.br\/index.php\/wp-json\/wp\/v2\/posts\/415\/revisions\/943"}],"wp:featuredmedia":[{"embeddable":true,"href":"https:\/\/jornalofatual.ufsc.br\/index.php\/wp-json\/wp\/v2\/media\/942"}],"wp:attachment":[{"href":"https:\/\/jornalofatual.ufsc.br\/index.php\/wp-json\/wp\/v2\/media?parent=415"}],"wp:term":[{"taxonomy":"category","embeddable":true,"href":"https:\/\/jornalofatual.ufsc.br\/index.php\/wp-json\/wp\/v2\/categories?post=415"},{"taxonomy":"post_tag","embeddable":true,"href":"https:\/\/jornalofatual.ufsc.br\/index.php\/wp-json\/wp\/v2\/tags?post=415"}],"curies":[{"name":"wp","href":"https:\/\/api.w.org\/{rel}","templated":true}]}}