{"id":353,"date":"2023-09-27T12:24:20","date_gmt":"2023-09-27T15:24:20","guid":{"rendered":"https:\/\/jornalofatual.ufsc.br\/?p=353"},"modified":"2024-04-15T18:29:54","modified_gmt":"2024-04-15T21:29:54","slug":"vacinacao-bivalente-contra-covid-19-e-ampliada-em-florianopolis-devido-ao-surgimento-de-nova-variante","status":"publish","type":"post","link":"https:\/\/jornalofatual.ufsc.br\/index.php\/2023\/09\/27\/vacinacao-bivalente-contra-covid-19-e-ampliada-em-florianopolis-devido-ao-surgimento-de-nova-variante\/","title":{"rendered":"Vacina\u00e7\u00e3o bivalente contra Covid-19 \u00e9 ampliada em Florian\u00f3polis devido ao surgimento de nova variante"},"content":{"rendered":"\n<h4 class=\"wp-block-heading has-text-align-left\"><em>Testes positivos aumentam em mais de 25% no munic\u00edpio<\/em><\/h4>\n\n\n\n<div style=\"height:32px\" aria-hidden=\"true\" class=\"wp-block-spacer\"><\/div>\n\n\n\n<p class=\"has-text-align-left\"><strong>\u00c9RICA ZUCCHI<\/strong><\/p>\n\n\n\n<p>A Prefeitura de Florian\u00f3polis ampliou na ter\u00e7a-feira (26) o refor\u00e7o da vacina bivalente contra Covid-19 para pessoas com 12 anos ou mais, devido ao surgimento de uma nova variante do v\u00edrus e da cobertura vacinal abaixo do \u00edndice recomendado de 90%.&nbsp;&nbsp;<\/p>\n\n\n\n<p>Os testes positivos para coronav\u00edrus aumentaram em mais de 25% com a nova subvariante E.G.5. A Secretaria Municipal de Sa\u00fade declarou, em nota ao <em>Fatual<\/em>, que com as coberturas vacinais abaixo da meta, h\u00e1 maior tend\u00eancia do aparecimento de novas cepas e risco elevado de surtos, hospitaliza\u00e7\u00f5es e mortes.\u00a0<\/p>\n\n\n\n<p>O refor\u00e7o bivalente oferece imuniza\u00e7\u00e3o para a cepa original e variantes. A presidente da Comiss\u00e3o de Monitoramento Epidemiol\u00f3gico da Universidade Federal de Santa Catarina (UFSC), Alexandra Boing, afirma que a pandemia n\u00e3o acabou e que \u00e9 necess\u00e1rio continuar com os cuidados. \u201cO refor\u00e7o ajuda a recompor a mem\u00f3ria imunol\u00f3gica que o organismo perde com o passar do tempo.\u201d<\/p>\n\n\n\n<p>Pessoas acima de 12 anos que tenham tomado ao menos duas doses do imunizante no esquema prim\u00e1rio s\u00e3o orientadas a aplicar o refor\u00e7o bivalente. A vacina\u00e7\u00e3o pode ser feita nos Centros de Sa\u00fade do munic\u00edpio, no Imuniza Floripa, que fica na Policl\u00ednica da Mulher e da Crian\u00e7a, ou na Van da Vacina\u00e7\u00e3o. Para mais informa\u00e7\u00f5es acesse <a href=\"https:\/\/www.pmf.sc.gov.br\/\">https:\/\/www.pmf.sc.gov.br\/<\/a>.&nbsp;<\/p>\n","protected":false},"excerpt":{"rendered":"<p>Testes positivos aumentam em mais de 25% no munic\u00edpio \u00c9RICA ZUCCHI A Prefeitura de Florian\u00f3polis ampliou na ter\u00e7a-feira (26) o refor\u00e7o da vacina bivalente contra Covid-19 para pessoas com 12 anos ou mais, devido ao surgimento de uma nova variante do v\u00edrus e da cobertura vacinal abaixo do \u00edndice recomendado de 90%.&nbsp;&nbsp; Os testes positivos [&hellip;]<\/p>\n","protected":false},"author":1,"featured_media":1009,"comment_status":"open","ping_status":"open","sticky":false,"template":"","format":"standard","meta":{"footnotes":""},"categories":[19,113],"tags":[],"class_list":["post-353","post","type-post","status-publish","format-standard","has-post-thumbnail","hentry","category-noticias","category-saude"],"yoast_head":"<!-- This site is optimized with the Yoast SEO plugin v22.9 - https:\/\/yoast.com\/wordpress\/plugins\/seo\/ -->\n<title>Vacina\u00e7\u00e3o bivalente contra Covid-19 \u00e9 ampliada em Florian\u00f3polis devido ao surgimento de nova variante - O Fatual<\/title>\n<meta name=\"robots\" content=\"index, follow, max-snippet:-1, max-image-preview:large, max-video-preview:-1\" \/>\n<link rel=\"canonical\" href=\"https:\/\/jornalofatual.ufsc.br\/index.php\/2023\/09\/27\/vacinacao-bivalente-contra-covid-19-e-ampliada-em-florianopolis-devido-ao-surgimento-de-nova-variante\/\" \/>\n<meta property=\"og:locale\" content=\"pt_BR\" \/>\n<meta property=\"og:type\" content=\"article\" \/>\n<meta property=\"og:title\" content=\"Vacina\u00e7\u00e3o bivalente contra Covid-19 \u00e9 ampliada em Florian\u00f3polis devido ao surgimento de nova variante - O Fatual\" \/>\n<meta property=\"og:description\" content=\"Testes positivos aumentam em mais de 25% no munic\u00edpio \u00c9RICA ZUCCHI A Prefeitura de Florian\u00f3polis ampliou na ter\u00e7a-feira (26) o refor\u00e7o da vacina bivalente contra Covid-19 para pessoas com 12 anos ou mais, devido ao surgimento de uma nova variante do v\u00edrus e da cobertura vacinal abaixo do \u00edndice recomendado de 90%.&nbsp;&nbsp; Os testes positivos [&hellip;]\" \/>\n<meta property=\"og:url\" content=\"https:\/\/jornalofatual.ufsc.br\/index.php\/2023\/09\/27\/vacinacao-bivalente-contra-covid-19-e-ampliada-em-florianopolis-devido-ao-surgimento-de-nova-variante\/\" \/>\n<meta property=\"og:site_name\" content=\"O Fatual\" \/>\n<meta property=\"article:published_time\" content=\"2023-09-27T15:24:20+00:00\" \/>\n<meta property=\"article:modified_time\" content=\"2024-04-15T21:29:54+00:00\" \/>\n<meta property=\"og:image\" content=\"http:\/\/jornalofatual.ufsc.br\/wp-content\/uploads\/2023\/09\/mufid-majnun-cM1aU42FnRg-unsplash-scaled.jpg\" \/>\n\t<meta property=\"og:image:width\" content=\"2560\" \/>\n\t<meta property=\"og:image:height\" content=\"1707\" \/>\n\t<meta property=\"og:image:type\" content=\"image\/jpeg\" \/>\n<meta name=\"author\" content=\"O Fatual UFSC\" \/>\n<meta name=\"twitter:card\" content=\"summary_large_image\" \/>\n<meta name=\"twitter:label1\" content=\"Escrito por\" \/>\n\t<meta name=\"twitter:data1\" content=\"O Fatual UFSC\" \/>\n\t<meta name=\"twitter:label2\" content=\"Est. tempo de leitura\" \/>\n\t<meta name=\"twitter:data2\" content=\"2 minutos\" \/>\n<script type=\"application\/ld+json\" class=\"yoast-schema-graph\">{\"@context\":\"https:\/\/schema.org\",\"@graph\":[{\"@type\":\"WebPage\",\"@id\":\"https:\/\/jornalofatual.ufsc.br\/index.php\/2023\/09\/27\/vacinacao-bivalente-contra-covid-19-e-ampliada-em-florianopolis-devido-ao-surgimento-de-nova-variante\/\",\"url\":\"https:\/\/jornalofatual.ufsc.br\/index.php\/2023\/09\/27\/vacinacao-bivalente-contra-covid-19-e-ampliada-em-florianopolis-devido-ao-surgimento-de-nova-variante\/\",\"name\":\"Vacina\u00e7\u00e3o bivalente contra Covid-19 \u00e9 ampliada em Florian\u00f3polis devido ao surgimento de nova variante - O Fatual\",\"isPartOf\":{\"@id\":\"https:\/\/jornalofatual.ufsc.br\/#website\"},\"primaryImageOfPage\":{\"@id\":\"https:\/\/jornalofatual.ufsc.br\/index.php\/2023\/09\/27\/vacinacao-bivalente-contra-covid-19-e-ampliada-em-florianopolis-devido-ao-surgimento-de-nova-variante\/#primaryimage\"},\"image\":{\"@id\":\"https:\/\/jornalofatual.ufsc.br\/index.php\/2023\/09\/27\/vacinacao-bivalente-contra-covid-19-e-ampliada-em-florianopolis-devido-ao-surgimento-de-nova-variante\/#primaryimage\"},\"thumbnailUrl\":\"https:\/\/jornalofatual.ufsc.br\/wp-content\/uploads\/2023\/09\/mufid-majnun-cM1aU42FnRg-unsplash-scaled.jpg\",\"datePublished\":\"2023-09-27T15:24:20+00:00\",\"dateModified\":\"2024-04-15T21:29:54+00:00\",\"author\":{\"@id\":\"https:\/\/jornalofatual.ufsc.br\/#\/schema\/person\/7c4da290bbeac2ab587bf3bd9b2796c5\"},\"breadcrumb\":{\"@id\":\"https:\/\/jornalofatual.ufsc.br\/index.php\/2023\/09\/27\/vacinacao-bivalente-contra-covid-19-e-ampliada-em-florianopolis-devido-ao-surgimento-de-nova-variante\/#breadcrumb\"},\"inLanguage\":\"pt-BR\",\"potentialAction\":[{\"@type\":\"ReadAction\",\"target\":[\"https:\/\/jornalofatual.ufsc.br\/index.php\/2023\/09\/27\/vacinacao-bivalente-contra-covid-19-e-ampliada-em-florianopolis-devido-ao-surgimento-de-nova-variante\/\"]}]},{\"@type\":\"ImageObject\",\"inLanguage\":\"pt-BR\",\"@id\":\"https:\/\/jornalofatual.ufsc.br\/index.php\/2023\/09\/27\/vacinacao-bivalente-contra-covid-19-e-ampliada-em-florianopolis-devido-ao-surgimento-de-nova-variante\/#primaryimage\",\"url\":\"https:\/\/jornalofatual.ufsc.br\/wp-content\/uploads\/2023\/09\/mufid-majnun-cM1aU42FnRg-unsplash-scaled.jpg\",\"contentUrl\":\"https:\/\/jornalofatual.ufsc.br\/wp-content\/uploads\/2023\/09\/mufid-majnun-cM1aU42FnRg-unsplash-scaled.jpg\",\"width\":2560,\"height\":1707},{\"@type\":\"BreadcrumbList\",\"@id\":\"https:\/\/jornalofatual.ufsc.br\/index.php\/2023\/09\/27\/vacinacao-bivalente-contra-covid-19-e-ampliada-em-florianopolis-devido-ao-surgimento-de-nova-variante\/#breadcrumb\",\"itemListElement\":[{\"@type\":\"ListItem\",\"position\":1,\"name\":\"In\u00edcio\",\"item\":\"https:\/\/jornalofatual.ufsc.br\/\"},{\"@type\":\"ListItem\",\"position\":2,\"name\":\"Vacina\u00e7\u00e3o bivalente contra Covid-19 \u00e9 ampliada em Florian\u00f3polis devido ao surgimento de nova variante\"}]},{\"@type\":\"WebSite\",\"@id\":\"https:\/\/jornalofatual.ufsc.br\/#website\",\"url\":\"https:\/\/jornalofatual.ufsc.br\/\",\"name\":\"O Fatual\",\"description\":\"Jornalismo UFSC\",\"potentialAction\":[{\"@type\":\"SearchAction\",\"target\":{\"@type\":\"EntryPoint\",\"urlTemplate\":\"https:\/\/jornalofatual.ufsc.br\/?s={search_term_string}\"},\"query-input\":\"required name=search_term_string\"}],\"inLanguage\":\"pt-BR\"},{\"@type\":\"Person\",\"@id\":\"https:\/\/jornalofatual.ufsc.br\/#\/schema\/person\/7c4da290bbeac2ab587bf3bd9b2796c5\",\"name\":\"O Fatual UFSC\",\"image\":{\"@type\":\"ImageObject\",\"inLanguage\":\"pt-BR\",\"@id\":\"https:\/\/jornalofatual.ufsc.br\/#\/schema\/person\/image\/\",\"url\":\"https:\/\/secure.gravatar.com\/avatar\/77a2965911ca4aaeddc636b7e775b7bb05b7e4b5d5ad85a27d016b6a781b2b04?s=96&d=mm&r=g\",\"contentUrl\":\"https:\/\/secure.gravatar.com\/avatar\/77a2965911ca4aaeddc636b7e775b7bb05b7e4b5d5ad85a27d016b6a781b2b04?s=96&d=mm&r=g\",\"caption\":\"O Fatual UFSC\"},\"sameAs\":[\"https:\/\/jornalofatual.ufsc.br\",\"https:\/\/www.instagram.com\/jornalofatual\/\"],\"url\":\"https:\/\/jornalofatual.ufsc.br\/index.php\/author\/jornalofactualgmail-com\/\"}]}<\/script>\n<!-- \/ Yoast SEO plugin. -->","yoast_head_json":{"title":"Vacina\u00e7\u00e3o bivalente contra Covid-19 \u00e9 ampliada em Florian\u00f3polis devido ao surgimento de nova variante - O Fatual","robots":{"index":"index","follow":"follow","max-snippet":"max-snippet:-1","max-image-preview":"max-image-preview:large","max-video-preview":"max-video-preview:-1"},"canonical":"https:\/\/jornalofatual.ufsc.br\/index.php\/2023\/09\/27\/vacinacao-bivalente-contra-covid-19-e-ampliada-em-florianopolis-devido-ao-surgimento-de-nova-variante\/","og_locale":"pt_BR","og_type":"article","og_title":"Vacina\u00e7\u00e3o bivalente contra Covid-19 \u00e9 ampliada em Florian\u00f3polis devido ao surgimento de nova variante - O Fatual","og_description":"Testes positivos aumentam em mais de 25% no munic\u00edpio \u00c9RICA ZUCCHI A Prefeitura de Florian\u00f3polis ampliou na ter\u00e7a-feira (26) o refor\u00e7o da vacina bivalente contra Covid-19 para pessoas com 12 anos ou mais, devido ao surgimento de uma nova variante do v\u00edrus e da cobertura vacinal abaixo do \u00edndice recomendado de 90%.&nbsp;&nbsp; Os testes positivos [&hellip;]","og_url":"https:\/\/jornalofatual.ufsc.br\/index.php\/2023\/09\/27\/vacinacao-bivalente-contra-covid-19-e-ampliada-em-florianopolis-devido-ao-surgimento-de-nova-variante\/","og_site_name":"O Fatual","article_published_time":"2023-09-27T15:24:20+00:00","article_modified_time":"2024-04-15T21:29:54+00:00","og_image":[{"width":2560,"height":1707,"url":"http:\/\/jornalofatual.ufsc.br\/wp-content\/uploads\/2023\/09\/mufid-majnun-cM1aU42FnRg-unsplash-scaled.jpg","type":"image\/jpeg"}],"author":"O Fatual UFSC","twitter_card":"summary_large_image","twitter_misc":{"Escrito por":"O Fatual UFSC","Est. tempo de leitura":"2 minutos"},"schema":{"@context":"https:\/\/schema.org","@graph":[{"@type":"WebPage","@id":"https:\/\/jornalofatual.ufsc.br\/index.php\/2023\/09\/27\/vacinacao-bivalente-contra-covid-19-e-ampliada-em-florianopolis-devido-ao-surgimento-de-nova-variante\/","url":"https:\/\/jornalofatual.ufsc.br\/index.php\/2023\/09\/27\/vacinacao-bivalente-contra-covid-19-e-ampliada-em-florianopolis-devido-ao-surgimento-de-nova-variante\/","name":"Vacina\u00e7\u00e3o bivalente contra Covid-19 \u00e9 ampliada em Florian\u00f3polis devido ao surgimento de nova variante - O Fatual","isPartOf":{"@id":"https:\/\/jornalofatual.ufsc.br\/#website"},"primaryImageOfPage":{"@id":"https:\/\/jornalofatual.ufsc.br\/index.php\/2023\/09\/27\/vacinacao-bivalente-contra-covid-19-e-ampliada-em-florianopolis-devido-ao-surgimento-de-nova-variante\/#primaryimage"},"image":{"@id":"https:\/\/jornalofatual.ufsc.br\/index.php\/2023\/09\/27\/vacinacao-bivalente-contra-covid-19-e-ampliada-em-florianopolis-devido-ao-surgimento-de-nova-variante\/#primaryimage"},"thumbnailUrl":"https:\/\/jornalofatual.ufsc.br\/wp-content\/uploads\/2023\/09\/mufid-majnun-cM1aU42FnRg-unsplash-scaled.jpg","datePublished":"2023-09-27T15:24:20+00:00","dateModified":"2024-04-15T21:29:54+00:00","author":{"@id":"https:\/\/jornalofatual.ufsc.br\/#\/schema\/person\/7c4da290bbeac2ab587bf3bd9b2796c5"},"breadcrumb":{"@id":"https:\/\/jornalofatual.ufsc.br\/index.php\/2023\/09\/27\/vacinacao-bivalente-contra-covid-19-e-ampliada-em-florianopolis-devido-ao-surgimento-de-nova-variante\/#breadcrumb"},"inLanguage":"pt-BR","potentialAction":[{"@type":"ReadAction","target":["https:\/\/jornalofatual.ufsc.br\/index.php\/2023\/09\/27\/vacinacao-bivalente-contra-covid-19-e-ampliada-em-florianopolis-devido-ao-surgimento-de-nova-variante\/"]}]},{"@type":"ImageObject","inLanguage":"pt-BR","@id":"https:\/\/jornalofatual.ufsc.br\/index.php\/2023\/09\/27\/vacinacao-bivalente-contra-covid-19-e-ampliada-em-florianopolis-devido-ao-surgimento-de-nova-variante\/#primaryimage","url":"https:\/\/jornalofatual.ufsc.br\/wp-content\/uploads\/2023\/09\/mufid-majnun-cM1aU42FnRg-unsplash-scaled.jpg","contentUrl":"https:\/\/jornalofatual.ufsc.br\/wp-content\/uploads\/2023\/09\/mufid-majnun-cM1aU42FnRg-unsplash-scaled.jpg","width":2560,"height":1707},{"@type":"BreadcrumbList","@id":"https:\/\/jornalofatual.ufsc.br\/index.php\/2023\/09\/27\/vacinacao-bivalente-contra-covid-19-e-ampliada-em-florianopolis-devido-ao-surgimento-de-nova-variante\/#breadcrumb","itemListElement":[{"@type":"ListItem","position":1,"name":"In\u00edcio","item":"https:\/\/jornalofatual.ufsc.br\/"},{"@type":"ListItem","position":2,"name":"Vacina\u00e7\u00e3o bivalente contra Covid-19 \u00e9 ampliada em Florian\u00f3polis devido ao surgimento de nova variante"}]},{"@type":"WebSite","@id":"https:\/\/jornalofatual.ufsc.br\/#website","url":"https:\/\/jornalofatual.ufsc.br\/","name":"O Fatual","description":"Jornalismo UFSC","potentialAction":[{"@type":"SearchAction","target":{"@type":"EntryPoint","urlTemplate":"https:\/\/jornalofatual.ufsc.br\/?s={search_term_string}"},"query-input":"required name=search_term_string"}],"inLanguage":"pt-BR"},{"@type":"Person","@id":"https:\/\/jornalofatual.ufsc.br\/#\/schema\/person\/7c4da290bbeac2ab587bf3bd9b2796c5","name":"O Fatual UFSC","image":{"@type":"ImageObject","inLanguage":"pt-BR","@id":"https:\/\/jornalofatual.ufsc.br\/#\/schema\/person\/image\/","url":"https:\/\/secure.gravatar.com\/avatar\/77a2965911ca4aaeddc636b7e775b7bb05b7e4b5d5ad85a27d016b6a781b2b04?s=96&d=mm&r=g","contentUrl":"https:\/\/secure.gravatar.com\/avatar\/77a2965911ca4aaeddc636b7e775b7bb05b7e4b5d5ad85a27d016b6a781b2b04?s=96&d=mm&r=g","caption":"O Fatual UFSC"},"sameAs":["https:\/\/jornalofatual.ufsc.br","https:\/\/www.instagram.com\/jornalofatual\/"],"url":"https:\/\/jornalofatual.ufsc.br\/index.php\/author\/jornalofactualgmail-com\/"}]}},"_links":{"self":[{"href":"https:\/\/jornalofatual.ufsc.br\/index.php\/wp-json\/wp\/v2\/posts\/353","targetHints":{"allow":["GET"]}}],"collection":[{"href":"https:\/\/jornalofatual.ufsc.br\/index.php\/wp-json\/wp\/v2\/posts"}],"about":[{"href":"https:\/\/jornalofatual.ufsc.br\/index.php\/wp-json\/wp\/v2\/types\/post"}],"author":[{"embeddable":true,"href":"https:\/\/jornalofatual.ufsc.br\/index.php\/wp-json\/wp\/v2\/users\/1"}],"replies":[{"embeddable":true,"href":"https:\/\/jornalofatual.ufsc.br\/index.php\/wp-json\/wp\/v2\/comments?post=353"}],"version-history":[{"count":4,"href":"https:\/\/jornalofatual.ufsc.br\/index.php\/wp-json\/wp\/v2\/posts\/353\/revisions"}],"predecessor-version":[{"id":1010,"href":"https:\/\/jornalofatual.ufsc.br\/index.php\/wp-json\/wp\/v2\/posts\/353\/revisions\/1010"}],"wp:featuredmedia":[{"embeddable":true,"href":"https:\/\/jornalofatual.ufsc.br\/index.php\/wp-json\/wp\/v2\/media\/1009"}],"wp:attachment":[{"href":"https:\/\/jornalofatual.ufsc.br\/index.php\/wp-json\/wp\/v2\/media?parent=353"}],"wp:term":[{"taxonomy":"category","embeddable":true,"href":"https:\/\/jornalofatual.ufsc.br\/index.php\/wp-json\/wp\/v2\/categories?post=353"},{"taxonomy":"post_tag","embeddable":true,"href":"https:\/\/jornalofatual.ufsc.br\/index.php\/wp-json\/wp\/v2\/tags?post=353"}],"curies":[{"name":"wp","href":"https:\/\/api.w.org\/{rel}","templated":true}]}}