{"id":288,"date":"2023-06-01T23:29:00","date_gmt":"2023-06-02T02:29:00","guid":{"rendered":"https:\/\/jornalofatual.ufsc.br\/?p=288"},"modified":"2024-04-16T17:05:40","modified_gmt":"2024-04-16T20:05:40","slug":"funcionarios-publicos-de-florianopolis-entram-em-greve","status":"publish","type":"post","link":"https:\/\/jornalofatual.ufsc.br\/index.php\/2023\/06\/01\/funcionarios-publicos-de-florianopolis-entram-em-greve\/","title":{"rendered":"Funcion\u00e1rios p\u00fablicos de Florian\u00f3polis entram em greve"},"content":{"rendered":"\n<h4 class=\"wp-block-heading\"><em>Com todos os votos a favor, assembleia aprovou a paralisa\u00e7\u00e3o na \u00faltima ter\u00e7a-feira (30) na pra\u00e7a Tancredo Neves, no Centro<\/em><\/h4>\n\n\n\n<div style=\"height:32px\" aria-hidden=\"true\" class=\"wp-block-spacer\"><\/div>\n\n\n\n<p class=\"has-text-align-left\"><strong>LARA APOLIN\u00c1RIO<\/strong><\/p>\n\n\n\n<p><strong><\/strong>Valoriza\u00e7\u00e3o salarial, resist\u00eancia \u00e0 privatiza\u00e7\u00e3o e delibera\u00e7\u00e3o da greve foram as principais pautas da assembleia convocada pelo Sindicato dos Trabalhadores no Servi\u00e7o P\u00fablico de Florian\u00f3polis (Sintrasem), na \u00faltima ter\u00e7a-feira (30). Mais de 4 mil pessoas presenciaram o ato que ocorreu na pra\u00e7a Tancredo Neves, no Centro.<\/p>\n\n\n\n<p>As categorias de servidores p\u00fablicos estavam representados na assembleia, que buscava avaliar a proposta da Prefeitura Municipal de Florian\u00f3polis diante das reivindica\u00e7\u00f5es dos trabalhadores, a chamada Data-Base 2023 com mais de 48 cl\u00e1usulas. Os principais pontos defendidos s\u00e3o o cumprimento dos planos de carreira &#8211; que garantem a estabilidade no emprego -, manuten\u00e7\u00e3o da previd\u00eancia p\u00fablica e solid\u00e1ria e a valoriza\u00e7\u00e3o salarial.&nbsp;<\/p>\n\n\n\n<p>Outro ponto destacado pelos sindicalistas \u00e9 sobre a implanta\u00e7\u00e3o de organiza\u00e7\u00f5es sociais (O.S.), empresas privadas que podem realizar atividades de interesse p\u00fablico. Atualmente, Florian\u00f3polis s\u00f3 tem uma O.S. que atua na UPA Continente, no bairro Jardim Atl\u00e2ntico. A prefeitura prop\u00f4s implantar mais tr\u00eas. Segundo o Sintrasem, essa a\u00e7\u00e3o precariza e sucatea o servi\u00e7o p\u00fablico de qualidade, al\u00e9m de desvalorizar os servidores concursados.<\/p>\n\n\n\n<p>Diante da proposta da prefeitura considerada insuficiente pelo sindicato, os sindicalistas aprovaram a paralisa\u00e7\u00e3o geral dos funcion\u00e1rios p\u00fablicos municipais, que afetar\u00e1 124 escolas municipais e 37 centros de sa\u00fade. <\/p>\n\n\n\n<p>Marcos Bueno, diretor do Sintrasem, afirma que os servidores t\u00eam sofrido uma desvaloriza\u00e7\u00e3o, agravada pela pandemia. Ele destaca que o setor da sa\u00fade e da assist\u00eancia social tem valores do plano de carreira a receber, mas a prefeitura insiste em parcelar e n\u00e3o pagar. <\/p>\n\n\n\n<hr class=\"wp-block-separator has-alpha-channel-opacity\"\/>\n\n\n\n<h4 class=\"wp-block-heading\">\u201cA gente tem uma luta grande, que come\u00e7a na nossa valoriza\u00e7\u00e3o salarial\u201d, diz Marcos. A estimativa, segundo o sindicato, \u00e9 que a ades\u00e3o fique em torno de 80% do total dos funcion\u00e1rios p\u00fablicos da capital.<\/h4>\n\n\n\n<hr class=\"wp-block-separator has-alpha-channel-opacity\"\/>\n\n\n\n<p>Ap\u00f3s a assembleia, os sindicalistas sa\u00edram em passeata da pra\u00e7a Tancredo Neves at\u00e9 o gabinete de administra\u00e7\u00e3o da prefeitura. L\u00e1 foi feita a entrega de um of\u00edcio declarando o estado de greve e a exig\u00eancia de uma mesa de negocia\u00e7\u00e3o para resolver o impasse.<\/p>\n\n\n\n<p>Em postagens nas redes sociais, a prefeitura divulgou que o Tribunal de Justi\u00e7a de Santa Catarina (TJSC) determinou a ilegalidade da greve e autorizou descontos nos sal\u00e1rios daqueles que aderiram ao movimento.&nbsp;<\/p>\n\n\n\n<p>Uma audi\u00eancia de negocia\u00e7\u00e3o foi solicitada pelo sindicato \u00e0 Superintend\u00eancia Regional do Minist\u00e9rio do Trabalho e Emprego (MTE) ontem, segunda-feira (05). A prefeitura encaminhou um of\u00edcio ao MTE informando que n\u00e3o iria participar. \u201cTop\u00e1zio autorit\u00e1rio diz que quer negociar, mas falta \u00e0 mesa\u201d, declarou Sintrasem em redes sociais. <\/p>\n\n\n\n<p>A greve continua por tempo indeterminado sem nenhuma data para novas negocia\u00e7\u00f5es.\u00a0Procurada pelo <em>O Fatual<\/em>, a prefeitura n\u00e3o retornou o contato<em>.\u00a0<\/em><\/p>\n","protected":false},"excerpt":{"rendered":"<p>Com todos os votos a favor, assembleia aprovou a paralisa\u00e7\u00e3o na \u00faltima ter\u00e7a-feira (30) na pra\u00e7a Tancredo Neves, no Centro LARA APOLIN\u00c1RIO Valoriza\u00e7\u00e3o salarial, resist\u00eancia \u00e0 privatiza\u00e7\u00e3o e delibera\u00e7\u00e3o da greve foram as principais pautas da assembleia convocada pelo Sindicato dos Trabalhadores no Servi\u00e7o P\u00fablico de Florian\u00f3polis (Sintrasem), na \u00faltima ter\u00e7a-feira (30). Mais de 4 [&hellip;]<\/p>\n","protected":false},"author":1,"featured_media":1064,"comment_status":"open","ping_status":"open","sticky":false,"template":"","format":"standard","meta":{"footnotes":""},"categories":[19,114],"tags":[],"class_list":["post-288","post","type-post","status-publish","format-standard","has-post-thumbnail","hentry","category-noticias","category-politica"],"yoast_head":"<!-- This site is optimized with the Yoast SEO plugin v22.9 - https:\/\/yoast.com\/wordpress\/plugins\/seo\/ -->\n<title>Funcion\u00e1rios p\u00fablicos de Florian\u00f3polis entram em greve - O Fatual<\/title>\n<meta name=\"robots\" content=\"index, follow, max-snippet:-1, max-image-preview:large, max-video-preview:-1\" \/>\n<link rel=\"canonical\" href=\"https:\/\/jornalofatual.ufsc.br\/index.php\/2023\/06\/01\/funcionarios-publicos-de-florianopolis-entram-em-greve\/\" \/>\n<meta property=\"og:locale\" content=\"pt_BR\" \/>\n<meta property=\"og:type\" content=\"article\" \/>\n<meta property=\"og:title\" content=\"Funcion\u00e1rios p\u00fablicos de Florian\u00f3polis entram em greve - O Fatual\" \/>\n<meta property=\"og:description\" content=\"Com todos os votos a favor, assembleia aprovou a paralisa\u00e7\u00e3o na \u00faltima ter\u00e7a-feira (30) na pra\u00e7a Tancredo Neves, no Centro LARA APOLIN\u00c1RIO Valoriza\u00e7\u00e3o salarial, resist\u00eancia \u00e0 privatiza\u00e7\u00e3o e delibera\u00e7\u00e3o da greve foram as principais pautas da assembleia convocada pelo Sindicato dos Trabalhadores no Servi\u00e7o P\u00fablico de Florian\u00f3polis (Sintrasem), na \u00faltima ter\u00e7a-feira (30). Mais de 4 [&hellip;]\" \/>\n<meta property=\"og:url\" content=\"https:\/\/jornalofatual.ufsc.br\/index.php\/2023\/06\/01\/funcionarios-publicos-de-florianopolis-entram-em-greve\/\" \/>\n<meta property=\"og:site_name\" content=\"O Fatual\" \/>\n<meta property=\"article:published_time\" content=\"2023-06-02T02:29:00+00:00\" \/>\n<meta property=\"article:modified_time\" content=\"2024-04-16T20:05:40+00:00\" \/>\n<meta property=\"og:image\" content=\"http:\/\/jornalofatual.ufsc.br\/wp-content\/uploads\/2023\/06\/chris-slupski-LeHpD4Jq_cU-unsplash-scaled.jpg\" \/>\n\t<meta property=\"og:image:width\" content=\"2560\" \/>\n\t<meta property=\"og:image:height\" content=\"1707\" \/>\n\t<meta property=\"og:image:type\" content=\"image\/jpeg\" \/>\n<meta name=\"author\" content=\"O Fatual UFSC\" \/>\n<meta name=\"twitter:card\" content=\"summary_large_image\" \/>\n<meta name=\"twitter:label1\" content=\"Escrito por\" \/>\n\t<meta name=\"twitter:data1\" content=\"O Fatual UFSC\" \/>\n\t<meta name=\"twitter:label2\" content=\"Est. tempo de leitura\" \/>\n\t<meta name=\"twitter:data2\" content=\"3 minutos\" \/>\n<script type=\"application\/ld+json\" class=\"yoast-schema-graph\">{\"@context\":\"https:\/\/schema.org\",\"@graph\":[{\"@type\":\"WebPage\",\"@id\":\"https:\/\/jornalofatual.ufsc.br\/index.php\/2023\/06\/01\/funcionarios-publicos-de-florianopolis-entram-em-greve\/\",\"url\":\"https:\/\/jornalofatual.ufsc.br\/index.php\/2023\/06\/01\/funcionarios-publicos-de-florianopolis-entram-em-greve\/\",\"name\":\"Funcion\u00e1rios p\u00fablicos de Florian\u00f3polis entram em greve - O Fatual\",\"isPartOf\":{\"@id\":\"https:\/\/jornalofatual.ufsc.br\/#website\"},\"primaryImageOfPage\":{\"@id\":\"https:\/\/jornalofatual.ufsc.br\/index.php\/2023\/06\/01\/funcionarios-publicos-de-florianopolis-entram-em-greve\/#primaryimage\"},\"image\":{\"@id\":\"https:\/\/jornalofatual.ufsc.br\/index.php\/2023\/06\/01\/funcionarios-publicos-de-florianopolis-entram-em-greve\/#primaryimage\"},\"thumbnailUrl\":\"https:\/\/jornalofatual.ufsc.br\/wp-content\/uploads\/2023\/06\/chris-slupski-LeHpD4Jq_cU-unsplash-scaled.jpg\",\"datePublished\":\"2023-06-02T02:29:00+00:00\",\"dateModified\":\"2024-04-16T20:05:40+00:00\",\"author\":{\"@id\":\"https:\/\/jornalofatual.ufsc.br\/#\/schema\/person\/7c4da290bbeac2ab587bf3bd9b2796c5\"},\"breadcrumb\":{\"@id\":\"https:\/\/jornalofatual.ufsc.br\/index.php\/2023\/06\/01\/funcionarios-publicos-de-florianopolis-entram-em-greve\/#breadcrumb\"},\"inLanguage\":\"pt-BR\",\"potentialAction\":[{\"@type\":\"ReadAction\",\"target\":[\"https:\/\/jornalofatual.ufsc.br\/index.php\/2023\/06\/01\/funcionarios-publicos-de-florianopolis-entram-em-greve\/\"]}]},{\"@type\":\"ImageObject\",\"inLanguage\":\"pt-BR\",\"@id\":\"https:\/\/jornalofatual.ufsc.br\/index.php\/2023\/06\/01\/funcionarios-publicos-de-florianopolis-entram-em-greve\/#primaryimage\",\"url\":\"https:\/\/jornalofatual.ufsc.br\/wp-content\/uploads\/2023\/06\/chris-slupski-LeHpD4Jq_cU-unsplash-scaled.jpg\",\"contentUrl\":\"https:\/\/jornalofatual.ufsc.br\/wp-content\/uploads\/2023\/06\/chris-slupski-LeHpD4Jq_cU-unsplash-scaled.jpg\",\"width\":2560,\"height\":1707},{\"@type\":\"BreadcrumbList\",\"@id\":\"https:\/\/jornalofatual.ufsc.br\/index.php\/2023\/06\/01\/funcionarios-publicos-de-florianopolis-entram-em-greve\/#breadcrumb\",\"itemListElement\":[{\"@type\":\"ListItem\",\"position\":1,\"name\":\"In\u00edcio\",\"item\":\"https:\/\/jornalofatual.ufsc.br\/\"},{\"@type\":\"ListItem\",\"position\":2,\"name\":\"Funcion\u00e1rios p\u00fablicos de Florian\u00f3polis entram em greve\"}]},{\"@type\":\"WebSite\",\"@id\":\"https:\/\/jornalofatual.ufsc.br\/#website\",\"url\":\"https:\/\/jornalofatual.ufsc.br\/\",\"name\":\"O Fatual\",\"description\":\"Jornalismo UFSC\",\"potentialAction\":[{\"@type\":\"SearchAction\",\"target\":{\"@type\":\"EntryPoint\",\"urlTemplate\":\"https:\/\/jornalofatual.ufsc.br\/?s={search_term_string}\"},\"query-input\":\"required name=search_term_string\"}],\"inLanguage\":\"pt-BR\"},{\"@type\":\"Person\",\"@id\":\"https:\/\/jornalofatual.ufsc.br\/#\/schema\/person\/7c4da290bbeac2ab587bf3bd9b2796c5\",\"name\":\"O Fatual UFSC\",\"image\":{\"@type\":\"ImageObject\",\"inLanguage\":\"pt-BR\",\"@id\":\"https:\/\/jornalofatual.ufsc.br\/#\/schema\/person\/image\/\",\"url\":\"https:\/\/secure.gravatar.com\/avatar\/77a2965911ca4aaeddc636b7e775b7bb05b7e4b5d5ad85a27d016b6a781b2b04?s=96&d=mm&r=g\",\"contentUrl\":\"https:\/\/secure.gravatar.com\/avatar\/77a2965911ca4aaeddc636b7e775b7bb05b7e4b5d5ad85a27d016b6a781b2b04?s=96&d=mm&r=g\",\"caption\":\"O Fatual UFSC\"},\"sameAs\":[\"https:\/\/jornalofatual.ufsc.br\",\"https:\/\/www.instagram.com\/jornalofatual\/\"],\"url\":\"https:\/\/jornalofatual.ufsc.br\/index.php\/author\/jornalofactualgmail-com\/\"}]}<\/script>\n<!-- \/ Yoast SEO plugin. -->","yoast_head_json":{"title":"Funcion\u00e1rios p\u00fablicos de Florian\u00f3polis entram em greve - O Fatual","robots":{"index":"index","follow":"follow","max-snippet":"max-snippet:-1","max-image-preview":"max-image-preview:large","max-video-preview":"max-video-preview:-1"},"canonical":"https:\/\/jornalofatual.ufsc.br\/index.php\/2023\/06\/01\/funcionarios-publicos-de-florianopolis-entram-em-greve\/","og_locale":"pt_BR","og_type":"article","og_title":"Funcion\u00e1rios p\u00fablicos de Florian\u00f3polis entram em greve - O Fatual","og_description":"Com todos os votos a favor, assembleia aprovou a paralisa\u00e7\u00e3o na \u00faltima ter\u00e7a-feira (30) na pra\u00e7a Tancredo Neves, no Centro LARA APOLIN\u00c1RIO Valoriza\u00e7\u00e3o salarial, resist\u00eancia \u00e0 privatiza\u00e7\u00e3o e delibera\u00e7\u00e3o da greve foram as principais pautas da assembleia convocada pelo Sindicato dos Trabalhadores no Servi\u00e7o P\u00fablico de Florian\u00f3polis (Sintrasem), na \u00faltima ter\u00e7a-feira (30). Mais de 4 [&hellip;]","og_url":"https:\/\/jornalofatual.ufsc.br\/index.php\/2023\/06\/01\/funcionarios-publicos-de-florianopolis-entram-em-greve\/","og_site_name":"O Fatual","article_published_time":"2023-06-02T02:29:00+00:00","article_modified_time":"2024-04-16T20:05:40+00:00","og_image":[{"width":2560,"height":1707,"url":"http:\/\/jornalofatual.ufsc.br\/wp-content\/uploads\/2023\/06\/chris-slupski-LeHpD4Jq_cU-unsplash-scaled.jpg","type":"image\/jpeg"}],"author":"O Fatual UFSC","twitter_card":"summary_large_image","twitter_misc":{"Escrito por":"O Fatual UFSC","Est. tempo de leitura":"3 minutos"},"schema":{"@context":"https:\/\/schema.org","@graph":[{"@type":"WebPage","@id":"https:\/\/jornalofatual.ufsc.br\/index.php\/2023\/06\/01\/funcionarios-publicos-de-florianopolis-entram-em-greve\/","url":"https:\/\/jornalofatual.ufsc.br\/index.php\/2023\/06\/01\/funcionarios-publicos-de-florianopolis-entram-em-greve\/","name":"Funcion\u00e1rios p\u00fablicos de Florian\u00f3polis entram em greve - O Fatual","isPartOf":{"@id":"https:\/\/jornalofatual.ufsc.br\/#website"},"primaryImageOfPage":{"@id":"https:\/\/jornalofatual.ufsc.br\/index.php\/2023\/06\/01\/funcionarios-publicos-de-florianopolis-entram-em-greve\/#primaryimage"},"image":{"@id":"https:\/\/jornalofatual.ufsc.br\/index.php\/2023\/06\/01\/funcionarios-publicos-de-florianopolis-entram-em-greve\/#primaryimage"},"thumbnailUrl":"https:\/\/jornalofatual.ufsc.br\/wp-content\/uploads\/2023\/06\/chris-slupski-LeHpD4Jq_cU-unsplash-scaled.jpg","datePublished":"2023-06-02T02:29:00+00:00","dateModified":"2024-04-16T20:05:40+00:00","author":{"@id":"https:\/\/jornalofatual.ufsc.br\/#\/schema\/person\/7c4da290bbeac2ab587bf3bd9b2796c5"},"breadcrumb":{"@id":"https:\/\/jornalofatual.ufsc.br\/index.php\/2023\/06\/01\/funcionarios-publicos-de-florianopolis-entram-em-greve\/#breadcrumb"},"inLanguage":"pt-BR","potentialAction":[{"@type":"ReadAction","target":["https:\/\/jornalofatual.ufsc.br\/index.php\/2023\/06\/01\/funcionarios-publicos-de-florianopolis-entram-em-greve\/"]}]},{"@type":"ImageObject","inLanguage":"pt-BR","@id":"https:\/\/jornalofatual.ufsc.br\/index.php\/2023\/06\/01\/funcionarios-publicos-de-florianopolis-entram-em-greve\/#primaryimage","url":"https:\/\/jornalofatual.ufsc.br\/wp-content\/uploads\/2023\/06\/chris-slupski-LeHpD4Jq_cU-unsplash-scaled.jpg","contentUrl":"https:\/\/jornalofatual.ufsc.br\/wp-content\/uploads\/2023\/06\/chris-slupski-LeHpD4Jq_cU-unsplash-scaled.jpg","width":2560,"height":1707},{"@type":"BreadcrumbList","@id":"https:\/\/jornalofatual.ufsc.br\/index.php\/2023\/06\/01\/funcionarios-publicos-de-florianopolis-entram-em-greve\/#breadcrumb","itemListElement":[{"@type":"ListItem","position":1,"name":"In\u00edcio","item":"https:\/\/jornalofatual.ufsc.br\/"},{"@type":"ListItem","position":2,"name":"Funcion\u00e1rios p\u00fablicos de Florian\u00f3polis entram em greve"}]},{"@type":"WebSite","@id":"https:\/\/jornalofatual.ufsc.br\/#website","url":"https:\/\/jornalofatual.ufsc.br\/","name":"O Fatual","description":"Jornalismo UFSC","potentialAction":[{"@type":"SearchAction","target":{"@type":"EntryPoint","urlTemplate":"https:\/\/jornalofatual.ufsc.br\/?s={search_term_string}"},"query-input":"required name=search_term_string"}],"inLanguage":"pt-BR"},{"@type":"Person","@id":"https:\/\/jornalofatual.ufsc.br\/#\/schema\/person\/7c4da290bbeac2ab587bf3bd9b2796c5","name":"O Fatual UFSC","image":{"@type":"ImageObject","inLanguage":"pt-BR","@id":"https:\/\/jornalofatual.ufsc.br\/#\/schema\/person\/image\/","url":"https:\/\/secure.gravatar.com\/avatar\/77a2965911ca4aaeddc636b7e775b7bb05b7e4b5d5ad85a27d016b6a781b2b04?s=96&d=mm&r=g","contentUrl":"https:\/\/secure.gravatar.com\/avatar\/77a2965911ca4aaeddc636b7e775b7bb05b7e4b5d5ad85a27d016b6a781b2b04?s=96&d=mm&r=g","caption":"O Fatual UFSC"},"sameAs":["https:\/\/jornalofatual.ufsc.br","https:\/\/www.instagram.com\/jornalofatual\/"],"url":"https:\/\/jornalofatual.ufsc.br\/index.php\/author\/jornalofactualgmail-com\/"}]}},"_links":{"self":[{"href":"https:\/\/jornalofatual.ufsc.br\/index.php\/wp-json\/wp\/v2\/posts\/288","targetHints":{"allow":["GET"]}}],"collection":[{"href":"https:\/\/jornalofatual.ufsc.br\/index.php\/wp-json\/wp\/v2\/posts"}],"about":[{"href":"https:\/\/jornalofatual.ufsc.br\/index.php\/wp-json\/wp\/v2\/types\/post"}],"author":[{"embeddable":true,"href":"https:\/\/jornalofatual.ufsc.br\/index.php\/wp-json\/wp\/v2\/users\/1"}],"replies":[{"embeddable":true,"href":"https:\/\/jornalofatual.ufsc.br\/index.php\/wp-json\/wp\/v2\/comments?post=288"}],"version-history":[{"count":2,"href":"https:\/\/jornalofatual.ufsc.br\/index.php\/wp-json\/wp\/v2\/posts\/288\/revisions"}],"predecessor-version":[{"id":1065,"href":"https:\/\/jornalofatual.ufsc.br\/index.php\/wp-json\/wp\/v2\/posts\/288\/revisions\/1065"}],"wp:featuredmedia":[{"embeddable":true,"href":"https:\/\/jornalofatual.ufsc.br\/index.php\/wp-json\/wp\/v2\/media\/1064"}],"wp:attachment":[{"href":"https:\/\/jornalofatual.ufsc.br\/index.php\/wp-json\/wp\/v2\/media?parent=288"}],"wp:term":[{"taxonomy":"category","embeddable":true,"href":"https:\/\/jornalofatual.ufsc.br\/index.php\/wp-json\/wp\/v2\/categories?post=288"},{"taxonomy":"post_tag","embeddable":true,"href":"https:\/\/jornalofatual.ufsc.br\/index.php\/wp-json\/wp\/v2\/tags?post=288"}],"curies":[{"name":"wp","href":"https:\/\/api.w.org\/{rel}","templated":true}]}}