{"id":262,"date":"2023-05-08T16:21:00","date_gmt":"2023-05-08T19:21:00","guid":{"rendered":"https:\/\/jornalofatual.ufsc.br\/?p=262"},"modified":"2024-04-15T17:51:47","modified_gmt":"2024-04-15T20:51:47","slug":"nucleo-de-desenvolvimento-infantil-da-ufsc-comemora-43-anos","status":"publish","type":"post","link":"https:\/\/jornalofatual.ufsc.br\/index.php\/2023\/05\/08\/nucleo-de-desenvolvimento-infantil-da-ufsc-comemora-43-anos\/","title":{"rendered":"N\u00facleo de Desenvolvimento Infantil da UFSC comemora 43 anos"},"content":{"rendered":"\n<h4 class=\"wp-block-heading\"><em>Evento contou com tradicional apresenta\u00e7\u00e3o Boi de Mam\u00e3o e caf\u00e9 aberto \u00e0 comunidade<\/em><\/h4>\n\n\n\n<div style=\"height:32px\" aria-hidden=\"true\" class=\"wp-block-spacer\"><\/div>\n\n\n\n<p class=\"has-text-align-left\"><strong>FERNANDA ZWIRTES<\/strong><\/p>\n\n\n\n<p>Respons\u00e1vel pela forma\u00e7\u00e3o de crian\u00e7as de zero a seis anos, o N\u00facleo de Desenvolvimento Infantil (NDI) completou 43 anos de atividade na \u00faltima segunda-feira (8). Para celebrar o anivers\u00e1rio, o n\u00facleo organizou um caf\u00e9 comunit\u00e1rio e uma apresenta\u00e7\u00e3o com a dan\u00e7a do Boi de Mam\u00e3o, tradi\u00e7\u00e3o h\u00e1 mais de 30 anos, performada pelos estudantes. A comemora\u00e7\u00e3o aconteceu pela manh\u00e3, das 9h30 \u00e0s 10h, e \u00e0 tarde, das 15h30 \u00e0s 16h. O evento foi aberto \u00e0 comunidade universit\u00e1ria.<\/p>\n\n\n\n<p>Fundado em 1980, vinculado \u00e0 Universidade Federal de Santa Catarina (UFSC), em Florian\u00f3polis, o NDI atua na educa\u00e7\u00e3o b\u00e1sica infantil e atende cerca de 200 crian\u00e7as. O n\u00facleo procura tamb\u00e9m auxiliar na sociabilidade e no ensino da cultura local aos estudantes. <\/p>\n\n\n\n<p>O musical do Boi de Mam\u00e3o, performado no evento, \u00e9 uma tradi\u00e7\u00e3o na comunidade e busca valorizar a express\u00e3o da cultura de Florian\u00f3polis. \u201cO Boi de Mam\u00e3o n\u00e3o \u00e9 s\u00f3 uma apresenta\u00e7\u00e3o, tamb\u00e9m \u00e9 uma brincadeira que valoriza nossa hist\u00f3ria e a forma que n\u00f3s interagimos com essa cultura e a ressignificamos, com o envolvimento das crian\u00e7as\u201d, afirma Juliane La Banca, diretora do NDI que tamb\u00e9m participou da apresenta\u00e7\u00e3o com os alunos.<\/p>\n\n\n\n<p>Os estagi\u00e1rios e demais servidores do n\u00facleo tamb\u00e9m fizeram parte da experi\u00eancia. Tiago Gon\u00e7alves, estagi\u00e1rio do curso de Hist\u00f3ria como licenciatura, afirma que trabalhar com o NDI \u00e9 transformador para sua forma\u00e7\u00e3o. \u201cTenho uma vis\u00e3o totalmente diferente depois que eu entrei, acho que o conv\u00edvio di\u00e1rio faz a gente evoluir e colocar em pr\u00e1tica tudo que aprendemos\u201d, disse o estudante. <\/p>\n\n\n\n<p>Desde sua cria\u00e7\u00e3o at\u00e9 hoje, o NDI mant\u00e9m como objetivos a inova\u00e7\u00e3o pedag\u00f3gica, a forma\u00e7\u00e3o de docentes e a intera\u00e7\u00e3o com a comunidade universit\u00e1ria.<\/p>\n\n\n\n<figure class=\"wp-block-image size-large\"><img fetchpriority=\"high\" decoding=\"async\" width=\"1200\" height=\"900\" src=\"https:\/\/jornalofatual.ufsc.br\/wp-content\/uploads\/2024\/04\/imagem_2024-04-15_175039467-1200x900.png\" alt=\"\" class=\"wp-image-979\" srcset=\"https:\/\/jornalofatual.ufsc.br\/wp-content\/uploads\/2024\/04\/imagem_2024-04-15_175039467-1200x900.png 1200w, https:\/\/jornalofatual.ufsc.br\/wp-content\/uploads\/2024\/04\/imagem_2024-04-15_175039467-300x225.png 300w, https:\/\/jornalofatual.ufsc.br\/wp-content\/uploads\/2024\/04\/imagem_2024-04-15_175039467-768x576.png 768w, https:\/\/jornalofatual.ufsc.br\/wp-content\/uploads\/2024\/04\/imagem_2024-04-15_175039467-1536x1152.png 1536w, https:\/\/jornalofatual.ufsc.br\/wp-content\/uploads\/2024\/04\/imagem_2024-04-15_175039467.png 1600w\" sizes=\"(max-width: 1200px) 100vw, 1200px\" \/><figcaption class=\"wp-element-caption\">Comeora\u00e7\u00e3o dos 43 anos do NDI da UFSC. <em>Foto: Reprodu\u00e7\u00e3o\/NDI\/UFSC<\/em><\/figcaption><\/figure>\n","protected":false},"excerpt":{"rendered":"<p>Evento contou com tradicional apresenta\u00e7\u00e3o Boi de Mam\u00e3o e caf\u00e9 aberto \u00e0 comunidade FERNANDA ZWIRTES Respons\u00e1vel pela forma\u00e7\u00e3o de crian\u00e7as de zero a seis anos, o N\u00facleo de Desenvolvimento Infantil (NDI) completou 43 anos de atividade na \u00faltima segunda-feira (8). Para celebrar o anivers\u00e1rio, o n\u00facleo organizou um caf\u00e9 comunit\u00e1rio e uma apresenta\u00e7\u00e3o com a [&hellip;]<\/p>\n","protected":false},"author":1,"featured_media":979,"comment_status":"open","ping_status":"open","sticky":false,"template":"","format":"standard","meta":{"footnotes":""},"categories":[19,22],"tags":[],"class_list":["post-262","post","type-post","status-publish","format-standard","has-post-thumbnail","hentry","category-noticias","category-ufsc"],"yoast_head":"<!-- This site is optimized with the Yoast SEO plugin v22.9 - https:\/\/yoast.com\/wordpress\/plugins\/seo\/ -->\n<title>N\u00facleo de Desenvolvimento Infantil da UFSC comemora 43 anos - O Fatual<\/title>\n<meta name=\"robots\" content=\"index, follow, max-snippet:-1, max-image-preview:large, max-video-preview:-1\" \/>\n<link rel=\"canonical\" href=\"https:\/\/jornalofatual.ufsc.br\/index.php\/2023\/05\/08\/nucleo-de-desenvolvimento-infantil-da-ufsc-comemora-43-anos\/\" \/>\n<meta property=\"og:locale\" content=\"pt_BR\" \/>\n<meta property=\"og:type\" content=\"article\" \/>\n<meta property=\"og:title\" content=\"N\u00facleo de Desenvolvimento Infantil da UFSC comemora 43 anos - O Fatual\" \/>\n<meta property=\"og:description\" content=\"Evento contou com tradicional apresenta\u00e7\u00e3o Boi de Mam\u00e3o e caf\u00e9 aberto \u00e0 comunidade FERNANDA ZWIRTES Respons\u00e1vel pela forma\u00e7\u00e3o de crian\u00e7as de zero a seis anos, o N\u00facleo de Desenvolvimento Infantil (NDI) completou 43 anos de atividade na \u00faltima segunda-feira (8). Para celebrar o anivers\u00e1rio, o n\u00facleo organizou um caf\u00e9 comunit\u00e1rio e uma apresenta\u00e7\u00e3o com a [&hellip;]\" \/>\n<meta property=\"og:url\" content=\"https:\/\/jornalofatual.ufsc.br\/index.php\/2023\/05\/08\/nucleo-de-desenvolvimento-infantil-da-ufsc-comemora-43-anos\/\" \/>\n<meta property=\"og:site_name\" content=\"O Fatual\" \/>\n<meta property=\"article:published_time\" content=\"2023-05-08T19:21:00+00:00\" \/>\n<meta property=\"article:modified_time\" content=\"2024-04-15T20:51:47+00:00\" \/>\n<meta property=\"og:image\" content=\"http:\/\/jornalofatual.ufsc.br\/wp-content\/uploads\/2024\/04\/imagem_2024-04-15_175039467.png\" \/>\n\t<meta property=\"og:image:width\" content=\"1600\" \/>\n\t<meta property=\"og:image:height\" content=\"1200\" \/>\n\t<meta property=\"og:image:type\" content=\"image\/png\" \/>\n<meta name=\"author\" content=\"O Fatual UFSC\" \/>\n<meta name=\"twitter:card\" content=\"summary_large_image\" \/>\n<meta name=\"twitter:label1\" content=\"Escrito por\" \/>\n\t<meta name=\"twitter:data1\" content=\"O Fatual UFSC\" \/>\n\t<meta name=\"twitter:label2\" content=\"Est. tempo de leitura\" \/>\n\t<meta name=\"twitter:data2\" content=\"3 minutos\" \/>\n<script type=\"application\/ld+json\" class=\"yoast-schema-graph\">{\"@context\":\"https:\/\/schema.org\",\"@graph\":[{\"@type\":\"WebPage\",\"@id\":\"https:\/\/jornalofatual.ufsc.br\/index.php\/2023\/05\/08\/nucleo-de-desenvolvimento-infantil-da-ufsc-comemora-43-anos\/\",\"url\":\"https:\/\/jornalofatual.ufsc.br\/index.php\/2023\/05\/08\/nucleo-de-desenvolvimento-infantil-da-ufsc-comemora-43-anos\/\",\"name\":\"N\u00facleo de Desenvolvimento Infantil da UFSC comemora 43 anos - O Fatual\",\"isPartOf\":{\"@id\":\"https:\/\/jornalofatual.ufsc.br\/#website\"},\"primaryImageOfPage\":{\"@id\":\"https:\/\/jornalofatual.ufsc.br\/index.php\/2023\/05\/08\/nucleo-de-desenvolvimento-infantil-da-ufsc-comemora-43-anos\/#primaryimage\"},\"image\":{\"@id\":\"https:\/\/jornalofatual.ufsc.br\/index.php\/2023\/05\/08\/nucleo-de-desenvolvimento-infantil-da-ufsc-comemora-43-anos\/#primaryimage\"},\"thumbnailUrl\":\"https:\/\/jornalofatual.ufsc.br\/wp-content\/uploads\/2024\/04\/imagem_2024-04-15_175039467.png\",\"datePublished\":\"2023-05-08T19:21:00+00:00\",\"dateModified\":\"2024-04-15T20:51:47+00:00\",\"author\":{\"@id\":\"https:\/\/jornalofatual.ufsc.br\/#\/schema\/person\/7c4da290bbeac2ab587bf3bd9b2796c5\"},\"breadcrumb\":{\"@id\":\"https:\/\/jornalofatual.ufsc.br\/index.php\/2023\/05\/08\/nucleo-de-desenvolvimento-infantil-da-ufsc-comemora-43-anos\/#breadcrumb\"},\"inLanguage\":\"pt-BR\",\"potentialAction\":[{\"@type\":\"ReadAction\",\"target\":[\"https:\/\/jornalofatual.ufsc.br\/index.php\/2023\/05\/08\/nucleo-de-desenvolvimento-infantil-da-ufsc-comemora-43-anos\/\"]}]},{\"@type\":\"ImageObject\",\"inLanguage\":\"pt-BR\",\"@id\":\"https:\/\/jornalofatual.ufsc.br\/index.php\/2023\/05\/08\/nucleo-de-desenvolvimento-infantil-da-ufsc-comemora-43-anos\/#primaryimage\",\"url\":\"https:\/\/jornalofatual.ufsc.br\/wp-content\/uploads\/2024\/04\/imagem_2024-04-15_175039467.png\",\"contentUrl\":\"https:\/\/jornalofatual.ufsc.br\/wp-content\/uploads\/2024\/04\/imagem_2024-04-15_175039467.png\",\"width\":1600,\"height\":1200},{\"@type\":\"BreadcrumbList\",\"@id\":\"https:\/\/jornalofatual.ufsc.br\/index.php\/2023\/05\/08\/nucleo-de-desenvolvimento-infantil-da-ufsc-comemora-43-anos\/#breadcrumb\",\"itemListElement\":[{\"@type\":\"ListItem\",\"position\":1,\"name\":\"In\u00edcio\",\"item\":\"https:\/\/jornalofatual.ufsc.br\/\"},{\"@type\":\"ListItem\",\"position\":2,\"name\":\"N\u00facleo de Desenvolvimento Infantil da UFSC comemora 43 anos\"}]},{\"@type\":\"WebSite\",\"@id\":\"https:\/\/jornalofatual.ufsc.br\/#website\",\"url\":\"https:\/\/jornalofatual.ufsc.br\/\",\"name\":\"O Fatual\",\"description\":\"Jornalismo UFSC\",\"potentialAction\":[{\"@type\":\"SearchAction\",\"target\":{\"@type\":\"EntryPoint\",\"urlTemplate\":\"https:\/\/jornalofatual.ufsc.br\/?s={search_term_string}\"},\"query-input\":\"required name=search_term_string\"}],\"inLanguage\":\"pt-BR\"},{\"@type\":\"Person\",\"@id\":\"https:\/\/jornalofatual.ufsc.br\/#\/schema\/person\/7c4da290bbeac2ab587bf3bd9b2796c5\",\"name\":\"O Fatual UFSC\",\"image\":{\"@type\":\"ImageObject\",\"inLanguage\":\"pt-BR\",\"@id\":\"https:\/\/jornalofatual.ufsc.br\/#\/schema\/person\/image\/\",\"url\":\"https:\/\/secure.gravatar.com\/avatar\/77a2965911ca4aaeddc636b7e775b7bb05b7e4b5d5ad85a27d016b6a781b2b04?s=96&d=mm&r=g\",\"contentUrl\":\"https:\/\/secure.gravatar.com\/avatar\/77a2965911ca4aaeddc636b7e775b7bb05b7e4b5d5ad85a27d016b6a781b2b04?s=96&d=mm&r=g\",\"caption\":\"O Fatual UFSC\"},\"sameAs\":[\"https:\/\/jornalofatual.ufsc.br\",\"https:\/\/www.instagram.com\/jornalofatual\/\"],\"url\":\"https:\/\/jornalofatual.ufsc.br\/index.php\/author\/jornalofactualgmail-com\/\"}]}<\/script>\n<!-- \/ Yoast SEO plugin. -->","yoast_head_json":{"title":"N\u00facleo de Desenvolvimento Infantil da UFSC comemora 43 anos - O Fatual","robots":{"index":"index","follow":"follow","max-snippet":"max-snippet:-1","max-image-preview":"max-image-preview:large","max-video-preview":"max-video-preview:-1"},"canonical":"https:\/\/jornalofatual.ufsc.br\/index.php\/2023\/05\/08\/nucleo-de-desenvolvimento-infantil-da-ufsc-comemora-43-anos\/","og_locale":"pt_BR","og_type":"article","og_title":"N\u00facleo de Desenvolvimento Infantil da UFSC comemora 43 anos - O Fatual","og_description":"Evento contou com tradicional apresenta\u00e7\u00e3o Boi de Mam\u00e3o e caf\u00e9 aberto \u00e0 comunidade FERNANDA ZWIRTES Respons\u00e1vel pela forma\u00e7\u00e3o de crian\u00e7as de zero a seis anos, o N\u00facleo de Desenvolvimento Infantil (NDI) completou 43 anos de atividade na \u00faltima segunda-feira (8). Para celebrar o anivers\u00e1rio, o n\u00facleo organizou um caf\u00e9 comunit\u00e1rio e uma apresenta\u00e7\u00e3o com a [&hellip;]","og_url":"https:\/\/jornalofatual.ufsc.br\/index.php\/2023\/05\/08\/nucleo-de-desenvolvimento-infantil-da-ufsc-comemora-43-anos\/","og_site_name":"O Fatual","article_published_time":"2023-05-08T19:21:00+00:00","article_modified_time":"2024-04-15T20:51:47+00:00","og_image":[{"width":1600,"height":1200,"url":"http:\/\/jornalofatual.ufsc.br\/wp-content\/uploads\/2024\/04\/imagem_2024-04-15_175039467.png","type":"image\/png"}],"author":"O Fatual UFSC","twitter_card":"summary_large_image","twitter_misc":{"Escrito por":"O Fatual UFSC","Est. tempo de leitura":"3 minutos"},"schema":{"@context":"https:\/\/schema.org","@graph":[{"@type":"WebPage","@id":"https:\/\/jornalofatual.ufsc.br\/index.php\/2023\/05\/08\/nucleo-de-desenvolvimento-infantil-da-ufsc-comemora-43-anos\/","url":"https:\/\/jornalofatual.ufsc.br\/index.php\/2023\/05\/08\/nucleo-de-desenvolvimento-infantil-da-ufsc-comemora-43-anos\/","name":"N\u00facleo de Desenvolvimento Infantil da UFSC comemora 43 anos - O Fatual","isPartOf":{"@id":"https:\/\/jornalofatual.ufsc.br\/#website"},"primaryImageOfPage":{"@id":"https:\/\/jornalofatual.ufsc.br\/index.php\/2023\/05\/08\/nucleo-de-desenvolvimento-infantil-da-ufsc-comemora-43-anos\/#primaryimage"},"image":{"@id":"https:\/\/jornalofatual.ufsc.br\/index.php\/2023\/05\/08\/nucleo-de-desenvolvimento-infantil-da-ufsc-comemora-43-anos\/#primaryimage"},"thumbnailUrl":"https:\/\/jornalofatual.ufsc.br\/wp-content\/uploads\/2024\/04\/imagem_2024-04-15_175039467.png","datePublished":"2023-05-08T19:21:00+00:00","dateModified":"2024-04-15T20:51:47+00:00","author":{"@id":"https:\/\/jornalofatual.ufsc.br\/#\/schema\/person\/7c4da290bbeac2ab587bf3bd9b2796c5"},"breadcrumb":{"@id":"https:\/\/jornalofatual.ufsc.br\/index.php\/2023\/05\/08\/nucleo-de-desenvolvimento-infantil-da-ufsc-comemora-43-anos\/#breadcrumb"},"inLanguage":"pt-BR","potentialAction":[{"@type":"ReadAction","target":["https:\/\/jornalofatual.ufsc.br\/index.php\/2023\/05\/08\/nucleo-de-desenvolvimento-infantil-da-ufsc-comemora-43-anos\/"]}]},{"@type":"ImageObject","inLanguage":"pt-BR","@id":"https:\/\/jornalofatual.ufsc.br\/index.php\/2023\/05\/08\/nucleo-de-desenvolvimento-infantil-da-ufsc-comemora-43-anos\/#primaryimage","url":"https:\/\/jornalofatual.ufsc.br\/wp-content\/uploads\/2024\/04\/imagem_2024-04-15_175039467.png","contentUrl":"https:\/\/jornalofatual.ufsc.br\/wp-content\/uploads\/2024\/04\/imagem_2024-04-15_175039467.png","width":1600,"height":1200},{"@type":"BreadcrumbList","@id":"https:\/\/jornalofatual.ufsc.br\/index.php\/2023\/05\/08\/nucleo-de-desenvolvimento-infantil-da-ufsc-comemora-43-anos\/#breadcrumb","itemListElement":[{"@type":"ListItem","position":1,"name":"In\u00edcio","item":"https:\/\/jornalofatual.ufsc.br\/"},{"@type":"ListItem","position":2,"name":"N\u00facleo de Desenvolvimento Infantil da UFSC comemora 43 anos"}]},{"@type":"WebSite","@id":"https:\/\/jornalofatual.ufsc.br\/#website","url":"https:\/\/jornalofatual.ufsc.br\/","name":"O Fatual","description":"Jornalismo UFSC","potentialAction":[{"@type":"SearchAction","target":{"@type":"EntryPoint","urlTemplate":"https:\/\/jornalofatual.ufsc.br\/?s={search_term_string}"},"query-input":"required name=search_term_string"}],"inLanguage":"pt-BR"},{"@type":"Person","@id":"https:\/\/jornalofatual.ufsc.br\/#\/schema\/person\/7c4da290bbeac2ab587bf3bd9b2796c5","name":"O Fatual UFSC","image":{"@type":"ImageObject","inLanguage":"pt-BR","@id":"https:\/\/jornalofatual.ufsc.br\/#\/schema\/person\/image\/","url":"https:\/\/secure.gravatar.com\/avatar\/77a2965911ca4aaeddc636b7e775b7bb05b7e4b5d5ad85a27d016b6a781b2b04?s=96&d=mm&r=g","contentUrl":"https:\/\/secure.gravatar.com\/avatar\/77a2965911ca4aaeddc636b7e775b7bb05b7e4b5d5ad85a27d016b6a781b2b04?s=96&d=mm&r=g","caption":"O Fatual UFSC"},"sameAs":["https:\/\/jornalofatual.ufsc.br","https:\/\/www.instagram.com\/jornalofatual\/"],"url":"https:\/\/jornalofatual.ufsc.br\/index.php\/author\/jornalofactualgmail-com\/"}]}},"_links":{"self":[{"href":"https:\/\/jornalofatual.ufsc.br\/index.php\/wp-json\/wp\/v2\/posts\/262","targetHints":{"allow":["GET"]}}],"collection":[{"href":"https:\/\/jornalofatual.ufsc.br\/index.php\/wp-json\/wp\/v2\/posts"}],"about":[{"href":"https:\/\/jornalofatual.ufsc.br\/index.php\/wp-json\/wp\/v2\/types\/post"}],"author":[{"embeddable":true,"href":"https:\/\/jornalofatual.ufsc.br\/index.php\/wp-json\/wp\/v2\/users\/1"}],"replies":[{"embeddable":true,"href":"https:\/\/jornalofatual.ufsc.br\/index.php\/wp-json\/wp\/v2\/comments?post=262"}],"version-history":[{"count":2,"href":"https:\/\/jornalofatual.ufsc.br\/index.php\/wp-json\/wp\/v2\/posts\/262\/revisions"}],"predecessor-version":[{"id":981,"href":"https:\/\/jornalofatual.ufsc.br\/index.php\/wp-json\/wp\/v2\/posts\/262\/revisions\/981"}],"wp:featuredmedia":[{"embeddable":true,"href":"https:\/\/jornalofatual.ufsc.br\/index.php\/wp-json\/wp\/v2\/media\/979"}],"wp:attachment":[{"href":"https:\/\/jornalofatual.ufsc.br\/index.php\/wp-json\/wp\/v2\/media?parent=262"}],"wp:term":[{"taxonomy":"category","embeddable":true,"href":"https:\/\/jornalofatual.ufsc.br\/index.php\/wp-json\/wp\/v2\/categories?post=262"},{"taxonomy":"post_tag","embeddable":true,"href":"https:\/\/jornalofatual.ufsc.br\/index.php\/wp-json\/wp\/v2\/tags?post=262"}],"curies":[{"name":"wp","href":"https:\/\/api.w.org\/{rel}","templated":true}]}}