{"id":2503,"date":"2026-04-05T15:36:16","date_gmt":"2026-04-05T18:36:16","guid":{"rendered":"https:\/\/jornalofatual.ufsc.br\/?p=2503"},"modified":"2026-04-05T15:49:16","modified_gmt":"2026-04-05T18:49:16","slug":"demolicao-do-mural-do-hassis-levanta-debate-sobre-preservacao-de-patrimonio-cultural","status":"publish","type":"post","link":"https:\/\/jornalofatual.ufsc.br\/index.php\/2026\/04\/05\/demolicao-do-mural-do-hassis-levanta-debate-sobre-preservacao-de-patrimonio-cultural\/","title":{"rendered":"Demoli\u00e7\u00e3o do Mural do Hassis levanta debate sobre preserva\u00e7\u00e3o de patrim\u00f4nio cultural"},"content":{"rendered":"\n<p><em><strong>Painel ser\u00e1 restaurado ap\u00f3s press\u00e3o, mas falta de cuidado com artes p\u00fablicas em Florian\u00f3polis preocupa ativistas<\/strong><\/em><\/p>\n\n\n\n<div style=\"height:32px\" aria-hidden=\"true\" class=\"wp-block-spacer\"><\/div>\n\n\n\n<p><strong><strong>LULLY SALVADOR<\/strong><\/strong><\/p>\n\n\n\n<p>Um mural de quase 80m\u00b2 na antiga Cl\u00ednica de Olhos S\u00e3o Sebasti\u00e3o, no centro de Florian\u00f3polis, foi demolido em janeiro deste ano. A obra, feita em 1972 por Hiedy de Assis Corr\u00eaa, o Hassis, permaneceu por mais de cinco d\u00e9cadas no local. A construtora Placon, atual respons\u00e1vel pelo terreno, se comprometeu a restaurar ap\u00f3s como\u00e7\u00e3o p\u00fablica, carta de rep\u00fadio e mobiliza\u00e7\u00e3o da Funda\u00e7\u00e3o Hassis, que cuida do acervo do artista.<\/p>\n\n\n\n<p>A profissional indicada para restaura\u00e7\u00e3o pela Funda\u00e7\u00e3o Hassis foi M\u00e1rcia Regina<br>Escorteganha, membro da Associa\u00e7\u00e3o Catarinense de Conservadores e Restauradores de Bens Culturais (ACCR). A previs\u00e3o de entrega \u00e9 para 2028.<\/p>\n\n\n\n<p>Luciana Paulo Corr\u00eaa, filha de Hassis e uma das administradoras da Funda\u00e7\u00e3o, conta que descobriu a demoli\u00e7\u00e3o por conta de uma den\u00fancia no Instagram. \u201cFizemos uma carta de rep\u00fadio, assinada pela Associa\u00e7\u00e3o Catarinense de Artistas Pl\u00e1sticos (Acap), que gerou como\u00e7\u00e3o p\u00fablica, e fomos atr\u00e1s da construtora, que foi super receptiva\u201d.<\/p>\n\n\n\n<p>A Funda\u00e7\u00e3o Hassis, Placon Empreendimentos e a Prefeitura de Florian\u00f3polis se reuniram para discutir os pr\u00f3ximos passos. Segundo Luciana, a construtora, que n\u00e3o \u00e9 de Florian\u00f3polis, exp\u00f4s que n\u00e3o sabia da import\u00e2ncia do mural e teve a demoli\u00e7\u00e3o liberada pela prefeitura.<\/p>\n\n\n\n<p>Ap\u00f3s acordo, as tr\u00eas entidades assinaram um contrato garantindo a revitaliza\u00e7\u00e3o do mural. Por\u00e9m, a Funda\u00e7\u00e3o Hassis e ativistas se preocupam com a falta de cuidado, preserva\u00e7\u00e3o e mapeamento das artes p\u00fablicas na cidade. Na reuni\u00e3o, Luciana sugeriu \u00e0 Prefeitura que, antes de liberar demoli\u00e7\u00f5es, verifique se h\u00e1 obras de arte no terreno.<\/p>\n\n\n\n<p>Para Jo\u00e3o Paulo Schwerz, professor de patrim\u00f4nio no curso de Arquitetura e Urbanismo da Universidade Federal de Santa Catarina (UFSC), o patrim\u00f4nio forma a identidade coletiva. \u201c\u00c9 uma quest\u00e3o de perman\u00eancia, de continuidade no tempo. As pessoas acabam experienciando e se referenciando nesses valores como ponto de leitura da cidade\u201d.<\/p>\n\n\n\n<p>Mesmo cientes da import\u00e2ncia de preserva\u00e7\u00e3o, os \u00f3rg\u00e3os respons\u00e1veis por fiscalizar ainda enfrentam dificuldades. \u201cOs processos simplesmente n\u00e3o andam. E isso tem um custo, porque enquanto eles n\u00e3o andam, esses im\u00f3veis continuam se degradando\u201d, explica Jo\u00e3o Paulo em rela\u00e7\u00e3o ao fechamento do Instituto de Planejamento Urbano de Florian\u00f3polis (Ipuf) e \u00e0 falta de chamada de pessoas para o Conselho Consultivo de Patrim\u00f4nio.<\/p>\n\n\n\n<p>A Prefeitura de Florian\u00f3polis negou o fechamento do Ipuf e disse que \u201cas atividades t\u00e9cnicas foram transferidas para a Secretaria de Planejamento, Habita\u00e7\u00e3o e Desenvolvimento Urbano (SMPHDU) para integrar a gest\u00e3o de atividades\u201d. Segundo a gest\u00e3o municipal, em 18 de mar\u00e7o foi assinado um Termo de Compromisso de Restauro com a construtora Pacon, tendo a Funda\u00e7\u00e3o Hassis como testemunha. Pelo acordo, a construtora s\u00f3 pode ocupar o im\u00f3vel depois de restaurar o mural integralmente.<\/p>\n\n\n\n<p>Hiedy de Assis Corr\u00eaa, conhecido como Hassis, foi um dos artistas pl\u00e1sticos mais importantes de Florian\u00f3polis. Nasceu em Curitiba, em 1926, e se mudou para Florian\u00f3polis ainda crian\u00e7a. Contribuiu para a arte da cidade com murais como o da Pra\u00e7a XV e do Aeroporto Herc\u00edlio Luz. Morreu em 2001, mas seu acervo segue vivo na Funda\u00e7\u00e3o Hassis, no bairro Itagua\u00e7u, com pinturas, fotografias, esculturas e filmes.<\/p>\n","protected":false},"excerpt":{"rendered":"<p>Painel ser\u00e1 restaurado ap\u00f3s press\u00e3o, mas falta de cuidado com artes p\u00fablicas em Florian\u00f3polis preocupa ativistas LULLY SALVADOR Um mural de quase 80m\u00b2 na antiga Cl\u00ednica de Olhos S\u00e3o Sebasti\u00e3o, no centro de Florian\u00f3polis, foi demolido em janeiro deste ano. A obra, feita em 1972 por Hiedy de Assis Corr\u00eaa, o Hassis, permaneceu por mais [&hellip;]<\/p>\n","protected":false},"author":1,"featured_media":2510,"comment_status":"open","ping_status":"open","sticky":false,"template":"","format":"standard","meta":{"footnotes":""},"categories":[111,19],"tags":[],"class_list":["post-2503","post","type-post","status-publish","format-standard","has-post-thumbnail","hentry","category-cultura","category-noticias"],"yoast_head":"<!-- This site is optimized with the Yoast SEO plugin v22.9 - https:\/\/yoast.com\/wordpress\/plugins\/seo\/ -->\n<title>Demoli\u00e7\u00e3o do Mural do Hassis levanta debate sobre preserva\u00e7\u00e3o de patrim\u00f4nio cultural - O Fatual<\/title>\n<meta name=\"robots\" content=\"index, follow, max-snippet:-1, max-image-preview:large, max-video-preview:-1\" \/>\n<link rel=\"canonical\" href=\"https:\/\/jornalofatual.ufsc.br\/index.php\/2026\/04\/05\/demolicao-do-mural-do-hassis-levanta-debate-sobre-preservacao-de-patrimonio-cultural\/\" \/>\n<meta property=\"og:locale\" content=\"pt_BR\" \/>\n<meta property=\"og:type\" content=\"article\" \/>\n<meta property=\"og:title\" content=\"Demoli\u00e7\u00e3o do Mural do Hassis levanta debate sobre preserva\u00e7\u00e3o de patrim\u00f4nio cultural - O Fatual\" \/>\n<meta property=\"og:description\" content=\"Painel ser\u00e1 restaurado ap\u00f3s press\u00e3o, mas falta de cuidado com artes p\u00fablicas em Florian\u00f3polis preocupa ativistas LULLY SALVADOR Um mural de quase 80m\u00b2 na antiga Cl\u00ednica de Olhos S\u00e3o Sebasti\u00e3o, no centro de Florian\u00f3polis, foi demolido em janeiro deste ano. A obra, feita em 1972 por Hiedy de Assis Corr\u00eaa, o Hassis, permaneceu por mais [&hellip;]\" \/>\n<meta property=\"og:url\" content=\"https:\/\/jornalofatual.ufsc.br\/index.php\/2026\/04\/05\/demolicao-do-mural-do-hassis-levanta-debate-sobre-preservacao-de-patrimonio-cultural\/\" \/>\n<meta property=\"og:site_name\" content=\"O Fatual\" \/>\n<meta property=\"article:published_time\" content=\"2026-04-05T18:36:16+00:00\" \/>\n<meta property=\"article:modified_time\" content=\"2026-04-05T18:49:16+00:00\" \/>\n<meta property=\"og:image\" content=\"http:\/\/jornalofatual.ufsc.br\/wp-content\/uploads\/2026\/04\/WhatsApp-Image-2026-04-05-at-15.45.30.jpeg\" \/>\n\t<meta property=\"og:image:width\" content=\"828\" \/>\n\t<meta property=\"og:image:height\" content=\"825\" \/>\n\t<meta property=\"og:image:type\" content=\"image\/jpeg\" \/>\n<meta name=\"author\" content=\"O Fatual UFSC\" \/>\n<meta name=\"twitter:card\" content=\"summary_large_image\" \/>\n<meta name=\"twitter:label1\" content=\"Escrito por\" \/>\n\t<meta name=\"twitter:data1\" content=\"O Fatual UFSC\" \/>\n\t<meta name=\"twitter:label2\" content=\"Est. tempo de leitura\" \/>\n\t<meta name=\"twitter:data2\" content=\"4 minutos\" \/>\n<script type=\"application\/ld+json\" class=\"yoast-schema-graph\">{\"@context\":\"https:\/\/schema.org\",\"@graph\":[{\"@type\":\"WebPage\",\"@id\":\"https:\/\/jornalofatual.ufsc.br\/index.php\/2026\/04\/05\/demolicao-do-mural-do-hassis-levanta-debate-sobre-preservacao-de-patrimonio-cultural\/\",\"url\":\"https:\/\/jornalofatual.ufsc.br\/index.php\/2026\/04\/05\/demolicao-do-mural-do-hassis-levanta-debate-sobre-preservacao-de-patrimonio-cultural\/\",\"name\":\"Demoli\u00e7\u00e3o do Mural do Hassis levanta debate sobre preserva\u00e7\u00e3o de patrim\u00f4nio cultural - O Fatual\",\"isPartOf\":{\"@id\":\"https:\/\/jornalofatual.ufsc.br\/#website\"},\"primaryImageOfPage\":{\"@id\":\"https:\/\/jornalofatual.ufsc.br\/index.php\/2026\/04\/05\/demolicao-do-mural-do-hassis-levanta-debate-sobre-preservacao-de-patrimonio-cultural\/#primaryimage\"},\"image\":{\"@id\":\"https:\/\/jornalofatual.ufsc.br\/index.php\/2026\/04\/05\/demolicao-do-mural-do-hassis-levanta-debate-sobre-preservacao-de-patrimonio-cultural\/#primaryimage\"},\"thumbnailUrl\":\"https:\/\/jornalofatual.ufsc.br\/wp-content\/uploads\/2026\/04\/WhatsApp-Image-2026-04-05-at-15.45.30.jpeg\",\"datePublished\":\"2026-04-05T18:36:16+00:00\",\"dateModified\":\"2026-04-05T18:49:16+00:00\",\"author\":{\"@id\":\"https:\/\/jornalofatual.ufsc.br\/#\/schema\/person\/7c4da290bbeac2ab587bf3bd9b2796c5\"},\"breadcrumb\":{\"@id\":\"https:\/\/jornalofatual.ufsc.br\/index.php\/2026\/04\/05\/demolicao-do-mural-do-hassis-levanta-debate-sobre-preservacao-de-patrimonio-cultural\/#breadcrumb\"},\"inLanguage\":\"pt-BR\",\"potentialAction\":[{\"@type\":\"ReadAction\",\"target\":[\"https:\/\/jornalofatual.ufsc.br\/index.php\/2026\/04\/05\/demolicao-do-mural-do-hassis-levanta-debate-sobre-preservacao-de-patrimonio-cultural\/\"]}]},{\"@type\":\"ImageObject\",\"inLanguage\":\"pt-BR\",\"@id\":\"https:\/\/jornalofatual.ufsc.br\/index.php\/2026\/04\/05\/demolicao-do-mural-do-hassis-levanta-debate-sobre-preservacao-de-patrimonio-cultural\/#primaryimage\",\"url\":\"https:\/\/jornalofatual.ufsc.br\/wp-content\/uploads\/2026\/04\/WhatsApp-Image-2026-04-05-at-15.45.30.jpeg\",\"contentUrl\":\"https:\/\/jornalofatual.ufsc.br\/wp-content\/uploads\/2026\/04\/WhatsApp-Image-2026-04-05-at-15.45.30.jpeg\",\"width\":828,\"height\":825},{\"@type\":\"BreadcrumbList\",\"@id\":\"https:\/\/jornalofatual.ufsc.br\/index.php\/2026\/04\/05\/demolicao-do-mural-do-hassis-levanta-debate-sobre-preservacao-de-patrimonio-cultural\/#breadcrumb\",\"itemListElement\":[{\"@type\":\"ListItem\",\"position\":1,\"name\":\"In\u00edcio\",\"item\":\"https:\/\/jornalofatual.ufsc.br\/\"},{\"@type\":\"ListItem\",\"position\":2,\"name\":\"Demoli\u00e7\u00e3o do Mural do Hassis levanta debate sobre preserva\u00e7\u00e3o de patrim\u00f4nio cultural\"}]},{\"@type\":\"WebSite\",\"@id\":\"https:\/\/jornalofatual.ufsc.br\/#website\",\"url\":\"https:\/\/jornalofatual.ufsc.br\/\",\"name\":\"O Fatual\",\"description\":\"Jornalismo UFSC\",\"potentialAction\":[{\"@type\":\"SearchAction\",\"target\":{\"@type\":\"EntryPoint\",\"urlTemplate\":\"https:\/\/jornalofatual.ufsc.br\/?s={search_term_string}\"},\"query-input\":\"required name=search_term_string\"}],\"inLanguage\":\"pt-BR\"},{\"@type\":\"Person\",\"@id\":\"https:\/\/jornalofatual.ufsc.br\/#\/schema\/person\/7c4da290bbeac2ab587bf3bd9b2796c5\",\"name\":\"O Fatual UFSC\",\"image\":{\"@type\":\"ImageObject\",\"inLanguage\":\"pt-BR\",\"@id\":\"https:\/\/jornalofatual.ufsc.br\/#\/schema\/person\/image\/\",\"url\":\"https:\/\/secure.gravatar.com\/avatar\/77a2965911ca4aaeddc636b7e775b7bb05b7e4b5d5ad85a27d016b6a781b2b04?s=96&d=mm&r=g\",\"contentUrl\":\"https:\/\/secure.gravatar.com\/avatar\/77a2965911ca4aaeddc636b7e775b7bb05b7e4b5d5ad85a27d016b6a781b2b04?s=96&d=mm&r=g\",\"caption\":\"O Fatual UFSC\"},\"sameAs\":[\"https:\/\/jornalofatual.ufsc.br\",\"https:\/\/www.instagram.com\/jornalofatual\/\"],\"url\":\"https:\/\/jornalofatual.ufsc.br\/index.php\/author\/jornalofactualgmail-com\/\"}]}<\/script>\n<!-- \/ Yoast SEO plugin. -->","yoast_head_json":{"title":"Demoli\u00e7\u00e3o do Mural do Hassis levanta debate sobre preserva\u00e7\u00e3o de patrim\u00f4nio cultural - O Fatual","robots":{"index":"index","follow":"follow","max-snippet":"max-snippet:-1","max-image-preview":"max-image-preview:large","max-video-preview":"max-video-preview:-1"},"canonical":"https:\/\/jornalofatual.ufsc.br\/index.php\/2026\/04\/05\/demolicao-do-mural-do-hassis-levanta-debate-sobre-preservacao-de-patrimonio-cultural\/","og_locale":"pt_BR","og_type":"article","og_title":"Demoli\u00e7\u00e3o do Mural do Hassis levanta debate sobre preserva\u00e7\u00e3o de patrim\u00f4nio cultural - O Fatual","og_description":"Painel ser\u00e1 restaurado ap\u00f3s press\u00e3o, mas falta de cuidado com artes p\u00fablicas em Florian\u00f3polis preocupa ativistas LULLY SALVADOR Um mural de quase 80m\u00b2 na antiga Cl\u00ednica de Olhos S\u00e3o Sebasti\u00e3o, no centro de Florian\u00f3polis, foi demolido em janeiro deste ano. A obra, feita em 1972 por Hiedy de Assis Corr\u00eaa, o Hassis, permaneceu por mais [&hellip;]","og_url":"https:\/\/jornalofatual.ufsc.br\/index.php\/2026\/04\/05\/demolicao-do-mural-do-hassis-levanta-debate-sobre-preservacao-de-patrimonio-cultural\/","og_site_name":"O Fatual","article_published_time":"2026-04-05T18:36:16+00:00","article_modified_time":"2026-04-05T18:49:16+00:00","og_image":[{"width":828,"height":825,"url":"http:\/\/jornalofatual.ufsc.br\/wp-content\/uploads\/2026\/04\/WhatsApp-Image-2026-04-05-at-15.45.30.jpeg","type":"image\/jpeg"}],"author":"O Fatual UFSC","twitter_card":"summary_large_image","twitter_misc":{"Escrito por":"O Fatual UFSC","Est. tempo de leitura":"4 minutos"},"schema":{"@context":"https:\/\/schema.org","@graph":[{"@type":"WebPage","@id":"https:\/\/jornalofatual.ufsc.br\/index.php\/2026\/04\/05\/demolicao-do-mural-do-hassis-levanta-debate-sobre-preservacao-de-patrimonio-cultural\/","url":"https:\/\/jornalofatual.ufsc.br\/index.php\/2026\/04\/05\/demolicao-do-mural-do-hassis-levanta-debate-sobre-preservacao-de-patrimonio-cultural\/","name":"Demoli\u00e7\u00e3o do Mural do Hassis levanta debate sobre preserva\u00e7\u00e3o de patrim\u00f4nio cultural - O Fatual","isPartOf":{"@id":"https:\/\/jornalofatual.ufsc.br\/#website"},"primaryImageOfPage":{"@id":"https:\/\/jornalofatual.ufsc.br\/index.php\/2026\/04\/05\/demolicao-do-mural-do-hassis-levanta-debate-sobre-preservacao-de-patrimonio-cultural\/#primaryimage"},"image":{"@id":"https:\/\/jornalofatual.ufsc.br\/index.php\/2026\/04\/05\/demolicao-do-mural-do-hassis-levanta-debate-sobre-preservacao-de-patrimonio-cultural\/#primaryimage"},"thumbnailUrl":"https:\/\/jornalofatual.ufsc.br\/wp-content\/uploads\/2026\/04\/WhatsApp-Image-2026-04-05-at-15.45.30.jpeg","datePublished":"2026-04-05T18:36:16+00:00","dateModified":"2026-04-05T18:49:16+00:00","author":{"@id":"https:\/\/jornalofatual.ufsc.br\/#\/schema\/person\/7c4da290bbeac2ab587bf3bd9b2796c5"},"breadcrumb":{"@id":"https:\/\/jornalofatual.ufsc.br\/index.php\/2026\/04\/05\/demolicao-do-mural-do-hassis-levanta-debate-sobre-preservacao-de-patrimonio-cultural\/#breadcrumb"},"inLanguage":"pt-BR","potentialAction":[{"@type":"ReadAction","target":["https:\/\/jornalofatual.ufsc.br\/index.php\/2026\/04\/05\/demolicao-do-mural-do-hassis-levanta-debate-sobre-preservacao-de-patrimonio-cultural\/"]}]},{"@type":"ImageObject","inLanguage":"pt-BR","@id":"https:\/\/jornalofatual.ufsc.br\/index.php\/2026\/04\/05\/demolicao-do-mural-do-hassis-levanta-debate-sobre-preservacao-de-patrimonio-cultural\/#primaryimage","url":"https:\/\/jornalofatual.ufsc.br\/wp-content\/uploads\/2026\/04\/WhatsApp-Image-2026-04-05-at-15.45.30.jpeg","contentUrl":"https:\/\/jornalofatual.ufsc.br\/wp-content\/uploads\/2026\/04\/WhatsApp-Image-2026-04-05-at-15.45.30.jpeg","width":828,"height":825},{"@type":"BreadcrumbList","@id":"https:\/\/jornalofatual.ufsc.br\/index.php\/2026\/04\/05\/demolicao-do-mural-do-hassis-levanta-debate-sobre-preservacao-de-patrimonio-cultural\/#breadcrumb","itemListElement":[{"@type":"ListItem","position":1,"name":"In\u00edcio","item":"https:\/\/jornalofatual.ufsc.br\/"},{"@type":"ListItem","position":2,"name":"Demoli\u00e7\u00e3o do Mural do Hassis levanta debate sobre preserva\u00e7\u00e3o de patrim\u00f4nio cultural"}]},{"@type":"WebSite","@id":"https:\/\/jornalofatual.ufsc.br\/#website","url":"https:\/\/jornalofatual.ufsc.br\/","name":"O Fatual","description":"Jornalismo UFSC","potentialAction":[{"@type":"SearchAction","target":{"@type":"EntryPoint","urlTemplate":"https:\/\/jornalofatual.ufsc.br\/?s={search_term_string}"},"query-input":"required name=search_term_string"}],"inLanguage":"pt-BR"},{"@type":"Person","@id":"https:\/\/jornalofatual.ufsc.br\/#\/schema\/person\/7c4da290bbeac2ab587bf3bd9b2796c5","name":"O Fatual UFSC","image":{"@type":"ImageObject","inLanguage":"pt-BR","@id":"https:\/\/jornalofatual.ufsc.br\/#\/schema\/person\/image\/","url":"https:\/\/secure.gravatar.com\/avatar\/77a2965911ca4aaeddc636b7e775b7bb05b7e4b5d5ad85a27d016b6a781b2b04?s=96&d=mm&r=g","contentUrl":"https:\/\/secure.gravatar.com\/avatar\/77a2965911ca4aaeddc636b7e775b7bb05b7e4b5d5ad85a27d016b6a781b2b04?s=96&d=mm&r=g","caption":"O Fatual UFSC"},"sameAs":["https:\/\/jornalofatual.ufsc.br","https:\/\/www.instagram.com\/jornalofatual\/"],"url":"https:\/\/jornalofatual.ufsc.br\/index.php\/author\/jornalofactualgmail-com\/"}]}},"_links":{"self":[{"href":"https:\/\/jornalofatual.ufsc.br\/index.php\/wp-json\/wp\/v2\/posts\/2503","targetHints":{"allow":["GET"]}}],"collection":[{"href":"https:\/\/jornalofatual.ufsc.br\/index.php\/wp-json\/wp\/v2\/posts"}],"about":[{"href":"https:\/\/jornalofatual.ufsc.br\/index.php\/wp-json\/wp\/v2\/types\/post"}],"author":[{"embeddable":true,"href":"https:\/\/jornalofatual.ufsc.br\/index.php\/wp-json\/wp\/v2\/users\/1"}],"replies":[{"embeddable":true,"href":"https:\/\/jornalofatual.ufsc.br\/index.php\/wp-json\/wp\/v2\/comments?post=2503"}],"version-history":[{"count":2,"href":"https:\/\/jornalofatual.ufsc.br\/index.php\/wp-json\/wp\/v2\/posts\/2503\/revisions"}],"predecessor-version":[{"id":2511,"href":"https:\/\/jornalofatual.ufsc.br\/index.php\/wp-json\/wp\/v2\/posts\/2503\/revisions\/2511"}],"wp:featuredmedia":[{"embeddable":true,"href":"https:\/\/jornalofatual.ufsc.br\/index.php\/wp-json\/wp\/v2\/media\/2510"}],"wp:attachment":[{"href":"https:\/\/jornalofatual.ufsc.br\/index.php\/wp-json\/wp\/v2\/media?parent=2503"}],"wp:term":[{"taxonomy":"category","embeddable":true,"href":"https:\/\/jornalofatual.ufsc.br\/index.php\/wp-json\/wp\/v2\/categories?post=2503"},{"taxonomy":"post_tag","embeddable":true,"href":"https:\/\/jornalofatual.ufsc.br\/index.php\/wp-json\/wp\/v2\/tags?post=2503"}],"curies":[{"name":"wp","href":"https:\/\/api.w.org\/{rel}","templated":true}]}}