{"id":2501,"date":"2026-04-05T15:36:01","date_gmt":"2026-04-05T18:36:01","guid":{"rendered":"https:\/\/jornalofatual.ufsc.br\/?p=2501"},"modified":"2026-04-05T15:36:02","modified_gmt":"2026-04-05T18:36:02","slug":"influenciadores-e-politicos-atacam-projeto-que-pune-misoginia-como-crime-de-odio","status":"publish","type":"post","link":"https:\/\/jornalofatual.ufsc.br\/index.php\/2026\/04\/05\/influenciadores-e-politicos-atacam-projeto-que-pune-misoginia-como-crime-de-odio\/","title":{"rendered":"Influenciadores e pol\u00edticos atacam projeto que pune misoginia como\u00a0crime de \u00f3dio"},"content":{"rendered":"\n<p><strong><strong><strong><em><em><em><em><strong><em>Personalidades da \u2018machosfera\u2019, termo que define criadores de conte\u00fado machistas, criticaram PL aprovado no Senado<\/em><\/strong><\/em><\/em><\/em><\/em><\/strong><\/strong><\/strong><\/p>\n\n\n\n<div style=\"height:32px\" aria-hidden=\"true\" class=\"wp-block-spacer\"><\/div>\n\n\n\n<p><strong><strong><strong>MANUELA MELO<\/strong><\/strong><\/strong><\/p>\n\n\n\n<p>Influenciadores de conte\u00fado masculino e pol\u00edticos de direita reagiram negativamente \u00e0 aprova\u00e7\u00e3o pelo Senado do projeto de lei que equipara misoginia, o \u00f3dio \u00e0 mulher, ao crime de racismo. O deputado federal Nikolas Ferreira (PL &#8211; MG) definiu a ideia como inacredit\u00e1vel e afirmou que ir\u00e1 trabalhar para \u201cderrubar essa aberra\u00e7\u00e3o\u201d, em refer\u00eancia ao projeto, em uma publica\u00e7\u00e3o na internet. A proposta da senadora Ana Paula Lobato (PSB &#8211; MA) foi aprovada na ter\u00e7a-feira (24).<\/p>\n\n\n\n<p>Formada pela Universidade Estadual do Rio de Janeiro (UERJ), a especialista em G\u00eanero e Sexualidade Jessica Gustafson enquadra esse posicionamento no que chama de \u201cgrupo anti-direitos\u201d. A pesquisadora avalia que este grupo pol\u00edtico \u00e9 composto por pessoas que se colocam contra os avan\u00e7os importantes em direitos e reconhecimento de determinados grupos que sofrem desigualdades hist\u00f3ricas e estruturais. \u201cN\u00e3o querem que se nomeie o \u00f3dio contra as mulheres porque n\u00e3o querem que se discuta e se reconhe\u00e7a isso enquanto problema da sociedade\u201d, analisa.&nbsp;<\/p>\n\n\n\n<p>A proposta do PL 896\/2023 \u00e9 incluir na Lei n\u00ba 7.716, de 5 de janeiro de 1989, crimes motivados por misoginia entre aqueles punidos por discrimina\u00e7\u00e3o ou preconceito. Al\u00e9m de punir discrimina\u00e7\u00e3o racial, a lei abrangeria inj\u00farias e dissemina\u00e7\u00e3o do \u00f3dio contra mulheres. \u201cO mais importante \u00e9 fazer com que a misoginia seja reconhecida como um problema p\u00fablico\u201d, entende Jessica.<\/p>\n\n\n\n<p>Al\u00e9m da repercuss\u00e3o entre pol\u00edticos, influenciadores tamb\u00e9m atacaram o projeto. Para a pesquisadora Elaine Schmitt, a repercuss\u00e3o ocorre por um efeito de <em>backlash<\/em>, o medo demonstrado por homens de perderem seus privil\u00e9gios e poder diante das mulheres. \u201cAo mesmo passo que tivemos avan\u00e7os importantes na luta por direitos para \u00e0s mulheres, vimos uma grande rea\u00e7\u00e3o a isso\u201d, analisa Elaine. Ap\u00f3s aprova\u00e7\u00e3o no Senado, o projeto agora \u00e9 analisado pela C\u00e2mara dos Deputados, que ainda n\u00e3o apontou um relator para an\u00e1lise da proposta.&nbsp;<\/p>\n\n\n\n<p><em>*Foto por Saulo Cruz \/ Ag\u00eancia Senado<\/em><\/p>\n","protected":false},"excerpt":{"rendered":"<p>Personalidades da \u2018machosfera\u2019, termo que define criadores de conte\u00fado machistas, criticaram PL aprovado no Senado MANUELA MELO Influenciadores de conte\u00fado masculino e pol\u00edticos de direita reagiram negativamente \u00e0 aprova\u00e7\u00e3o pelo Senado do projeto de lei que equipara misoginia, o \u00f3dio \u00e0 mulher, ao crime de racismo. O deputado federal Nikolas Ferreira (PL &#8211; MG) definiu [&hellip;]<\/p>\n","protected":false},"author":1,"featured_media":2504,"comment_status":"open","ping_status":"open","sticky":false,"template":"","format":"standard","meta":{"footnotes":""},"categories":[19,114],"tags":[],"class_list":["post-2501","post","type-post","status-publish","format-standard","has-post-thumbnail","hentry","category-noticias","category-politica"],"yoast_head":"<!-- This site is optimized with the Yoast SEO plugin v22.9 - https:\/\/yoast.com\/wordpress\/plugins\/seo\/ -->\n<title>Influenciadores e pol\u00edticos atacam projeto que pune misoginia como\u00a0crime de \u00f3dio - O Fatual<\/title>\n<meta name=\"robots\" content=\"index, follow, max-snippet:-1, max-image-preview:large, max-video-preview:-1\" \/>\n<link rel=\"canonical\" href=\"https:\/\/jornalofatual.ufsc.br\/index.php\/2026\/04\/05\/influenciadores-e-politicos-atacam-projeto-que-pune-misoginia-como-crime-de-odio\/\" \/>\n<meta property=\"og:locale\" content=\"pt_BR\" \/>\n<meta property=\"og:type\" content=\"article\" \/>\n<meta property=\"og:title\" content=\"Influenciadores e pol\u00edticos atacam projeto que pune misoginia como\u00a0crime de \u00f3dio - O Fatual\" \/>\n<meta property=\"og:description\" content=\"Personalidades da \u2018machosfera\u2019, termo que define criadores de conte\u00fado machistas, criticaram PL aprovado no Senado MANUELA MELO Influenciadores de conte\u00fado masculino e pol\u00edticos de direita reagiram negativamente \u00e0 aprova\u00e7\u00e3o pelo Senado do projeto de lei que equipara misoginia, o \u00f3dio \u00e0 mulher, ao crime de racismo. O deputado federal Nikolas Ferreira (PL &#8211; MG) definiu [&hellip;]\" \/>\n<meta property=\"og:url\" content=\"https:\/\/jornalofatual.ufsc.br\/index.php\/2026\/04\/05\/influenciadores-e-politicos-atacam-projeto-que-pune-misoginia-como-crime-de-odio\/\" \/>\n<meta property=\"og:site_name\" content=\"O Fatual\" \/>\n<meta property=\"article:published_time\" content=\"2026-04-05T18:36:01+00:00\" \/>\n<meta property=\"article:modified_time\" content=\"2026-04-05T18:36:02+00:00\" \/>\n<meta property=\"og:image\" content=\"http:\/\/jornalofatual.ufsc.br\/wp-content\/uploads\/2026\/04\/55151199056_38c3db5494_o-scaled.jpg\" \/>\n\t<meta property=\"og:image:width\" content=\"2560\" \/>\n\t<meta property=\"og:image:height\" content=\"1707\" \/>\n\t<meta property=\"og:image:type\" content=\"image\/jpeg\" \/>\n<meta name=\"author\" content=\"O Fatual UFSC\" \/>\n<meta name=\"twitter:card\" content=\"summary_large_image\" \/>\n<meta name=\"twitter:label1\" content=\"Escrito por\" \/>\n\t<meta name=\"twitter:data1\" content=\"O Fatual UFSC\" \/>\n\t<meta name=\"twitter:label2\" content=\"Est. tempo de leitura\" \/>\n\t<meta name=\"twitter:data2\" content=\"2 minutos\" \/>\n<script type=\"application\/ld+json\" class=\"yoast-schema-graph\">{\"@context\":\"https:\/\/schema.org\",\"@graph\":[{\"@type\":\"WebPage\",\"@id\":\"https:\/\/jornalofatual.ufsc.br\/index.php\/2026\/04\/05\/influenciadores-e-politicos-atacam-projeto-que-pune-misoginia-como-crime-de-odio\/\",\"url\":\"https:\/\/jornalofatual.ufsc.br\/index.php\/2026\/04\/05\/influenciadores-e-politicos-atacam-projeto-que-pune-misoginia-como-crime-de-odio\/\",\"name\":\"Influenciadores e pol\u00edticos atacam projeto que pune misoginia como\u00a0crime de \u00f3dio - O Fatual\",\"isPartOf\":{\"@id\":\"https:\/\/jornalofatual.ufsc.br\/#website\"},\"primaryImageOfPage\":{\"@id\":\"https:\/\/jornalofatual.ufsc.br\/index.php\/2026\/04\/05\/influenciadores-e-politicos-atacam-projeto-que-pune-misoginia-como-crime-de-odio\/#primaryimage\"},\"image\":{\"@id\":\"https:\/\/jornalofatual.ufsc.br\/index.php\/2026\/04\/05\/influenciadores-e-politicos-atacam-projeto-que-pune-misoginia-como-crime-de-odio\/#primaryimage\"},\"thumbnailUrl\":\"https:\/\/jornalofatual.ufsc.br\/wp-content\/uploads\/2026\/04\/55151199056_38c3db5494_o-scaled.jpg\",\"datePublished\":\"2026-04-05T18:36:01+00:00\",\"dateModified\":\"2026-04-05T18:36:02+00:00\",\"author\":{\"@id\":\"https:\/\/jornalofatual.ufsc.br\/#\/schema\/person\/7c4da290bbeac2ab587bf3bd9b2796c5\"},\"breadcrumb\":{\"@id\":\"https:\/\/jornalofatual.ufsc.br\/index.php\/2026\/04\/05\/influenciadores-e-politicos-atacam-projeto-que-pune-misoginia-como-crime-de-odio\/#breadcrumb\"},\"inLanguage\":\"pt-BR\",\"potentialAction\":[{\"@type\":\"ReadAction\",\"target\":[\"https:\/\/jornalofatual.ufsc.br\/index.php\/2026\/04\/05\/influenciadores-e-politicos-atacam-projeto-que-pune-misoginia-como-crime-de-odio\/\"]}]},{\"@type\":\"ImageObject\",\"inLanguage\":\"pt-BR\",\"@id\":\"https:\/\/jornalofatual.ufsc.br\/index.php\/2026\/04\/05\/influenciadores-e-politicos-atacam-projeto-que-pune-misoginia-como-crime-de-odio\/#primaryimage\",\"url\":\"https:\/\/jornalofatual.ufsc.br\/wp-content\/uploads\/2026\/04\/55151199056_38c3db5494_o-scaled.jpg\",\"contentUrl\":\"https:\/\/jornalofatual.ufsc.br\/wp-content\/uploads\/2026\/04\/55151199056_38c3db5494_o-scaled.jpg\",\"width\":2560,\"height\":1707,\"caption\":\"Foto: Saulo Cruz\/Ag\u00eancia Senado\"},{\"@type\":\"BreadcrumbList\",\"@id\":\"https:\/\/jornalofatual.ufsc.br\/index.php\/2026\/04\/05\/influenciadores-e-politicos-atacam-projeto-que-pune-misoginia-como-crime-de-odio\/#breadcrumb\",\"itemListElement\":[{\"@type\":\"ListItem\",\"position\":1,\"name\":\"In\u00edcio\",\"item\":\"https:\/\/jornalofatual.ufsc.br\/\"},{\"@type\":\"ListItem\",\"position\":2,\"name\":\"Influenciadores e pol\u00edticos atacam projeto que pune misoginia como\u00a0crime de \u00f3dio\"}]},{\"@type\":\"WebSite\",\"@id\":\"https:\/\/jornalofatual.ufsc.br\/#website\",\"url\":\"https:\/\/jornalofatual.ufsc.br\/\",\"name\":\"O Fatual\",\"description\":\"Jornalismo UFSC\",\"potentialAction\":[{\"@type\":\"SearchAction\",\"target\":{\"@type\":\"EntryPoint\",\"urlTemplate\":\"https:\/\/jornalofatual.ufsc.br\/?s={search_term_string}\"},\"query-input\":\"required name=search_term_string\"}],\"inLanguage\":\"pt-BR\"},{\"@type\":\"Person\",\"@id\":\"https:\/\/jornalofatual.ufsc.br\/#\/schema\/person\/7c4da290bbeac2ab587bf3bd9b2796c5\",\"name\":\"O Fatual UFSC\",\"image\":{\"@type\":\"ImageObject\",\"inLanguage\":\"pt-BR\",\"@id\":\"https:\/\/jornalofatual.ufsc.br\/#\/schema\/person\/image\/\",\"url\":\"https:\/\/secure.gravatar.com\/avatar\/77a2965911ca4aaeddc636b7e775b7bb05b7e4b5d5ad85a27d016b6a781b2b04?s=96&d=mm&r=g\",\"contentUrl\":\"https:\/\/secure.gravatar.com\/avatar\/77a2965911ca4aaeddc636b7e775b7bb05b7e4b5d5ad85a27d016b6a781b2b04?s=96&d=mm&r=g\",\"caption\":\"O Fatual UFSC\"},\"sameAs\":[\"https:\/\/jornalofatual.ufsc.br\",\"https:\/\/www.instagram.com\/jornalofatual\/\"],\"url\":\"https:\/\/jornalofatual.ufsc.br\/index.php\/author\/jornalofactualgmail-com\/\"}]}<\/script>\n<!-- \/ Yoast SEO plugin. -->","yoast_head_json":{"title":"Influenciadores e pol\u00edticos atacam projeto que pune misoginia como\u00a0crime de \u00f3dio - O Fatual","robots":{"index":"index","follow":"follow","max-snippet":"max-snippet:-1","max-image-preview":"max-image-preview:large","max-video-preview":"max-video-preview:-1"},"canonical":"https:\/\/jornalofatual.ufsc.br\/index.php\/2026\/04\/05\/influenciadores-e-politicos-atacam-projeto-que-pune-misoginia-como-crime-de-odio\/","og_locale":"pt_BR","og_type":"article","og_title":"Influenciadores e pol\u00edticos atacam projeto que pune misoginia como\u00a0crime de \u00f3dio - O Fatual","og_description":"Personalidades da \u2018machosfera\u2019, termo que define criadores de conte\u00fado machistas, criticaram PL aprovado no Senado MANUELA MELO Influenciadores de conte\u00fado masculino e pol\u00edticos de direita reagiram negativamente \u00e0 aprova\u00e7\u00e3o pelo Senado do projeto de lei que equipara misoginia, o \u00f3dio \u00e0 mulher, ao crime de racismo. O deputado federal Nikolas Ferreira (PL &#8211; MG) definiu [&hellip;]","og_url":"https:\/\/jornalofatual.ufsc.br\/index.php\/2026\/04\/05\/influenciadores-e-politicos-atacam-projeto-que-pune-misoginia-como-crime-de-odio\/","og_site_name":"O Fatual","article_published_time":"2026-04-05T18:36:01+00:00","article_modified_time":"2026-04-05T18:36:02+00:00","og_image":[{"width":2560,"height":1707,"url":"http:\/\/jornalofatual.ufsc.br\/wp-content\/uploads\/2026\/04\/55151199056_38c3db5494_o-scaled.jpg","type":"image\/jpeg"}],"author":"O Fatual UFSC","twitter_card":"summary_large_image","twitter_misc":{"Escrito por":"O Fatual UFSC","Est. tempo de leitura":"2 minutos"},"schema":{"@context":"https:\/\/schema.org","@graph":[{"@type":"WebPage","@id":"https:\/\/jornalofatual.ufsc.br\/index.php\/2026\/04\/05\/influenciadores-e-politicos-atacam-projeto-que-pune-misoginia-como-crime-de-odio\/","url":"https:\/\/jornalofatual.ufsc.br\/index.php\/2026\/04\/05\/influenciadores-e-politicos-atacam-projeto-que-pune-misoginia-como-crime-de-odio\/","name":"Influenciadores e pol\u00edticos atacam projeto que pune misoginia como\u00a0crime de \u00f3dio - O Fatual","isPartOf":{"@id":"https:\/\/jornalofatual.ufsc.br\/#website"},"primaryImageOfPage":{"@id":"https:\/\/jornalofatual.ufsc.br\/index.php\/2026\/04\/05\/influenciadores-e-politicos-atacam-projeto-que-pune-misoginia-como-crime-de-odio\/#primaryimage"},"image":{"@id":"https:\/\/jornalofatual.ufsc.br\/index.php\/2026\/04\/05\/influenciadores-e-politicos-atacam-projeto-que-pune-misoginia-como-crime-de-odio\/#primaryimage"},"thumbnailUrl":"https:\/\/jornalofatual.ufsc.br\/wp-content\/uploads\/2026\/04\/55151199056_38c3db5494_o-scaled.jpg","datePublished":"2026-04-05T18:36:01+00:00","dateModified":"2026-04-05T18:36:02+00:00","author":{"@id":"https:\/\/jornalofatual.ufsc.br\/#\/schema\/person\/7c4da290bbeac2ab587bf3bd9b2796c5"},"breadcrumb":{"@id":"https:\/\/jornalofatual.ufsc.br\/index.php\/2026\/04\/05\/influenciadores-e-politicos-atacam-projeto-que-pune-misoginia-como-crime-de-odio\/#breadcrumb"},"inLanguage":"pt-BR","potentialAction":[{"@type":"ReadAction","target":["https:\/\/jornalofatual.ufsc.br\/index.php\/2026\/04\/05\/influenciadores-e-politicos-atacam-projeto-que-pune-misoginia-como-crime-de-odio\/"]}]},{"@type":"ImageObject","inLanguage":"pt-BR","@id":"https:\/\/jornalofatual.ufsc.br\/index.php\/2026\/04\/05\/influenciadores-e-politicos-atacam-projeto-que-pune-misoginia-como-crime-de-odio\/#primaryimage","url":"https:\/\/jornalofatual.ufsc.br\/wp-content\/uploads\/2026\/04\/55151199056_38c3db5494_o-scaled.jpg","contentUrl":"https:\/\/jornalofatual.ufsc.br\/wp-content\/uploads\/2026\/04\/55151199056_38c3db5494_o-scaled.jpg","width":2560,"height":1707,"caption":"Foto: Saulo Cruz\/Ag\u00eancia Senado"},{"@type":"BreadcrumbList","@id":"https:\/\/jornalofatual.ufsc.br\/index.php\/2026\/04\/05\/influenciadores-e-politicos-atacam-projeto-que-pune-misoginia-como-crime-de-odio\/#breadcrumb","itemListElement":[{"@type":"ListItem","position":1,"name":"In\u00edcio","item":"https:\/\/jornalofatual.ufsc.br\/"},{"@type":"ListItem","position":2,"name":"Influenciadores e pol\u00edticos atacam projeto que pune misoginia como\u00a0crime de \u00f3dio"}]},{"@type":"WebSite","@id":"https:\/\/jornalofatual.ufsc.br\/#website","url":"https:\/\/jornalofatual.ufsc.br\/","name":"O Fatual","description":"Jornalismo UFSC","potentialAction":[{"@type":"SearchAction","target":{"@type":"EntryPoint","urlTemplate":"https:\/\/jornalofatual.ufsc.br\/?s={search_term_string}"},"query-input":"required name=search_term_string"}],"inLanguage":"pt-BR"},{"@type":"Person","@id":"https:\/\/jornalofatual.ufsc.br\/#\/schema\/person\/7c4da290bbeac2ab587bf3bd9b2796c5","name":"O Fatual UFSC","image":{"@type":"ImageObject","inLanguage":"pt-BR","@id":"https:\/\/jornalofatual.ufsc.br\/#\/schema\/person\/image\/","url":"https:\/\/secure.gravatar.com\/avatar\/77a2965911ca4aaeddc636b7e775b7bb05b7e4b5d5ad85a27d016b6a781b2b04?s=96&d=mm&r=g","contentUrl":"https:\/\/secure.gravatar.com\/avatar\/77a2965911ca4aaeddc636b7e775b7bb05b7e4b5d5ad85a27d016b6a781b2b04?s=96&d=mm&r=g","caption":"O Fatual UFSC"},"sameAs":["https:\/\/jornalofatual.ufsc.br","https:\/\/www.instagram.com\/jornalofatual\/"],"url":"https:\/\/jornalofatual.ufsc.br\/index.php\/author\/jornalofactualgmail-com\/"}]}},"_links":{"self":[{"href":"https:\/\/jornalofatual.ufsc.br\/index.php\/wp-json\/wp\/v2\/posts\/2501","targetHints":{"allow":["GET"]}}],"collection":[{"href":"https:\/\/jornalofatual.ufsc.br\/index.php\/wp-json\/wp\/v2\/posts"}],"about":[{"href":"https:\/\/jornalofatual.ufsc.br\/index.php\/wp-json\/wp\/v2\/types\/post"}],"author":[{"embeddable":true,"href":"https:\/\/jornalofatual.ufsc.br\/index.php\/wp-json\/wp\/v2\/users\/1"}],"replies":[{"embeddable":true,"href":"https:\/\/jornalofatual.ufsc.br\/index.php\/wp-json\/wp\/v2\/comments?post=2501"}],"version-history":[{"count":1,"href":"https:\/\/jornalofatual.ufsc.br\/index.php\/wp-json\/wp\/v2\/posts\/2501\/revisions"}],"predecessor-version":[{"id":2508,"href":"https:\/\/jornalofatual.ufsc.br\/index.php\/wp-json\/wp\/v2\/posts\/2501\/revisions\/2508"}],"wp:featuredmedia":[{"embeddable":true,"href":"https:\/\/jornalofatual.ufsc.br\/index.php\/wp-json\/wp\/v2\/media\/2504"}],"wp:attachment":[{"href":"https:\/\/jornalofatual.ufsc.br\/index.php\/wp-json\/wp\/v2\/media?parent=2501"}],"wp:term":[{"taxonomy":"category","embeddable":true,"href":"https:\/\/jornalofatual.ufsc.br\/index.php\/wp-json\/wp\/v2\/categories?post=2501"},{"taxonomy":"post_tag","embeddable":true,"href":"https:\/\/jornalofatual.ufsc.br\/index.php\/wp-json\/wp\/v2\/tags?post=2501"}],"curies":[{"name":"wp","href":"https:\/\/api.w.org\/{rel}","templated":true}]}}