{"id":2495,"date":"2026-03-29T17:48:50","date_gmt":"2026-03-29T20:48:50","guid":{"rendered":"https:\/\/jornalofatual.ufsc.br\/?p=2495"},"modified":"2026-03-29T17:48:54","modified_gmt":"2026-03-29T20:48:54","slug":"estudantes-da-rede-estadual-de-sc-exigem-melhorias-na-infraestrutura-de-escola-em-manifestacao-na-palhoca","status":"publish","type":"post","link":"https:\/\/jornalofatual.ufsc.br\/index.php\/2026\/03\/29\/estudantes-da-rede-estadual-de-sc-exigem-melhorias-na-infraestrutura-de-escola-em-manifestacao-na-palhoca\/","title":{"rendered":"Estudantes da rede estadual de SC exigem melhorias na infraestrutura de escola em manifesta\u00e7\u00e3o na Palho\u00e7a"},"content":{"rendered":"\n<p><strong><strong><strong><em><em><em><em><em>\u201cQueremos continuar estudando e aprendendo, mas sem suporte, como chegamos l\u00e1?\u201d afirma aluno<\/em><\/em><\/em><\/em><\/em><\/strong><\/strong><\/strong><\/p>\n\n\n\n<div style=\"height:32px\" aria-hidden=\"true\" class=\"wp-block-spacer\"><\/div>\n\n\n\n<p><strong>ELIS VIRG\u00cdLIO<\/strong><\/p>\n\n\n\n<p>Estudantes da Escola de Educa\u00e7\u00e3o B\u00e1sica Irm\u00e3 Maria Teresa (E.E.B Irm\u00e3 Maria Teresa) se mobilizaram na manh\u00e3 de segunda-feira (23), em frente ao \u201cAnexo\u201d da escola, localizado no bairro Ponte do Imaruim, em Palho\u00e7a (SC). O protesto foi motivado pelas m\u00e1s condi\u00e7\u00f5es de infraestrutura do pr\u00e9dio, espa\u00e7o alugado pela Secretaria de Estado da Educa\u00e7\u00e3o. O local abriga o segundo e terceiro ano do ensino m\u00e9dio, que totalizam cerca de 800 estudantes em turmas de at\u00e9 37 alunos. A principal reivindica\u00e7\u00e3o \u00e9 a constru\u00e7\u00e3o de uma quadra de esportes para as aulas de educa\u00e7\u00e3o f\u00edsica.<\/p>\n\n\n\n<p>Em 2023, o Estado transferiu as turmas para um espa\u00e7o alugado com a justificativa de ampliar o n\u00famero de vagas oferecidas pela escola. Na \u00e9poca, a E.E.B Irm\u00e3 Maria Teresa, escola com maior n\u00famero de estudantes da Palho\u00e7a, j\u00e1 havia sido palco de manifesta\u00e7\u00f5es estudantis que pautaram a instala\u00e7\u00e3o de ar-condicionado, manuten\u00e7\u00e3o de fios el\u00e9tricos expostos e a constru\u00e7\u00e3o da quadra. Segundo a professora Regina Gomes de Oliveira Flor, que leciona na escola h\u00e1 dez anos, o espa\u00e7o n\u00e3o foi constru\u00eddo para funcionar como unidade de ensino m\u00e9dio. \u201cN\u00e3o \u00e9 um lugar adequado para receber estudantes, adolescentes e jovens. Eles n\u00e3o t\u00eam um espa\u00e7o de conviv\u00eancia &#8220;, afirma.<\/p>\n\n\n\n<p>Ap\u00f3s tr\u00eas anos da mudan\u00e7a, o anexo da escola ainda n\u00e3o disp\u00f5e de um local apropriado para aulas de educa\u00e7\u00e3o f\u00edsica. A situa\u00e7\u00e3o continua, mesmo com mais de um ter\u00e7o dos 1.800 estudantes matriculados na escola frequentando o espa\u00e7o, segundo a professora. Enquanto o projeto de constru\u00e7\u00e3o da quadra segue em andamento desde 2023, os espa\u00e7os utilizados s\u00e3o o estacionamento e uma sala vazia. O estudante Carlos Adriano Truppel diz que a situa\u00e7\u00e3o afeta a rotina escolar. \u201cO estacionamento dos professores \u00e9 perigoso e atr\u00e1s da escola \u00e9 um mangue, j\u00e1 aconteceu da bola cair l\u00e1 e os alunos terem que buscar\u201d.<\/p>\n\n\n\n<p>A situa\u00e7\u00e3o que impulsionou a mobiliza\u00e7\u00e3o aconteceu na semana passada, quando um aluno, durante a aula de educa\u00e7\u00e3o f\u00edsica, caiu em cima de uma motocicleta que atingiu o carro de um professor, causando danos ao ve\u00edculo. Ap\u00f3s a manifesta\u00e7\u00e3o, a Coordenadora Regional de Educa\u00e7\u00e3o de Florian\u00f3polis, Lilian Sandin Boeing, esteve na escola para um encontro com os estudantes, com objetivo de ouvir as demandas e estabelecer prazos e propostas. Carlos reconhece a import\u00e2ncia da reuni\u00e3o, mas ressalta que o movimento deve continuar. \u201cAgora cabe a gente continuar monitorando independente do que aconte\u00e7a, se os prazos n\u00e3o forem cumpridos vamos para a rua de novo, porque s\u00f3 assim nos ouvem\u201d.<\/p>\n","protected":false},"excerpt":{"rendered":"<p>\u201cQueremos continuar estudando e aprendendo, mas sem suporte, como chegamos l\u00e1?\u201d afirma aluno ELIS VIRG\u00cdLIO Estudantes da Escola de Educa\u00e7\u00e3o B\u00e1sica Irm\u00e3 Maria Teresa (E.E.B Irm\u00e3 Maria Teresa) se mobilizaram na manh\u00e3 de segunda-feira (23), em frente ao \u201cAnexo\u201d da escola, localizado no bairro Ponte do Imaruim, em Palho\u00e7a (SC). O protesto foi motivado pelas [&hellip;]<\/p>\n","protected":false},"author":1,"featured_media":2496,"comment_status":"open","ping_status":"open","sticky":false,"template":"","format":"standard","meta":{"footnotes":""},"categories":[162,19],"tags":[],"class_list":["post-2495","post","type-post","status-publish","format-standard","has-post-thumbnail","hentry","category-educacao","category-noticias"],"yoast_head":"<!-- This site is optimized with the Yoast SEO plugin v22.9 - https:\/\/yoast.com\/wordpress\/plugins\/seo\/ -->\n<title>Estudantes da rede estadual de SC exigem melhorias na infraestrutura de escola em manifesta\u00e7\u00e3o na Palho\u00e7a - O Fatual<\/title>\n<meta name=\"robots\" content=\"index, follow, max-snippet:-1, max-image-preview:large, max-video-preview:-1\" \/>\n<link rel=\"canonical\" href=\"https:\/\/jornalofatual.ufsc.br\/index.php\/2026\/03\/29\/estudantes-da-rede-estadual-de-sc-exigem-melhorias-na-infraestrutura-de-escola-em-manifestacao-na-palhoca\/\" \/>\n<meta property=\"og:locale\" content=\"pt_BR\" \/>\n<meta property=\"og:type\" content=\"article\" \/>\n<meta property=\"og:title\" content=\"Estudantes da rede estadual de SC exigem melhorias na infraestrutura de escola em manifesta\u00e7\u00e3o na Palho\u00e7a - O Fatual\" \/>\n<meta property=\"og:description\" content=\"\u201cQueremos continuar estudando e aprendendo, mas sem suporte, como chegamos l\u00e1?\u201d afirma aluno ELIS VIRG\u00cdLIO Estudantes da Escola de Educa\u00e7\u00e3o B\u00e1sica Irm\u00e3 Maria Teresa (E.E.B Irm\u00e3 Maria Teresa) se mobilizaram na manh\u00e3 de segunda-feira (23), em frente ao \u201cAnexo\u201d da escola, localizado no bairro Ponte do Imaruim, em Palho\u00e7a (SC). O protesto foi motivado pelas [&hellip;]\" \/>\n<meta property=\"og:url\" content=\"https:\/\/jornalofatual.ufsc.br\/index.php\/2026\/03\/29\/estudantes-da-rede-estadual-de-sc-exigem-melhorias-na-infraestrutura-de-escola-em-manifestacao-na-palhoca\/\" \/>\n<meta property=\"og:site_name\" content=\"O Fatual\" \/>\n<meta property=\"article:published_time\" content=\"2026-03-29T20:48:50+00:00\" \/>\n<meta property=\"article:modified_time\" content=\"2026-03-29T20:48:54+00:00\" \/>\n<meta property=\"og:image\" content=\"http:\/\/jornalofatual.ufsc.br\/wp-content\/uploads\/2026\/03\/image.jpeg\" \/>\n\t<meta property=\"og:image:width\" content=\"756\" \/>\n\t<meta property=\"og:image:height\" content=\"425\" \/>\n\t<meta property=\"og:image:type\" content=\"image\/jpeg\" \/>\n<meta name=\"author\" content=\"O Fatual UFSC\" \/>\n<meta name=\"twitter:card\" content=\"summary_large_image\" \/>\n<meta name=\"twitter:label1\" content=\"Escrito por\" \/>\n\t<meta name=\"twitter:data1\" content=\"O Fatual UFSC\" \/>\n\t<meta name=\"twitter:label2\" content=\"Est. tempo de leitura\" \/>\n\t<meta name=\"twitter:data2\" content=\"3 minutos\" \/>\n<script type=\"application\/ld+json\" class=\"yoast-schema-graph\">{\"@context\":\"https:\/\/schema.org\",\"@graph\":[{\"@type\":\"WebPage\",\"@id\":\"https:\/\/jornalofatual.ufsc.br\/index.php\/2026\/03\/29\/estudantes-da-rede-estadual-de-sc-exigem-melhorias-na-infraestrutura-de-escola-em-manifestacao-na-palhoca\/\",\"url\":\"https:\/\/jornalofatual.ufsc.br\/index.php\/2026\/03\/29\/estudantes-da-rede-estadual-de-sc-exigem-melhorias-na-infraestrutura-de-escola-em-manifestacao-na-palhoca\/\",\"name\":\"Estudantes da rede estadual de SC exigem melhorias na infraestrutura de escola em manifesta\u00e7\u00e3o na Palho\u00e7a - O Fatual\",\"isPartOf\":{\"@id\":\"https:\/\/jornalofatual.ufsc.br\/#website\"},\"primaryImageOfPage\":{\"@id\":\"https:\/\/jornalofatual.ufsc.br\/index.php\/2026\/03\/29\/estudantes-da-rede-estadual-de-sc-exigem-melhorias-na-infraestrutura-de-escola-em-manifestacao-na-palhoca\/#primaryimage\"},\"image\":{\"@id\":\"https:\/\/jornalofatual.ufsc.br\/index.php\/2026\/03\/29\/estudantes-da-rede-estadual-de-sc-exigem-melhorias-na-infraestrutura-de-escola-em-manifestacao-na-palhoca\/#primaryimage\"},\"thumbnailUrl\":\"https:\/\/jornalofatual.ufsc.br\/wp-content\/uploads\/2026\/03\/image.jpeg\",\"datePublished\":\"2026-03-29T20:48:50+00:00\",\"dateModified\":\"2026-03-29T20:48:54+00:00\",\"author\":{\"@id\":\"https:\/\/jornalofatual.ufsc.br\/#\/schema\/person\/7c4da290bbeac2ab587bf3bd9b2796c5\"},\"breadcrumb\":{\"@id\":\"https:\/\/jornalofatual.ufsc.br\/index.php\/2026\/03\/29\/estudantes-da-rede-estadual-de-sc-exigem-melhorias-na-infraestrutura-de-escola-em-manifestacao-na-palhoca\/#breadcrumb\"},\"inLanguage\":\"pt-BR\",\"potentialAction\":[{\"@type\":\"ReadAction\",\"target\":[\"https:\/\/jornalofatual.ufsc.br\/index.php\/2026\/03\/29\/estudantes-da-rede-estadual-de-sc-exigem-melhorias-na-infraestrutura-de-escola-em-manifestacao-na-palhoca\/\"]}]},{\"@type\":\"ImageObject\",\"inLanguage\":\"pt-BR\",\"@id\":\"https:\/\/jornalofatual.ufsc.br\/index.php\/2026\/03\/29\/estudantes-da-rede-estadual-de-sc-exigem-melhorias-na-infraestrutura-de-escola-em-manifestacao-na-palhoca\/#primaryimage\",\"url\":\"https:\/\/jornalofatual.ufsc.br\/wp-content\/uploads\/2026\/03\/image.jpeg\",\"contentUrl\":\"https:\/\/jornalofatual.ufsc.br\/wp-content\/uploads\/2026\/03\/image.jpeg\",\"width\":756,\"height\":425,\"caption\":\"Protesto organizado por estudantes da rede estadual de ensino de Santa Catarina pela manuten\u00e7\u00e3o da infraestrutura da Escola de Educa\u00e7\u00e3o B\u00e1sica Irm\u00e3 Maria Teresa. (Foto: Regina Gomes de Oliveira Flor \/ E.E.B Irm\u00e3 Maria Teresa)\"},{\"@type\":\"BreadcrumbList\",\"@id\":\"https:\/\/jornalofatual.ufsc.br\/index.php\/2026\/03\/29\/estudantes-da-rede-estadual-de-sc-exigem-melhorias-na-infraestrutura-de-escola-em-manifestacao-na-palhoca\/#breadcrumb\",\"itemListElement\":[{\"@type\":\"ListItem\",\"position\":1,\"name\":\"In\u00edcio\",\"item\":\"https:\/\/jornalofatual.ufsc.br\/\"},{\"@type\":\"ListItem\",\"position\":2,\"name\":\"Estudantes da rede estadual de SC exigem melhorias na infraestrutura de escola em manifesta\u00e7\u00e3o na Palho\u00e7a\"}]},{\"@type\":\"WebSite\",\"@id\":\"https:\/\/jornalofatual.ufsc.br\/#website\",\"url\":\"https:\/\/jornalofatual.ufsc.br\/\",\"name\":\"O Fatual\",\"description\":\"Jornalismo UFSC\",\"potentialAction\":[{\"@type\":\"SearchAction\",\"target\":{\"@type\":\"EntryPoint\",\"urlTemplate\":\"https:\/\/jornalofatual.ufsc.br\/?s={search_term_string}\"},\"query-input\":\"required name=search_term_string\"}],\"inLanguage\":\"pt-BR\"},{\"@type\":\"Person\",\"@id\":\"https:\/\/jornalofatual.ufsc.br\/#\/schema\/person\/7c4da290bbeac2ab587bf3bd9b2796c5\",\"name\":\"O Fatual UFSC\",\"image\":{\"@type\":\"ImageObject\",\"inLanguage\":\"pt-BR\",\"@id\":\"https:\/\/jornalofatual.ufsc.br\/#\/schema\/person\/image\/\",\"url\":\"https:\/\/secure.gravatar.com\/avatar\/77a2965911ca4aaeddc636b7e775b7bb05b7e4b5d5ad85a27d016b6a781b2b04?s=96&d=mm&r=g\",\"contentUrl\":\"https:\/\/secure.gravatar.com\/avatar\/77a2965911ca4aaeddc636b7e775b7bb05b7e4b5d5ad85a27d016b6a781b2b04?s=96&d=mm&r=g\",\"caption\":\"O Fatual UFSC\"},\"sameAs\":[\"https:\/\/jornalofatual.ufsc.br\",\"https:\/\/www.instagram.com\/jornalofatual\/\"],\"url\":\"https:\/\/jornalofatual.ufsc.br\/index.php\/author\/jornalofactualgmail-com\/\"}]}<\/script>\n<!-- \/ Yoast SEO plugin. -->","yoast_head_json":{"title":"Estudantes da rede estadual de SC exigem melhorias na infraestrutura de escola em manifesta\u00e7\u00e3o na Palho\u00e7a - O Fatual","robots":{"index":"index","follow":"follow","max-snippet":"max-snippet:-1","max-image-preview":"max-image-preview:large","max-video-preview":"max-video-preview:-1"},"canonical":"https:\/\/jornalofatual.ufsc.br\/index.php\/2026\/03\/29\/estudantes-da-rede-estadual-de-sc-exigem-melhorias-na-infraestrutura-de-escola-em-manifestacao-na-palhoca\/","og_locale":"pt_BR","og_type":"article","og_title":"Estudantes da rede estadual de SC exigem melhorias na infraestrutura de escola em manifesta\u00e7\u00e3o na Palho\u00e7a - O Fatual","og_description":"\u201cQueremos continuar estudando e aprendendo, mas sem suporte, como chegamos l\u00e1?\u201d afirma aluno ELIS VIRG\u00cdLIO Estudantes da Escola de Educa\u00e7\u00e3o B\u00e1sica Irm\u00e3 Maria Teresa (E.E.B Irm\u00e3 Maria Teresa) se mobilizaram na manh\u00e3 de segunda-feira (23), em frente ao \u201cAnexo\u201d da escola, localizado no bairro Ponte do Imaruim, em Palho\u00e7a (SC). O protesto foi motivado pelas [&hellip;]","og_url":"https:\/\/jornalofatual.ufsc.br\/index.php\/2026\/03\/29\/estudantes-da-rede-estadual-de-sc-exigem-melhorias-na-infraestrutura-de-escola-em-manifestacao-na-palhoca\/","og_site_name":"O Fatual","article_published_time":"2026-03-29T20:48:50+00:00","article_modified_time":"2026-03-29T20:48:54+00:00","og_image":[{"width":756,"height":425,"url":"http:\/\/jornalofatual.ufsc.br\/wp-content\/uploads\/2026\/03\/image.jpeg","type":"image\/jpeg"}],"author":"O Fatual UFSC","twitter_card":"summary_large_image","twitter_misc":{"Escrito por":"O Fatual UFSC","Est. tempo de leitura":"3 minutos"},"schema":{"@context":"https:\/\/schema.org","@graph":[{"@type":"WebPage","@id":"https:\/\/jornalofatual.ufsc.br\/index.php\/2026\/03\/29\/estudantes-da-rede-estadual-de-sc-exigem-melhorias-na-infraestrutura-de-escola-em-manifestacao-na-palhoca\/","url":"https:\/\/jornalofatual.ufsc.br\/index.php\/2026\/03\/29\/estudantes-da-rede-estadual-de-sc-exigem-melhorias-na-infraestrutura-de-escola-em-manifestacao-na-palhoca\/","name":"Estudantes da rede estadual de SC exigem melhorias na infraestrutura de escola em manifesta\u00e7\u00e3o na Palho\u00e7a - O Fatual","isPartOf":{"@id":"https:\/\/jornalofatual.ufsc.br\/#website"},"primaryImageOfPage":{"@id":"https:\/\/jornalofatual.ufsc.br\/index.php\/2026\/03\/29\/estudantes-da-rede-estadual-de-sc-exigem-melhorias-na-infraestrutura-de-escola-em-manifestacao-na-palhoca\/#primaryimage"},"image":{"@id":"https:\/\/jornalofatual.ufsc.br\/index.php\/2026\/03\/29\/estudantes-da-rede-estadual-de-sc-exigem-melhorias-na-infraestrutura-de-escola-em-manifestacao-na-palhoca\/#primaryimage"},"thumbnailUrl":"https:\/\/jornalofatual.ufsc.br\/wp-content\/uploads\/2026\/03\/image.jpeg","datePublished":"2026-03-29T20:48:50+00:00","dateModified":"2026-03-29T20:48:54+00:00","author":{"@id":"https:\/\/jornalofatual.ufsc.br\/#\/schema\/person\/7c4da290bbeac2ab587bf3bd9b2796c5"},"breadcrumb":{"@id":"https:\/\/jornalofatual.ufsc.br\/index.php\/2026\/03\/29\/estudantes-da-rede-estadual-de-sc-exigem-melhorias-na-infraestrutura-de-escola-em-manifestacao-na-palhoca\/#breadcrumb"},"inLanguage":"pt-BR","potentialAction":[{"@type":"ReadAction","target":["https:\/\/jornalofatual.ufsc.br\/index.php\/2026\/03\/29\/estudantes-da-rede-estadual-de-sc-exigem-melhorias-na-infraestrutura-de-escola-em-manifestacao-na-palhoca\/"]}]},{"@type":"ImageObject","inLanguage":"pt-BR","@id":"https:\/\/jornalofatual.ufsc.br\/index.php\/2026\/03\/29\/estudantes-da-rede-estadual-de-sc-exigem-melhorias-na-infraestrutura-de-escola-em-manifestacao-na-palhoca\/#primaryimage","url":"https:\/\/jornalofatual.ufsc.br\/wp-content\/uploads\/2026\/03\/image.jpeg","contentUrl":"https:\/\/jornalofatual.ufsc.br\/wp-content\/uploads\/2026\/03\/image.jpeg","width":756,"height":425,"caption":"Protesto organizado por estudantes da rede estadual de ensino de Santa Catarina pela manuten\u00e7\u00e3o da infraestrutura da Escola de Educa\u00e7\u00e3o B\u00e1sica Irm\u00e3 Maria Teresa. (Foto: Regina Gomes de Oliveira Flor \/ E.E.B Irm\u00e3 Maria Teresa)"},{"@type":"BreadcrumbList","@id":"https:\/\/jornalofatual.ufsc.br\/index.php\/2026\/03\/29\/estudantes-da-rede-estadual-de-sc-exigem-melhorias-na-infraestrutura-de-escola-em-manifestacao-na-palhoca\/#breadcrumb","itemListElement":[{"@type":"ListItem","position":1,"name":"In\u00edcio","item":"https:\/\/jornalofatual.ufsc.br\/"},{"@type":"ListItem","position":2,"name":"Estudantes da rede estadual de SC exigem melhorias na infraestrutura de escola em manifesta\u00e7\u00e3o na Palho\u00e7a"}]},{"@type":"WebSite","@id":"https:\/\/jornalofatual.ufsc.br\/#website","url":"https:\/\/jornalofatual.ufsc.br\/","name":"O Fatual","description":"Jornalismo UFSC","potentialAction":[{"@type":"SearchAction","target":{"@type":"EntryPoint","urlTemplate":"https:\/\/jornalofatual.ufsc.br\/?s={search_term_string}"},"query-input":"required name=search_term_string"}],"inLanguage":"pt-BR"},{"@type":"Person","@id":"https:\/\/jornalofatual.ufsc.br\/#\/schema\/person\/7c4da290bbeac2ab587bf3bd9b2796c5","name":"O Fatual UFSC","image":{"@type":"ImageObject","inLanguage":"pt-BR","@id":"https:\/\/jornalofatual.ufsc.br\/#\/schema\/person\/image\/","url":"https:\/\/secure.gravatar.com\/avatar\/77a2965911ca4aaeddc636b7e775b7bb05b7e4b5d5ad85a27d016b6a781b2b04?s=96&d=mm&r=g","contentUrl":"https:\/\/secure.gravatar.com\/avatar\/77a2965911ca4aaeddc636b7e775b7bb05b7e4b5d5ad85a27d016b6a781b2b04?s=96&d=mm&r=g","caption":"O Fatual UFSC"},"sameAs":["https:\/\/jornalofatual.ufsc.br","https:\/\/www.instagram.com\/jornalofatual\/"],"url":"https:\/\/jornalofatual.ufsc.br\/index.php\/author\/jornalofactualgmail-com\/"}]}},"_links":{"self":[{"href":"https:\/\/jornalofatual.ufsc.br\/index.php\/wp-json\/wp\/v2\/posts\/2495","targetHints":{"allow":["GET"]}}],"collection":[{"href":"https:\/\/jornalofatual.ufsc.br\/index.php\/wp-json\/wp\/v2\/posts"}],"about":[{"href":"https:\/\/jornalofatual.ufsc.br\/index.php\/wp-json\/wp\/v2\/types\/post"}],"author":[{"embeddable":true,"href":"https:\/\/jornalofatual.ufsc.br\/index.php\/wp-json\/wp\/v2\/users\/1"}],"replies":[{"embeddable":true,"href":"https:\/\/jornalofatual.ufsc.br\/index.php\/wp-json\/wp\/v2\/comments?post=2495"}],"version-history":[{"count":1,"href":"https:\/\/jornalofatual.ufsc.br\/index.php\/wp-json\/wp\/v2\/posts\/2495\/revisions"}],"predecessor-version":[{"id":2497,"href":"https:\/\/jornalofatual.ufsc.br\/index.php\/wp-json\/wp\/v2\/posts\/2495\/revisions\/2497"}],"wp:featuredmedia":[{"embeddable":true,"href":"https:\/\/jornalofatual.ufsc.br\/index.php\/wp-json\/wp\/v2\/media\/2496"}],"wp:attachment":[{"href":"https:\/\/jornalofatual.ufsc.br\/index.php\/wp-json\/wp\/v2\/media?parent=2495"}],"wp:term":[{"taxonomy":"category","embeddable":true,"href":"https:\/\/jornalofatual.ufsc.br\/index.php\/wp-json\/wp\/v2\/categories?post=2495"},{"taxonomy":"post_tag","embeddable":true,"href":"https:\/\/jornalofatual.ufsc.br\/index.php\/wp-json\/wp\/v2\/tags?post=2495"}],"curies":[{"name":"wp","href":"https:\/\/api.w.org\/{rel}","templated":true}]}}