{"id":2494,"date":"2026-03-29T17:52:28","date_gmt":"2026-03-29T20:52:28","guid":{"rendered":"https:\/\/jornalofatual.ufsc.br\/?p=2494"},"modified":"2026-03-29T17:52:30","modified_gmt":"2026-03-29T20:52:30","slug":"assedio-virtual-gera-protestos-e-suspensao-de-aulas-em-escola-no-sul-da-ilha","status":"publish","type":"post","link":"https:\/\/jornalofatual.ufsc.br\/index.php\/2026\/03\/29\/assedio-virtual-gera-protestos-e-suspensao-de-aulas-em-escola-no-sul-da-ilha\/","title":{"rendered":"Ass\u00e9dio virtual gera protestos e suspens\u00e3o de aulas em escola no sul da ilha"},"content":{"rendered":"\n<p><strong><strong><strong><em><em><em><em><strong>Caso envolvendo imagens de menores nuas geradas por intelig\u00eancia artificial aciona Pol\u00edcia Civil e Secretaria de Estado da Educa\u00e7\u00e3o ap\u00f3s onda de protestos<\/strong><\/em><\/em><\/em><\/em><\/strong><\/strong><\/strong><\/p>\n\n\n\n<div style=\"height:32px\" aria-hidden=\"true\" class=\"wp-block-spacer\"><\/div>\n\n\n\n<p><strong><strong>GIO TAVARES<\/strong><\/strong><\/p>\n\n\n\n<p>Dois alunos de 17 anos s\u00e3o suspeitos de fotografar sem consentimento e utilizar intelig\u00eancia artificial para gerar fotos nuas de colegas de escola na Escola de Ensino M\u00e9dio Vereador Oscar Manoel da Concei\u00e7\u00e3o, no Rio Tavares, em Florian\u00f3polis. Registros de conversas via celular mostram um dos suspeitos pedindo para o outro criar imagens das garotas a partir das fotos. De acordo com os alunos, as imagens foram postadas em um grupo onde outro rapaz avisou as poss\u00edveis v\u00edtimas. A pol\u00edcia foi acionada ap\u00f3s a dire\u00e7\u00e3o da escola formalizar um boletim de ocorr\u00eancia.<\/p>\n\n\n\n<p>O caso gerou revolta entre estudantes, que organizaram protestos em frente \u00e0 escola e formaram uma comiss\u00e3o estudantil para apoiar as alunas. Lis Patr\u00edcio, estudante da escola e uma das organizadoras da comiss\u00e3o, disse que o pr\u00f3prio suspeito buscou a coordena\u00e7\u00e3o escolar por medo de agress\u00f5es f\u00edsicas vindas de estudantes. \u201cVieram v\u00e1rias pessoas falar com ele. Ficou com medo de apanhar e foi direto para a coordena\u00e7\u00e3o\u201d.<\/p>\n\n\n\n<p>Ap\u00f3s reuni\u00f5es emergenciais, a dire\u00e7\u00e3o da escola cancelou as aulas de sexta-feira (20). Em nota, a E.E.M Vereador Oscar Manoel da Concei\u00e7\u00e3o afirmou que a decis\u00e3o foi tomada \u201cdevido aos acontecimentos recentes e a postagens tendenciosas referente ao grupo de docentes\u201d As aulas do per\u00edodo da manh\u00e3 retornaram na ter\u00e7a-feira, (24). A dire\u00e7\u00e3o escolar n\u00e3o aceitou conceder entrevista ao Fatual UFSC.<\/p>\n\n\n\n<p>A Secretaria de Estado de Educa\u00e7\u00e3o de Santa Catarina acionou o N\u00facleo de Educa\u00e7\u00e3o, Preven\u00e7\u00e3o, Aten\u00e7\u00e3o e Atendimento \u00e0s Viol\u00eancias na Escola para oferecer acolhimento e suporte psicol\u00f3gico \u00e0s v\u00edtimas. A delegada Ester Coelho, da Delegacia de Prote\u00e7\u00e3o \u00e0 Crian\u00e7a, ao Adolescente, \u00e0 Mulher e ao Idoso (DPCAMI), est\u00e1 \u00e0 frente das investiga\u00e7\u00f5es, que est\u00e3o sob sigilo por envolverem menores de idade.<\/p>\n","protected":false},"excerpt":{"rendered":"<p>Caso envolvendo imagens de menores nuas geradas por intelig\u00eancia artificial aciona Pol\u00edcia Civil e Secretaria de Estado da Educa\u00e7\u00e3o ap\u00f3s onda de protestos GIO TAVARES Dois alunos de 17 anos s\u00e3o suspeitos de fotografar sem consentimento e utilizar intelig\u00eancia artificial para gerar fotos nuas de colegas de escola na Escola de Ensino M\u00e9dio Vereador Oscar [&hellip;]<\/p>\n","protected":false},"author":1,"featured_media":2498,"comment_status":"open","ping_status":"open","sticky":false,"template":"","format":"standard","meta":{"footnotes":""},"categories":[162,19],"tags":[],"class_list":["post-2494","post","type-post","status-publish","format-standard","has-post-thumbnail","hentry","category-educacao","category-noticias"],"yoast_head":"<!-- This site is optimized with the Yoast SEO plugin v22.9 - https:\/\/yoast.com\/wordpress\/plugins\/seo\/ -->\n<title>Ass\u00e9dio virtual gera protestos e suspens\u00e3o de aulas em escola no sul da ilha - O Fatual<\/title>\n<meta name=\"robots\" content=\"index, follow, max-snippet:-1, max-image-preview:large, max-video-preview:-1\" \/>\n<link rel=\"canonical\" href=\"https:\/\/jornalofatual.ufsc.br\/index.php\/2026\/03\/29\/assedio-virtual-gera-protestos-e-suspensao-de-aulas-em-escola-no-sul-da-ilha\/\" \/>\n<meta property=\"og:locale\" content=\"pt_BR\" \/>\n<meta property=\"og:type\" content=\"article\" \/>\n<meta property=\"og:title\" content=\"Ass\u00e9dio virtual gera protestos e suspens\u00e3o de aulas em escola no sul da ilha - O Fatual\" \/>\n<meta property=\"og:description\" content=\"Caso envolvendo imagens de menores nuas geradas por intelig\u00eancia artificial aciona Pol\u00edcia Civil e Secretaria de Estado da Educa\u00e7\u00e3o ap\u00f3s onda de protestos GIO TAVARES Dois alunos de 17 anos s\u00e3o suspeitos de fotografar sem consentimento e utilizar intelig\u00eancia artificial para gerar fotos nuas de colegas de escola na Escola de Ensino M\u00e9dio Vereador Oscar [&hellip;]\" \/>\n<meta property=\"og:url\" content=\"https:\/\/jornalofatual.ufsc.br\/index.php\/2026\/03\/29\/assedio-virtual-gera-protestos-e-suspensao-de-aulas-em-escola-no-sul-da-ilha\/\" \/>\n<meta property=\"og:site_name\" content=\"O Fatual\" \/>\n<meta property=\"article:published_time\" content=\"2026-03-29T20:52:28+00:00\" \/>\n<meta property=\"article:modified_time\" content=\"2026-03-29T20:52:30+00:00\" \/>\n<meta property=\"og:image\" content=\"http:\/\/jornalofatual.ufsc.br\/wp-content\/uploads\/2026\/03\/image-1.jpeg\" \/>\n\t<meta property=\"og:image:width\" content=\"1600\" \/>\n\t<meta property=\"og:image:height\" content=\"900\" \/>\n\t<meta property=\"og:image:type\" content=\"image\/jpeg\" \/>\n<meta name=\"author\" content=\"O Fatual UFSC\" \/>\n<meta name=\"twitter:card\" content=\"summary_large_image\" \/>\n<meta name=\"twitter:label1\" content=\"Escrito por\" \/>\n\t<meta name=\"twitter:data1\" content=\"O Fatual UFSC\" \/>\n\t<meta name=\"twitter:label2\" content=\"Est. tempo de leitura\" \/>\n\t<meta name=\"twitter:data2\" content=\"2 minutos\" \/>\n<script type=\"application\/ld+json\" class=\"yoast-schema-graph\">{\"@context\":\"https:\/\/schema.org\",\"@graph\":[{\"@type\":\"WebPage\",\"@id\":\"https:\/\/jornalofatual.ufsc.br\/index.php\/2026\/03\/29\/assedio-virtual-gera-protestos-e-suspensao-de-aulas-em-escola-no-sul-da-ilha\/\",\"url\":\"https:\/\/jornalofatual.ufsc.br\/index.php\/2026\/03\/29\/assedio-virtual-gera-protestos-e-suspensao-de-aulas-em-escola-no-sul-da-ilha\/\",\"name\":\"Ass\u00e9dio virtual gera protestos e suspens\u00e3o de aulas em escola no sul da ilha - O Fatual\",\"isPartOf\":{\"@id\":\"https:\/\/jornalofatual.ufsc.br\/#website\"},\"primaryImageOfPage\":{\"@id\":\"https:\/\/jornalofatual.ufsc.br\/index.php\/2026\/03\/29\/assedio-virtual-gera-protestos-e-suspensao-de-aulas-em-escola-no-sul-da-ilha\/#primaryimage\"},\"image\":{\"@id\":\"https:\/\/jornalofatual.ufsc.br\/index.php\/2026\/03\/29\/assedio-virtual-gera-protestos-e-suspensao-de-aulas-em-escola-no-sul-da-ilha\/#primaryimage\"},\"thumbnailUrl\":\"https:\/\/jornalofatual.ufsc.br\/wp-content\/uploads\/2026\/03\/image-1.jpeg\",\"datePublished\":\"2026-03-29T20:52:28+00:00\",\"dateModified\":\"2026-03-29T20:52:30+00:00\",\"author\":{\"@id\":\"https:\/\/jornalofatual.ufsc.br\/#\/schema\/person\/7c4da290bbeac2ab587bf3bd9b2796c5\"},\"breadcrumb\":{\"@id\":\"https:\/\/jornalofatual.ufsc.br\/index.php\/2026\/03\/29\/assedio-virtual-gera-protestos-e-suspensao-de-aulas-em-escola-no-sul-da-ilha\/#breadcrumb\"},\"inLanguage\":\"pt-BR\",\"potentialAction\":[{\"@type\":\"ReadAction\",\"target\":[\"https:\/\/jornalofatual.ufsc.br\/index.php\/2026\/03\/29\/assedio-virtual-gera-protestos-e-suspensao-de-aulas-em-escola-no-sul-da-ilha\/\"]}]},{\"@type\":\"ImageObject\",\"inLanguage\":\"pt-BR\",\"@id\":\"https:\/\/jornalofatual.ufsc.br\/index.php\/2026\/03\/29\/assedio-virtual-gera-protestos-e-suspensao-de-aulas-em-escola-no-sul-da-ilha\/#primaryimage\",\"url\":\"https:\/\/jornalofatual.ufsc.br\/wp-content\/uploads\/2026\/03\/image-1.jpeg\",\"contentUrl\":\"https:\/\/jornalofatual.ufsc.br\/wp-content\/uploads\/2026\/03\/image-1.jpeg\",\"width\":1600,\"height\":900},{\"@type\":\"BreadcrumbList\",\"@id\":\"https:\/\/jornalofatual.ufsc.br\/index.php\/2026\/03\/29\/assedio-virtual-gera-protestos-e-suspensao-de-aulas-em-escola-no-sul-da-ilha\/#breadcrumb\",\"itemListElement\":[{\"@type\":\"ListItem\",\"position\":1,\"name\":\"In\u00edcio\",\"item\":\"https:\/\/jornalofatual.ufsc.br\/\"},{\"@type\":\"ListItem\",\"position\":2,\"name\":\"Ass\u00e9dio virtual gera protestos e suspens\u00e3o de aulas em escola no sul da ilha\"}]},{\"@type\":\"WebSite\",\"@id\":\"https:\/\/jornalofatual.ufsc.br\/#website\",\"url\":\"https:\/\/jornalofatual.ufsc.br\/\",\"name\":\"O Fatual\",\"description\":\"Jornalismo UFSC\",\"potentialAction\":[{\"@type\":\"SearchAction\",\"target\":{\"@type\":\"EntryPoint\",\"urlTemplate\":\"https:\/\/jornalofatual.ufsc.br\/?s={search_term_string}\"},\"query-input\":\"required name=search_term_string\"}],\"inLanguage\":\"pt-BR\"},{\"@type\":\"Person\",\"@id\":\"https:\/\/jornalofatual.ufsc.br\/#\/schema\/person\/7c4da290bbeac2ab587bf3bd9b2796c5\",\"name\":\"O Fatual UFSC\",\"image\":{\"@type\":\"ImageObject\",\"inLanguage\":\"pt-BR\",\"@id\":\"https:\/\/jornalofatual.ufsc.br\/#\/schema\/person\/image\/\",\"url\":\"https:\/\/secure.gravatar.com\/avatar\/77a2965911ca4aaeddc636b7e775b7bb05b7e4b5d5ad85a27d016b6a781b2b04?s=96&d=mm&r=g\",\"contentUrl\":\"https:\/\/secure.gravatar.com\/avatar\/77a2965911ca4aaeddc636b7e775b7bb05b7e4b5d5ad85a27d016b6a781b2b04?s=96&d=mm&r=g\",\"caption\":\"O Fatual UFSC\"},\"sameAs\":[\"https:\/\/jornalofatual.ufsc.br\",\"https:\/\/www.instagram.com\/jornalofatual\/\"],\"url\":\"https:\/\/jornalofatual.ufsc.br\/index.php\/author\/jornalofactualgmail-com\/\"}]}<\/script>\n<!-- \/ Yoast SEO plugin. -->","yoast_head_json":{"title":"Ass\u00e9dio virtual gera protestos e suspens\u00e3o de aulas em escola no sul da ilha - O Fatual","robots":{"index":"index","follow":"follow","max-snippet":"max-snippet:-1","max-image-preview":"max-image-preview:large","max-video-preview":"max-video-preview:-1"},"canonical":"https:\/\/jornalofatual.ufsc.br\/index.php\/2026\/03\/29\/assedio-virtual-gera-protestos-e-suspensao-de-aulas-em-escola-no-sul-da-ilha\/","og_locale":"pt_BR","og_type":"article","og_title":"Ass\u00e9dio virtual gera protestos e suspens\u00e3o de aulas em escola no sul da ilha - O Fatual","og_description":"Caso envolvendo imagens de menores nuas geradas por intelig\u00eancia artificial aciona Pol\u00edcia Civil e Secretaria de Estado da Educa\u00e7\u00e3o ap\u00f3s onda de protestos GIO TAVARES Dois alunos de 17 anos s\u00e3o suspeitos de fotografar sem consentimento e utilizar intelig\u00eancia artificial para gerar fotos nuas de colegas de escola na Escola de Ensino M\u00e9dio Vereador Oscar [&hellip;]","og_url":"https:\/\/jornalofatual.ufsc.br\/index.php\/2026\/03\/29\/assedio-virtual-gera-protestos-e-suspensao-de-aulas-em-escola-no-sul-da-ilha\/","og_site_name":"O Fatual","article_published_time":"2026-03-29T20:52:28+00:00","article_modified_time":"2026-03-29T20:52:30+00:00","og_image":[{"width":1600,"height":900,"url":"http:\/\/jornalofatual.ufsc.br\/wp-content\/uploads\/2026\/03\/image-1.jpeg","type":"image\/jpeg"}],"author":"O Fatual UFSC","twitter_card":"summary_large_image","twitter_misc":{"Escrito por":"O Fatual UFSC","Est. tempo de leitura":"2 minutos"},"schema":{"@context":"https:\/\/schema.org","@graph":[{"@type":"WebPage","@id":"https:\/\/jornalofatual.ufsc.br\/index.php\/2026\/03\/29\/assedio-virtual-gera-protestos-e-suspensao-de-aulas-em-escola-no-sul-da-ilha\/","url":"https:\/\/jornalofatual.ufsc.br\/index.php\/2026\/03\/29\/assedio-virtual-gera-protestos-e-suspensao-de-aulas-em-escola-no-sul-da-ilha\/","name":"Ass\u00e9dio virtual gera protestos e suspens\u00e3o de aulas em escola no sul da ilha - O Fatual","isPartOf":{"@id":"https:\/\/jornalofatual.ufsc.br\/#website"},"primaryImageOfPage":{"@id":"https:\/\/jornalofatual.ufsc.br\/index.php\/2026\/03\/29\/assedio-virtual-gera-protestos-e-suspensao-de-aulas-em-escola-no-sul-da-ilha\/#primaryimage"},"image":{"@id":"https:\/\/jornalofatual.ufsc.br\/index.php\/2026\/03\/29\/assedio-virtual-gera-protestos-e-suspensao-de-aulas-em-escola-no-sul-da-ilha\/#primaryimage"},"thumbnailUrl":"https:\/\/jornalofatual.ufsc.br\/wp-content\/uploads\/2026\/03\/image-1.jpeg","datePublished":"2026-03-29T20:52:28+00:00","dateModified":"2026-03-29T20:52:30+00:00","author":{"@id":"https:\/\/jornalofatual.ufsc.br\/#\/schema\/person\/7c4da290bbeac2ab587bf3bd9b2796c5"},"breadcrumb":{"@id":"https:\/\/jornalofatual.ufsc.br\/index.php\/2026\/03\/29\/assedio-virtual-gera-protestos-e-suspensao-de-aulas-em-escola-no-sul-da-ilha\/#breadcrumb"},"inLanguage":"pt-BR","potentialAction":[{"@type":"ReadAction","target":["https:\/\/jornalofatual.ufsc.br\/index.php\/2026\/03\/29\/assedio-virtual-gera-protestos-e-suspensao-de-aulas-em-escola-no-sul-da-ilha\/"]}]},{"@type":"ImageObject","inLanguage":"pt-BR","@id":"https:\/\/jornalofatual.ufsc.br\/index.php\/2026\/03\/29\/assedio-virtual-gera-protestos-e-suspensao-de-aulas-em-escola-no-sul-da-ilha\/#primaryimage","url":"https:\/\/jornalofatual.ufsc.br\/wp-content\/uploads\/2026\/03\/image-1.jpeg","contentUrl":"https:\/\/jornalofatual.ufsc.br\/wp-content\/uploads\/2026\/03\/image-1.jpeg","width":1600,"height":900},{"@type":"BreadcrumbList","@id":"https:\/\/jornalofatual.ufsc.br\/index.php\/2026\/03\/29\/assedio-virtual-gera-protestos-e-suspensao-de-aulas-em-escola-no-sul-da-ilha\/#breadcrumb","itemListElement":[{"@type":"ListItem","position":1,"name":"In\u00edcio","item":"https:\/\/jornalofatual.ufsc.br\/"},{"@type":"ListItem","position":2,"name":"Ass\u00e9dio virtual gera protestos e suspens\u00e3o de aulas em escola no sul da ilha"}]},{"@type":"WebSite","@id":"https:\/\/jornalofatual.ufsc.br\/#website","url":"https:\/\/jornalofatual.ufsc.br\/","name":"O Fatual","description":"Jornalismo UFSC","potentialAction":[{"@type":"SearchAction","target":{"@type":"EntryPoint","urlTemplate":"https:\/\/jornalofatual.ufsc.br\/?s={search_term_string}"},"query-input":"required name=search_term_string"}],"inLanguage":"pt-BR"},{"@type":"Person","@id":"https:\/\/jornalofatual.ufsc.br\/#\/schema\/person\/7c4da290bbeac2ab587bf3bd9b2796c5","name":"O Fatual UFSC","image":{"@type":"ImageObject","inLanguage":"pt-BR","@id":"https:\/\/jornalofatual.ufsc.br\/#\/schema\/person\/image\/","url":"https:\/\/secure.gravatar.com\/avatar\/77a2965911ca4aaeddc636b7e775b7bb05b7e4b5d5ad85a27d016b6a781b2b04?s=96&d=mm&r=g","contentUrl":"https:\/\/secure.gravatar.com\/avatar\/77a2965911ca4aaeddc636b7e775b7bb05b7e4b5d5ad85a27d016b6a781b2b04?s=96&d=mm&r=g","caption":"O Fatual UFSC"},"sameAs":["https:\/\/jornalofatual.ufsc.br","https:\/\/www.instagram.com\/jornalofatual\/"],"url":"https:\/\/jornalofatual.ufsc.br\/index.php\/author\/jornalofactualgmail-com\/"}]}},"_links":{"self":[{"href":"https:\/\/jornalofatual.ufsc.br\/index.php\/wp-json\/wp\/v2\/posts\/2494","targetHints":{"allow":["GET"]}}],"collection":[{"href":"https:\/\/jornalofatual.ufsc.br\/index.php\/wp-json\/wp\/v2\/posts"}],"about":[{"href":"https:\/\/jornalofatual.ufsc.br\/index.php\/wp-json\/wp\/v2\/types\/post"}],"author":[{"embeddable":true,"href":"https:\/\/jornalofatual.ufsc.br\/index.php\/wp-json\/wp\/v2\/users\/1"}],"replies":[{"embeddable":true,"href":"https:\/\/jornalofatual.ufsc.br\/index.php\/wp-json\/wp\/v2\/comments?post=2494"}],"version-history":[{"count":1,"href":"https:\/\/jornalofatual.ufsc.br\/index.php\/wp-json\/wp\/v2\/posts\/2494\/revisions"}],"predecessor-version":[{"id":2499,"href":"https:\/\/jornalofatual.ufsc.br\/index.php\/wp-json\/wp\/v2\/posts\/2494\/revisions\/2499"}],"wp:featuredmedia":[{"embeddable":true,"href":"https:\/\/jornalofatual.ufsc.br\/index.php\/wp-json\/wp\/v2\/media\/2498"}],"wp:attachment":[{"href":"https:\/\/jornalofatual.ufsc.br\/index.php\/wp-json\/wp\/v2\/media?parent=2494"}],"wp:term":[{"taxonomy":"category","embeddable":true,"href":"https:\/\/jornalofatual.ufsc.br\/index.php\/wp-json\/wp\/v2\/categories?post=2494"},{"taxonomy":"post_tag","embeddable":true,"href":"https:\/\/jornalofatual.ufsc.br\/index.php\/wp-json\/wp\/v2\/tags?post=2494"}],"curies":[{"name":"wp","href":"https:\/\/api.w.org\/{rel}","templated":true}]}}