{"id":2491,"date":"2026-03-23T17:39:22","date_gmt":"2026-03-23T20:39:22","guid":{"rendered":"https:\/\/jornalofatual.ufsc.br\/?p=2491"},"modified":"2026-03-23T17:39:24","modified_gmt":"2026-03-23T20:39:24","slug":"galeria-de-arte-transforma-periferia-em-museu-no-morro-do-mocoto","status":"publish","type":"post","link":"https:\/\/jornalofatual.ufsc.br\/index.php\/2026\/03\/23\/galeria-de-arte-transforma-periferia-em-museu-no-morro-do-mocoto\/","title":{"rendered":"Galeria de arte transforma periferia em museu no Morro do Mocot\u00f3"},"content":{"rendered":"\n<p><strong><strong><strong><em><em><em><em>Pinturas em murais s\u00e3o resultado de projeto composto por 60 artistas<\/em><\/em><\/em><\/em><\/strong><\/strong><\/strong><\/p>\n\n\n\n<div style=\"height:32px\" aria-hidden=\"true\" class=\"wp-block-spacer\"><\/div>\n\n\n\n<p><strong>LUIZA CARDOSO<\/strong><\/p>\n\n\n\n<p>As paredes de uma das mais antigas comunidades de Florian\u00f3polis se transformaram em uma galeria de arte \u00e0 c\u00e9u aberto gra\u00e7as ao trabalho de 60 artistas de diferentes regi\u00f5es do Brasil. As obras foram pintadas com grafite. A a\u00e7\u00e3o foi finalizada em 7 e 8 de mar\u00e7o.&nbsp;<\/p>\n\n\n\n<p>As pinturas s\u00e3o resultado do projeto Galeria de Arte do Mocot\u00f3, idealizado pelo Instituto Cidades Invis\u00edveis e patrocinado pela Secretaria Municipal de Cultura, Esporte e Lazer e pela Funda\u00e7\u00e3o Franklin Cascaes. Ao subir a escadaria que leva ao Morro, verdadeiras obras de arte, feitas com grafite, s\u00e3o vistas pelos visitantes. Em um encontro entre arte, comunidade e cultura, 60 murais hoje colorem o espa\u00e7o.&nbsp;<\/p>\n\n\n\n<p>Segundo a grafiteira e tatuadora Kenia Kuriki, integrante do projeto, a escolha do grafite como linguagem art\u00edstica dialoga com sua pr\u00f3pria trajet\u00f3ria e com o potencial transformador da arte nas comunidades. \u201cO grafite mostra \u00e0s crian\u00e7as, adolescentes e jovens que \u00e9 poss\u00edvel sonhar e construir uma vida digna por meio da arte e do estudo\u201d, afirma.&nbsp;<\/p>\n\n\n\n<p>A artista tamb\u00e9m destaca que, quando era jovem, foi impactada por iniciativas culturais semelhantes em sua comunidade. Foram experi\u00eancias que, segundo ela, inspiraram e mudaram o caminho de muitos amigos que hoje seguem atuando nesse mesmo prop\u00f3sito. \u201cAcredito que a a\u00e7\u00e3o vai trazer mais cores e esperan\u00e7a para o local. Ap\u00f3s o t\u00e9rmino do mural, j\u00e1 tinha crian\u00e7as brincando com \u00e1gua no espa\u00e7o e o colorido deixou a cena mais alegre\u201d, contou o artista de rua Rellyson 27, que tamb\u00e9m participou na cria\u00e7\u00e3o dos murais.<\/p>\n","protected":false},"excerpt":{"rendered":"<p>Pinturas em murais s\u00e3o resultado de projeto composto por 60 artistas LUIZA CARDOSO As paredes de uma das mais antigas comunidades de Florian\u00f3polis se transformaram em uma galeria de arte \u00e0 c\u00e9u aberto gra\u00e7as ao trabalho de 60 artistas de diferentes regi\u00f5es do Brasil. As obras foram pintadas com grafite. A a\u00e7\u00e3o foi finalizada em [&hellip;]<\/p>\n","protected":false},"author":1,"featured_media":2492,"comment_status":"open","ping_status":"open","sticky":false,"template":"","format":"standard","meta":{"footnotes":""},"categories":[111,19],"tags":[],"class_list":["post-2491","post","type-post","status-publish","format-standard","has-post-thumbnail","hentry","category-cultura","category-noticias"],"yoast_head":"<!-- This site is optimized with the Yoast SEO plugin v22.9 - https:\/\/yoast.com\/wordpress\/plugins\/seo\/ -->\n<title>Galeria de arte transforma periferia em museu no Morro do Mocot\u00f3 - O Fatual<\/title>\n<meta name=\"robots\" content=\"index, follow, max-snippet:-1, max-image-preview:large, max-video-preview:-1\" \/>\n<link rel=\"canonical\" href=\"https:\/\/jornalofatual.ufsc.br\/index.php\/2026\/03\/23\/galeria-de-arte-transforma-periferia-em-museu-no-morro-do-mocoto\/\" \/>\n<meta property=\"og:locale\" content=\"pt_BR\" \/>\n<meta property=\"og:type\" content=\"article\" \/>\n<meta property=\"og:title\" content=\"Galeria de arte transforma periferia em museu no Morro do Mocot\u00f3 - O Fatual\" \/>\n<meta property=\"og:description\" content=\"Pinturas em murais s\u00e3o resultado de projeto composto por 60 artistas LUIZA CARDOSO As paredes de uma das mais antigas comunidades de Florian\u00f3polis se transformaram em uma galeria de arte \u00e0 c\u00e9u aberto gra\u00e7as ao trabalho de 60 artistas de diferentes regi\u00f5es do Brasil. As obras foram pintadas com grafite. A a\u00e7\u00e3o foi finalizada em [&hellip;]\" \/>\n<meta property=\"og:url\" content=\"https:\/\/jornalofatual.ufsc.br\/index.php\/2026\/03\/23\/galeria-de-arte-transforma-periferia-em-museu-no-morro-do-mocoto\/\" \/>\n<meta property=\"og:site_name\" content=\"O Fatual\" \/>\n<meta property=\"article:published_time\" content=\"2026-03-23T20:39:22+00:00\" \/>\n<meta property=\"article:modified_time\" content=\"2026-03-23T20:39:24+00:00\" \/>\n<meta property=\"og:image\" content=\"http:\/\/jornalofatual.ufsc.br\/wp-content\/uploads\/2026\/03\/WhatsApp-Image-2026-03-19-at-11.59.14.jpeg\" \/>\n\t<meta property=\"og:image:width\" content=\"1200\" \/>\n\t<meta property=\"og:image:height\" content=\"800\" \/>\n\t<meta property=\"og:image:type\" content=\"image\/jpeg\" \/>\n<meta name=\"author\" content=\"O Fatual UFSC\" \/>\n<meta name=\"twitter:card\" content=\"summary_large_image\" \/>\n<meta name=\"twitter:label1\" content=\"Escrito por\" \/>\n\t<meta name=\"twitter:data1\" content=\"O Fatual UFSC\" \/>\n\t<meta name=\"twitter:label2\" content=\"Est. tempo de leitura\" \/>\n\t<meta name=\"twitter:data2\" content=\"2 minutos\" \/>\n<script type=\"application\/ld+json\" class=\"yoast-schema-graph\">{\"@context\":\"https:\/\/schema.org\",\"@graph\":[{\"@type\":\"WebPage\",\"@id\":\"https:\/\/jornalofatual.ufsc.br\/index.php\/2026\/03\/23\/galeria-de-arte-transforma-periferia-em-museu-no-morro-do-mocoto\/\",\"url\":\"https:\/\/jornalofatual.ufsc.br\/index.php\/2026\/03\/23\/galeria-de-arte-transforma-periferia-em-museu-no-morro-do-mocoto\/\",\"name\":\"Galeria de arte transforma periferia em museu no Morro do Mocot\u00f3 - O Fatual\",\"isPartOf\":{\"@id\":\"https:\/\/jornalofatual.ufsc.br\/#website\"},\"primaryImageOfPage\":{\"@id\":\"https:\/\/jornalofatual.ufsc.br\/index.php\/2026\/03\/23\/galeria-de-arte-transforma-periferia-em-museu-no-morro-do-mocoto\/#primaryimage\"},\"image\":{\"@id\":\"https:\/\/jornalofatual.ufsc.br\/index.php\/2026\/03\/23\/galeria-de-arte-transforma-periferia-em-museu-no-morro-do-mocoto\/#primaryimage\"},\"thumbnailUrl\":\"https:\/\/jornalofatual.ufsc.br\/wp-content\/uploads\/2026\/03\/WhatsApp-Image-2026-03-19-at-11.59.14.jpeg\",\"datePublished\":\"2026-03-23T20:39:22+00:00\",\"dateModified\":\"2026-03-23T20:39:24+00:00\",\"author\":{\"@id\":\"https:\/\/jornalofatual.ufsc.br\/#\/schema\/person\/7c4da290bbeac2ab587bf3bd9b2796c5\"},\"breadcrumb\":{\"@id\":\"https:\/\/jornalofatual.ufsc.br\/index.php\/2026\/03\/23\/galeria-de-arte-transforma-periferia-em-museu-no-morro-do-mocoto\/#breadcrumb\"},\"inLanguage\":\"pt-BR\",\"potentialAction\":[{\"@type\":\"ReadAction\",\"target\":[\"https:\/\/jornalofatual.ufsc.br\/index.php\/2026\/03\/23\/galeria-de-arte-transforma-periferia-em-museu-no-morro-do-mocoto\/\"]}]},{\"@type\":\"ImageObject\",\"inLanguage\":\"pt-BR\",\"@id\":\"https:\/\/jornalofatual.ufsc.br\/index.php\/2026\/03\/23\/galeria-de-arte-transforma-periferia-em-museu-no-morro-do-mocoto\/#primaryimage\",\"url\":\"https:\/\/jornalofatual.ufsc.br\/wp-content\/uploads\/2026\/03\/WhatsApp-Image-2026-03-19-at-11.59.14.jpeg\",\"contentUrl\":\"https:\/\/jornalofatual.ufsc.br\/wp-content\/uploads\/2026\/03\/WhatsApp-Image-2026-03-19-at-11.59.14.jpeg\",\"width\":1200,\"height\":800,\"caption\":\"Grafite de @mariafetcriu (Foto: Reprodu\u00e7\u00e3o, Cidades Invis\u00edveis)\"},{\"@type\":\"BreadcrumbList\",\"@id\":\"https:\/\/jornalofatual.ufsc.br\/index.php\/2026\/03\/23\/galeria-de-arte-transforma-periferia-em-museu-no-morro-do-mocoto\/#breadcrumb\",\"itemListElement\":[{\"@type\":\"ListItem\",\"position\":1,\"name\":\"In\u00edcio\",\"item\":\"https:\/\/jornalofatual.ufsc.br\/\"},{\"@type\":\"ListItem\",\"position\":2,\"name\":\"Galeria de arte transforma periferia em museu no Morro do Mocot\u00f3\"}]},{\"@type\":\"WebSite\",\"@id\":\"https:\/\/jornalofatual.ufsc.br\/#website\",\"url\":\"https:\/\/jornalofatual.ufsc.br\/\",\"name\":\"O Fatual\",\"description\":\"Jornalismo UFSC\",\"potentialAction\":[{\"@type\":\"SearchAction\",\"target\":{\"@type\":\"EntryPoint\",\"urlTemplate\":\"https:\/\/jornalofatual.ufsc.br\/?s={search_term_string}\"},\"query-input\":\"required name=search_term_string\"}],\"inLanguage\":\"pt-BR\"},{\"@type\":\"Person\",\"@id\":\"https:\/\/jornalofatual.ufsc.br\/#\/schema\/person\/7c4da290bbeac2ab587bf3bd9b2796c5\",\"name\":\"O Fatual UFSC\",\"image\":{\"@type\":\"ImageObject\",\"inLanguage\":\"pt-BR\",\"@id\":\"https:\/\/jornalofatual.ufsc.br\/#\/schema\/person\/image\/\",\"url\":\"https:\/\/secure.gravatar.com\/avatar\/77a2965911ca4aaeddc636b7e775b7bb05b7e4b5d5ad85a27d016b6a781b2b04?s=96&d=mm&r=g\",\"contentUrl\":\"https:\/\/secure.gravatar.com\/avatar\/77a2965911ca4aaeddc636b7e775b7bb05b7e4b5d5ad85a27d016b6a781b2b04?s=96&d=mm&r=g\",\"caption\":\"O Fatual UFSC\"},\"sameAs\":[\"https:\/\/jornalofatual.ufsc.br\",\"https:\/\/www.instagram.com\/jornalofatual\/\"],\"url\":\"https:\/\/jornalofatual.ufsc.br\/index.php\/author\/jornalofactualgmail-com\/\"}]}<\/script>\n<!-- \/ Yoast SEO plugin. -->","yoast_head_json":{"title":"Galeria de arte transforma periferia em museu no Morro do Mocot\u00f3 - O Fatual","robots":{"index":"index","follow":"follow","max-snippet":"max-snippet:-1","max-image-preview":"max-image-preview:large","max-video-preview":"max-video-preview:-1"},"canonical":"https:\/\/jornalofatual.ufsc.br\/index.php\/2026\/03\/23\/galeria-de-arte-transforma-periferia-em-museu-no-morro-do-mocoto\/","og_locale":"pt_BR","og_type":"article","og_title":"Galeria de arte transforma periferia em museu no Morro do Mocot\u00f3 - O Fatual","og_description":"Pinturas em murais s\u00e3o resultado de projeto composto por 60 artistas LUIZA CARDOSO As paredes de uma das mais antigas comunidades de Florian\u00f3polis se transformaram em uma galeria de arte \u00e0 c\u00e9u aberto gra\u00e7as ao trabalho de 60 artistas de diferentes regi\u00f5es do Brasil. As obras foram pintadas com grafite. A a\u00e7\u00e3o foi finalizada em [&hellip;]","og_url":"https:\/\/jornalofatual.ufsc.br\/index.php\/2026\/03\/23\/galeria-de-arte-transforma-periferia-em-museu-no-morro-do-mocoto\/","og_site_name":"O Fatual","article_published_time":"2026-03-23T20:39:22+00:00","article_modified_time":"2026-03-23T20:39:24+00:00","og_image":[{"width":1200,"height":800,"url":"http:\/\/jornalofatual.ufsc.br\/wp-content\/uploads\/2026\/03\/WhatsApp-Image-2026-03-19-at-11.59.14.jpeg","type":"image\/jpeg"}],"author":"O Fatual UFSC","twitter_card":"summary_large_image","twitter_misc":{"Escrito por":"O Fatual UFSC","Est. tempo de leitura":"2 minutos"},"schema":{"@context":"https:\/\/schema.org","@graph":[{"@type":"WebPage","@id":"https:\/\/jornalofatual.ufsc.br\/index.php\/2026\/03\/23\/galeria-de-arte-transforma-periferia-em-museu-no-morro-do-mocoto\/","url":"https:\/\/jornalofatual.ufsc.br\/index.php\/2026\/03\/23\/galeria-de-arte-transforma-periferia-em-museu-no-morro-do-mocoto\/","name":"Galeria de arte transforma periferia em museu no Morro do Mocot\u00f3 - O Fatual","isPartOf":{"@id":"https:\/\/jornalofatual.ufsc.br\/#website"},"primaryImageOfPage":{"@id":"https:\/\/jornalofatual.ufsc.br\/index.php\/2026\/03\/23\/galeria-de-arte-transforma-periferia-em-museu-no-morro-do-mocoto\/#primaryimage"},"image":{"@id":"https:\/\/jornalofatual.ufsc.br\/index.php\/2026\/03\/23\/galeria-de-arte-transforma-periferia-em-museu-no-morro-do-mocoto\/#primaryimage"},"thumbnailUrl":"https:\/\/jornalofatual.ufsc.br\/wp-content\/uploads\/2026\/03\/WhatsApp-Image-2026-03-19-at-11.59.14.jpeg","datePublished":"2026-03-23T20:39:22+00:00","dateModified":"2026-03-23T20:39:24+00:00","author":{"@id":"https:\/\/jornalofatual.ufsc.br\/#\/schema\/person\/7c4da290bbeac2ab587bf3bd9b2796c5"},"breadcrumb":{"@id":"https:\/\/jornalofatual.ufsc.br\/index.php\/2026\/03\/23\/galeria-de-arte-transforma-periferia-em-museu-no-morro-do-mocoto\/#breadcrumb"},"inLanguage":"pt-BR","potentialAction":[{"@type":"ReadAction","target":["https:\/\/jornalofatual.ufsc.br\/index.php\/2026\/03\/23\/galeria-de-arte-transforma-periferia-em-museu-no-morro-do-mocoto\/"]}]},{"@type":"ImageObject","inLanguage":"pt-BR","@id":"https:\/\/jornalofatual.ufsc.br\/index.php\/2026\/03\/23\/galeria-de-arte-transforma-periferia-em-museu-no-morro-do-mocoto\/#primaryimage","url":"https:\/\/jornalofatual.ufsc.br\/wp-content\/uploads\/2026\/03\/WhatsApp-Image-2026-03-19-at-11.59.14.jpeg","contentUrl":"https:\/\/jornalofatual.ufsc.br\/wp-content\/uploads\/2026\/03\/WhatsApp-Image-2026-03-19-at-11.59.14.jpeg","width":1200,"height":800,"caption":"Grafite de @mariafetcriu (Foto: Reprodu\u00e7\u00e3o, Cidades Invis\u00edveis)"},{"@type":"BreadcrumbList","@id":"https:\/\/jornalofatual.ufsc.br\/index.php\/2026\/03\/23\/galeria-de-arte-transforma-periferia-em-museu-no-morro-do-mocoto\/#breadcrumb","itemListElement":[{"@type":"ListItem","position":1,"name":"In\u00edcio","item":"https:\/\/jornalofatual.ufsc.br\/"},{"@type":"ListItem","position":2,"name":"Galeria de arte transforma periferia em museu no Morro do Mocot\u00f3"}]},{"@type":"WebSite","@id":"https:\/\/jornalofatual.ufsc.br\/#website","url":"https:\/\/jornalofatual.ufsc.br\/","name":"O Fatual","description":"Jornalismo UFSC","potentialAction":[{"@type":"SearchAction","target":{"@type":"EntryPoint","urlTemplate":"https:\/\/jornalofatual.ufsc.br\/?s={search_term_string}"},"query-input":"required name=search_term_string"}],"inLanguage":"pt-BR"},{"@type":"Person","@id":"https:\/\/jornalofatual.ufsc.br\/#\/schema\/person\/7c4da290bbeac2ab587bf3bd9b2796c5","name":"O Fatual UFSC","image":{"@type":"ImageObject","inLanguage":"pt-BR","@id":"https:\/\/jornalofatual.ufsc.br\/#\/schema\/person\/image\/","url":"https:\/\/secure.gravatar.com\/avatar\/77a2965911ca4aaeddc636b7e775b7bb05b7e4b5d5ad85a27d016b6a781b2b04?s=96&d=mm&r=g","contentUrl":"https:\/\/secure.gravatar.com\/avatar\/77a2965911ca4aaeddc636b7e775b7bb05b7e4b5d5ad85a27d016b6a781b2b04?s=96&d=mm&r=g","caption":"O Fatual UFSC"},"sameAs":["https:\/\/jornalofatual.ufsc.br","https:\/\/www.instagram.com\/jornalofatual\/"],"url":"https:\/\/jornalofatual.ufsc.br\/index.php\/author\/jornalofactualgmail-com\/"}]}},"_links":{"self":[{"href":"https:\/\/jornalofatual.ufsc.br\/index.php\/wp-json\/wp\/v2\/posts\/2491","targetHints":{"allow":["GET"]}}],"collection":[{"href":"https:\/\/jornalofatual.ufsc.br\/index.php\/wp-json\/wp\/v2\/posts"}],"about":[{"href":"https:\/\/jornalofatual.ufsc.br\/index.php\/wp-json\/wp\/v2\/types\/post"}],"author":[{"embeddable":true,"href":"https:\/\/jornalofatual.ufsc.br\/index.php\/wp-json\/wp\/v2\/users\/1"}],"replies":[{"embeddable":true,"href":"https:\/\/jornalofatual.ufsc.br\/index.php\/wp-json\/wp\/v2\/comments?post=2491"}],"version-history":[{"count":1,"href":"https:\/\/jornalofatual.ufsc.br\/index.php\/wp-json\/wp\/v2\/posts\/2491\/revisions"}],"predecessor-version":[{"id":2493,"href":"https:\/\/jornalofatual.ufsc.br\/index.php\/wp-json\/wp\/v2\/posts\/2491\/revisions\/2493"}],"wp:featuredmedia":[{"embeddable":true,"href":"https:\/\/jornalofatual.ufsc.br\/index.php\/wp-json\/wp\/v2\/media\/2492"}],"wp:attachment":[{"href":"https:\/\/jornalofatual.ufsc.br\/index.php\/wp-json\/wp\/v2\/media?parent=2491"}],"wp:term":[{"taxonomy":"category","embeddable":true,"href":"https:\/\/jornalofatual.ufsc.br\/index.php\/wp-json\/wp\/v2\/categories?post=2491"},{"taxonomy":"post_tag","embeddable":true,"href":"https:\/\/jornalofatual.ufsc.br\/index.php\/wp-json\/wp\/v2\/tags?post=2491"}],"curies":[{"name":"wp","href":"https:\/\/api.w.org\/{rel}","templated":true}]}}