{"id":2449,"date":"2025-12-09T17:21:12","date_gmt":"2025-12-09T20:21:12","guid":{"rendered":"https:\/\/jornalofatual.ufsc.br\/?p=2449"},"modified":"2025-12-09T17:21:14","modified_gmt":"2025-12-09T20:21:14","slug":"desembargador-joao-marcos-buch-critica-sistema-carcerario-em-aula-na-ufsc","status":"publish","type":"post","link":"https:\/\/jornalofatual.ufsc.br\/index.php\/2025\/12\/09\/desembargador-joao-marcos-buch-critica-sistema-carcerario-em-aula-na-ufsc\/","title":{"rendered":"Desembargador Jo\u00e3o Marcos Buch critica sistema carcer\u00e1rio em aula na UFSC"},"content":{"rendered":"\n<p><strong><strong><strong><em>Discuss\u00e3o sobre papel do Estado e das pol\u00edticas p\u00fablicas de seguran\u00e7a reuniu estudantes de Jornalismo e concluiu que falhas na infraestrutura das penitenci\u00e1rias levam jovens ao crime organizado<\/em><\/strong><\/strong><\/strong><\/p>\n\n\n\n<div style=\"height:32px\" aria-hidden=\"true\" class=\"wp-block-spacer\"><\/div>\n\n\n\n<p><strong>JULIA WUST<\/strong><\/p>\n\n\n\n<p>Os direitos humanos e o papel do poder p\u00fablico na seguran\u00e7a foram temas centrais da roda de conversa com participa\u00e7\u00e3o do desembargador Jo\u00e3o Marcos Buch, do Tribunal de Justi\u00e7a de Santa Catarina (TJSC). A discuss\u00e3o foi motivada pelas opera\u00e7\u00f5es policiais que aconteceram no Rio de Janeiro em 28 de outubro e deixaram 121 mortos e foi realizada em 27 de novembro.<\/p>\n\n\n\n<p>Organizada pela aluna Domenique Bitencourt Bezerra da Silva, a conversa refletiu sobre o papel do Estado e os desafios \u00e9ticos na formula\u00e7\u00e3o de pol\u00edticas p\u00fablicas de seguran\u00e7a e na cobertura jornal\u00edstica de acontecimentos como os vistos no Rio de Janeiro. A roda de conversa \u00e9 parte da disciplina Estado, Pol\u00edticas P\u00fablicas e Comunica\u00e7\u00e3o, do curso de Jornalismo da Universidade Federal de Santa Catarina (UFSC).<\/p>\n\n\n\n<p>\u201cA realidade no sistema de Justi\u00e7a Criminal \u00e9 de exterm\u00ednio. De sele\u00e7\u00e3o, neutraliza\u00e7\u00e3o e aniquilamento de uma juventude vulnerabilizada, pobre, na sua grande maioria negra\u201d, disse Buch. O desembargador criticou as condi\u00e7\u00f5es carcer\u00e1rias no Brasil, especialmente em Santa Catarina, onde existem 20 mil vagas nas penitenci\u00e1rias e 28 mil detentos. \u201cNessa superlota\u00e7\u00e3o, de 60% a 70% s\u00e3o pessoas negras. Nossas penitenci\u00e1rias tem cor e ra\u00e7a\u201d, afirmou Jo\u00e3o.<\/p>\n\n\n\n<p>Segundo o desembargador, alimenta\u00e7\u00e3o, higiene e vestu\u00e1rio em pres\u00eddios s\u00e3o inadequados, al\u00e9m de n\u00e3o existirem camas suficientes e nem sistema de ventila\u00e7\u00e3o cruzada. Para ele, isso \u00e9 uma heran\u00e7a do per\u00edodo escravagista. \u201cEm 1830, o escravo que fosse pego cometendo um crime era morto, porque a pris\u00e3o seria melhor que a senzala. Hoje, ouvimos at\u00e9 ju\u00edzes dizendo que a pris\u00e3o n\u00e3o pode ser \u2018um hotel cinco estrelas\u2019. O povo j\u00e1 sofre aqui fora, l\u00e1 tem que ser pior, para a pessoa ter medo\u201d, disse Buch.<\/p>\n\n\n\n<p>As condi\u00e7\u00f5es das penitenci\u00e1rias afetam diretamente o processo de ressocializa\u00e7\u00e3o, afirmou, porque criam um ambiente prop\u00edcio \u00e0 filia\u00e7\u00e3o ao crime organizado. \u201cA primeira pessoa que oferece ajuda para um jovem que vai preso \u00e9 quem j\u00e1 est\u00e1 l\u00e1 dentro. Oferecem ajuda para a fam\u00edlia, e at\u00e9 tratamentos de sa\u00fade. E quando ele \u00e9 solto, faz de tudo para honrar esse compromisso com os \u2018irm\u00e3os\u2019\u201d.<\/p>\n\n\n\n<p>Segundo Buch, o Estado s\u00f3 \u00e9 presente para os moradores dos morros quando um crime \u00e9 cometido. \u201cA maioria dos detentos tem entre 18 e 25 anos e muitos j\u00e1 me falaram que queriam poder fazer diferente, e \u00e9 muito dif\u00edcil. Mas \u00e9 poss\u00edvel, se voc\u00ea oportunizar na pris\u00e3o, muitos v\u00e3o aproveitar. \u00c9 a prova de que, se a oportunidade tivesse chegado antes do encarceramento, ele n\u00e3o estaria preso\u201d.<\/p>\n","protected":false},"excerpt":{"rendered":"<p>Discuss\u00e3o sobre papel do Estado e das pol\u00edticas p\u00fablicas de seguran\u00e7a reuniu estudantes de Jornalismo e concluiu que falhas na infraestrutura das penitenci\u00e1rias levam jovens ao crime organizado JULIA WUST Os direitos humanos e o papel do poder p\u00fablico na seguran\u00e7a foram temas centrais da roda de conversa com participa\u00e7\u00e3o do desembargador Jo\u00e3o Marcos Buch, [&hellip;]<\/p>\n","protected":false},"author":1,"featured_media":2457,"comment_status":"open","ping_status":"open","sticky":false,"template":"","format":"standard","meta":{"footnotes":""},"categories":[19,118,22],"tags":[],"class_list":["post-2449","post","type-post","status-publish","format-standard","has-post-thumbnail","hentry","category-noticias","category-seguranca","category-ufsc"],"yoast_head":"<!-- This site is optimized with the Yoast SEO plugin v22.9 - https:\/\/yoast.com\/wordpress\/plugins\/seo\/ -->\n<title>Desembargador Jo\u00e3o Marcos Buch critica sistema carcer\u00e1rio em aula na UFSC - O Fatual<\/title>\n<meta name=\"robots\" content=\"index, follow, max-snippet:-1, max-image-preview:large, max-video-preview:-1\" \/>\n<link rel=\"canonical\" href=\"https:\/\/jornalofatual.ufsc.br\/index.php\/2025\/12\/09\/desembargador-joao-marcos-buch-critica-sistema-carcerario-em-aula-na-ufsc\/\" \/>\n<meta property=\"og:locale\" content=\"pt_BR\" \/>\n<meta property=\"og:type\" content=\"article\" \/>\n<meta property=\"og:title\" content=\"Desembargador Jo\u00e3o Marcos Buch critica sistema carcer\u00e1rio em aula na UFSC - O Fatual\" \/>\n<meta property=\"og:description\" content=\"Discuss\u00e3o sobre papel do Estado e das pol\u00edticas p\u00fablicas de seguran\u00e7a reuniu estudantes de Jornalismo e concluiu que falhas na infraestrutura das penitenci\u00e1rias levam jovens ao crime organizado JULIA WUST Os direitos humanos e o papel do poder p\u00fablico na seguran\u00e7a foram temas centrais da roda de conversa com participa\u00e7\u00e3o do desembargador Jo\u00e3o Marcos Buch, [&hellip;]\" \/>\n<meta property=\"og:url\" content=\"https:\/\/jornalofatual.ufsc.br\/index.php\/2025\/12\/09\/desembargador-joao-marcos-buch-critica-sistema-carcerario-em-aula-na-ufsc\/\" \/>\n<meta property=\"og:site_name\" content=\"O Fatual\" \/>\n<meta property=\"article:published_time\" content=\"2025-12-09T20:21:12+00:00\" \/>\n<meta property=\"article:modified_time\" content=\"2025-12-09T20:21:14+00:00\" \/>\n<meta property=\"og:image\" content=\"http:\/\/jornalofatual.ufsc.br\/wp-content\/uploads\/2025\/12\/article.jpeg\" \/>\n\t<meta property=\"og:image:width\" content=\"665\" \/>\n\t<meta property=\"og:image:height\" content=\"443\" \/>\n\t<meta property=\"og:image:type\" content=\"image\/jpeg\" \/>\n<meta name=\"author\" content=\"O Fatual UFSC\" \/>\n<meta name=\"twitter:card\" content=\"summary_large_image\" \/>\n<meta name=\"twitter:label1\" content=\"Escrito por\" \/>\n\t<meta name=\"twitter:data1\" content=\"O Fatual UFSC\" \/>\n\t<meta name=\"twitter:label2\" content=\"Est. tempo de leitura\" \/>\n\t<meta name=\"twitter:data2\" content=\"3 minutos\" \/>\n<script type=\"application\/ld+json\" class=\"yoast-schema-graph\">{\"@context\":\"https:\/\/schema.org\",\"@graph\":[{\"@type\":\"WebPage\",\"@id\":\"https:\/\/jornalofatual.ufsc.br\/index.php\/2025\/12\/09\/desembargador-joao-marcos-buch-critica-sistema-carcerario-em-aula-na-ufsc\/\",\"url\":\"https:\/\/jornalofatual.ufsc.br\/index.php\/2025\/12\/09\/desembargador-joao-marcos-buch-critica-sistema-carcerario-em-aula-na-ufsc\/\",\"name\":\"Desembargador Jo\u00e3o Marcos Buch critica sistema carcer\u00e1rio em aula na UFSC - O Fatual\",\"isPartOf\":{\"@id\":\"https:\/\/jornalofatual.ufsc.br\/#website\"},\"primaryImageOfPage\":{\"@id\":\"https:\/\/jornalofatual.ufsc.br\/index.php\/2025\/12\/09\/desembargador-joao-marcos-buch-critica-sistema-carcerario-em-aula-na-ufsc\/#primaryimage\"},\"image\":{\"@id\":\"https:\/\/jornalofatual.ufsc.br\/index.php\/2025\/12\/09\/desembargador-joao-marcos-buch-critica-sistema-carcerario-em-aula-na-ufsc\/#primaryimage\"},\"thumbnailUrl\":\"https:\/\/jornalofatual.ufsc.br\/wp-content\/uploads\/2025\/12\/article.jpeg\",\"datePublished\":\"2025-12-09T20:21:12+00:00\",\"dateModified\":\"2025-12-09T20:21:14+00:00\",\"author\":{\"@id\":\"https:\/\/jornalofatual.ufsc.br\/#\/schema\/person\/7c4da290bbeac2ab587bf3bd9b2796c5\"},\"breadcrumb\":{\"@id\":\"https:\/\/jornalofatual.ufsc.br\/index.php\/2025\/12\/09\/desembargador-joao-marcos-buch-critica-sistema-carcerario-em-aula-na-ufsc\/#breadcrumb\"},\"inLanguage\":\"pt-BR\",\"potentialAction\":[{\"@type\":\"ReadAction\",\"target\":[\"https:\/\/jornalofatual.ufsc.br\/index.php\/2025\/12\/09\/desembargador-joao-marcos-buch-critica-sistema-carcerario-em-aula-na-ufsc\/\"]}]},{\"@type\":\"ImageObject\",\"inLanguage\":\"pt-BR\",\"@id\":\"https:\/\/jornalofatual.ufsc.br\/index.php\/2025\/12\/09\/desembargador-joao-marcos-buch-critica-sistema-carcerario-em-aula-na-ufsc\/#primaryimage\",\"url\":\"https:\/\/jornalofatual.ufsc.br\/wp-content\/uploads\/2025\/12\/article.jpeg\",\"contentUrl\":\"https:\/\/jornalofatual.ufsc.br\/wp-content\/uploads\/2025\/12\/article.jpeg\",\"width\":665,\"height\":443},{\"@type\":\"BreadcrumbList\",\"@id\":\"https:\/\/jornalofatual.ufsc.br\/index.php\/2025\/12\/09\/desembargador-joao-marcos-buch-critica-sistema-carcerario-em-aula-na-ufsc\/#breadcrumb\",\"itemListElement\":[{\"@type\":\"ListItem\",\"position\":1,\"name\":\"In\u00edcio\",\"item\":\"https:\/\/jornalofatual.ufsc.br\/\"},{\"@type\":\"ListItem\",\"position\":2,\"name\":\"Desembargador Jo\u00e3o Marcos Buch critica sistema carcer\u00e1rio em aula na UFSC\"}]},{\"@type\":\"WebSite\",\"@id\":\"https:\/\/jornalofatual.ufsc.br\/#website\",\"url\":\"https:\/\/jornalofatual.ufsc.br\/\",\"name\":\"O Fatual\",\"description\":\"Jornalismo UFSC\",\"potentialAction\":[{\"@type\":\"SearchAction\",\"target\":{\"@type\":\"EntryPoint\",\"urlTemplate\":\"https:\/\/jornalofatual.ufsc.br\/?s={search_term_string}\"},\"query-input\":\"required name=search_term_string\"}],\"inLanguage\":\"pt-BR\"},{\"@type\":\"Person\",\"@id\":\"https:\/\/jornalofatual.ufsc.br\/#\/schema\/person\/7c4da290bbeac2ab587bf3bd9b2796c5\",\"name\":\"O Fatual UFSC\",\"image\":{\"@type\":\"ImageObject\",\"inLanguage\":\"pt-BR\",\"@id\":\"https:\/\/jornalofatual.ufsc.br\/#\/schema\/person\/image\/\",\"url\":\"https:\/\/secure.gravatar.com\/avatar\/77a2965911ca4aaeddc636b7e775b7bb05b7e4b5d5ad85a27d016b6a781b2b04?s=96&d=mm&r=g\",\"contentUrl\":\"https:\/\/secure.gravatar.com\/avatar\/77a2965911ca4aaeddc636b7e775b7bb05b7e4b5d5ad85a27d016b6a781b2b04?s=96&d=mm&r=g\",\"caption\":\"O Fatual UFSC\"},\"sameAs\":[\"https:\/\/jornalofatual.ufsc.br\",\"https:\/\/www.instagram.com\/jornalofatual\/\"],\"url\":\"https:\/\/jornalofatual.ufsc.br\/index.php\/author\/jornalofactualgmail-com\/\"}]}<\/script>\n<!-- \/ Yoast SEO plugin. -->","yoast_head_json":{"title":"Desembargador Jo\u00e3o Marcos Buch critica sistema carcer\u00e1rio em aula na UFSC - O Fatual","robots":{"index":"index","follow":"follow","max-snippet":"max-snippet:-1","max-image-preview":"max-image-preview:large","max-video-preview":"max-video-preview:-1"},"canonical":"https:\/\/jornalofatual.ufsc.br\/index.php\/2025\/12\/09\/desembargador-joao-marcos-buch-critica-sistema-carcerario-em-aula-na-ufsc\/","og_locale":"pt_BR","og_type":"article","og_title":"Desembargador Jo\u00e3o Marcos Buch critica sistema carcer\u00e1rio em aula na UFSC - O Fatual","og_description":"Discuss\u00e3o sobre papel do Estado e das pol\u00edticas p\u00fablicas de seguran\u00e7a reuniu estudantes de Jornalismo e concluiu que falhas na infraestrutura das penitenci\u00e1rias levam jovens ao crime organizado JULIA WUST Os direitos humanos e o papel do poder p\u00fablico na seguran\u00e7a foram temas centrais da roda de conversa com participa\u00e7\u00e3o do desembargador Jo\u00e3o Marcos Buch, [&hellip;]","og_url":"https:\/\/jornalofatual.ufsc.br\/index.php\/2025\/12\/09\/desembargador-joao-marcos-buch-critica-sistema-carcerario-em-aula-na-ufsc\/","og_site_name":"O Fatual","article_published_time":"2025-12-09T20:21:12+00:00","article_modified_time":"2025-12-09T20:21:14+00:00","og_image":[{"width":665,"height":443,"url":"http:\/\/jornalofatual.ufsc.br\/wp-content\/uploads\/2025\/12\/article.jpeg","type":"image\/jpeg"}],"author":"O Fatual UFSC","twitter_card":"summary_large_image","twitter_misc":{"Escrito por":"O Fatual UFSC","Est. tempo de leitura":"3 minutos"},"schema":{"@context":"https:\/\/schema.org","@graph":[{"@type":"WebPage","@id":"https:\/\/jornalofatual.ufsc.br\/index.php\/2025\/12\/09\/desembargador-joao-marcos-buch-critica-sistema-carcerario-em-aula-na-ufsc\/","url":"https:\/\/jornalofatual.ufsc.br\/index.php\/2025\/12\/09\/desembargador-joao-marcos-buch-critica-sistema-carcerario-em-aula-na-ufsc\/","name":"Desembargador Jo\u00e3o Marcos Buch critica sistema carcer\u00e1rio em aula na UFSC - O Fatual","isPartOf":{"@id":"https:\/\/jornalofatual.ufsc.br\/#website"},"primaryImageOfPage":{"@id":"https:\/\/jornalofatual.ufsc.br\/index.php\/2025\/12\/09\/desembargador-joao-marcos-buch-critica-sistema-carcerario-em-aula-na-ufsc\/#primaryimage"},"image":{"@id":"https:\/\/jornalofatual.ufsc.br\/index.php\/2025\/12\/09\/desembargador-joao-marcos-buch-critica-sistema-carcerario-em-aula-na-ufsc\/#primaryimage"},"thumbnailUrl":"https:\/\/jornalofatual.ufsc.br\/wp-content\/uploads\/2025\/12\/article.jpeg","datePublished":"2025-12-09T20:21:12+00:00","dateModified":"2025-12-09T20:21:14+00:00","author":{"@id":"https:\/\/jornalofatual.ufsc.br\/#\/schema\/person\/7c4da290bbeac2ab587bf3bd9b2796c5"},"breadcrumb":{"@id":"https:\/\/jornalofatual.ufsc.br\/index.php\/2025\/12\/09\/desembargador-joao-marcos-buch-critica-sistema-carcerario-em-aula-na-ufsc\/#breadcrumb"},"inLanguage":"pt-BR","potentialAction":[{"@type":"ReadAction","target":["https:\/\/jornalofatual.ufsc.br\/index.php\/2025\/12\/09\/desembargador-joao-marcos-buch-critica-sistema-carcerario-em-aula-na-ufsc\/"]}]},{"@type":"ImageObject","inLanguage":"pt-BR","@id":"https:\/\/jornalofatual.ufsc.br\/index.php\/2025\/12\/09\/desembargador-joao-marcos-buch-critica-sistema-carcerario-em-aula-na-ufsc\/#primaryimage","url":"https:\/\/jornalofatual.ufsc.br\/wp-content\/uploads\/2025\/12\/article.jpeg","contentUrl":"https:\/\/jornalofatual.ufsc.br\/wp-content\/uploads\/2025\/12\/article.jpeg","width":665,"height":443},{"@type":"BreadcrumbList","@id":"https:\/\/jornalofatual.ufsc.br\/index.php\/2025\/12\/09\/desembargador-joao-marcos-buch-critica-sistema-carcerario-em-aula-na-ufsc\/#breadcrumb","itemListElement":[{"@type":"ListItem","position":1,"name":"In\u00edcio","item":"https:\/\/jornalofatual.ufsc.br\/"},{"@type":"ListItem","position":2,"name":"Desembargador Jo\u00e3o Marcos Buch critica sistema carcer\u00e1rio em aula na UFSC"}]},{"@type":"WebSite","@id":"https:\/\/jornalofatual.ufsc.br\/#website","url":"https:\/\/jornalofatual.ufsc.br\/","name":"O Fatual","description":"Jornalismo UFSC","potentialAction":[{"@type":"SearchAction","target":{"@type":"EntryPoint","urlTemplate":"https:\/\/jornalofatual.ufsc.br\/?s={search_term_string}"},"query-input":"required name=search_term_string"}],"inLanguage":"pt-BR"},{"@type":"Person","@id":"https:\/\/jornalofatual.ufsc.br\/#\/schema\/person\/7c4da290bbeac2ab587bf3bd9b2796c5","name":"O Fatual UFSC","image":{"@type":"ImageObject","inLanguage":"pt-BR","@id":"https:\/\/jornalofatual.ufsc.br\/#\/schema\/person\/image\/","url":"https:\/\/secure.gravatar.com\/avatar\/77a2965911ca4aaeddc636b7e775b7bb05b7e4b5d5ad85a27d016b6a781b2b04?s=96&d=mm&r=g","contentUrl":"https:\/\/secure.gravatar.com\/avatar\/77a2965911ca4aaeddc636b7e775b7bb05b7e4b5d5ad85a27d016b6a781b2b04?s=96&d=mm&r=g","caption":"O Fatual UFSC"},"sameAs":["https:\/\/jornalofatual.ufsc.br","https:\/\/www.instagram.com\/jornalofatual\/"],"url":"https:\/\/jornalofatual.ufsc.br\/index.php\/author\/jornalofactualgmail-com\/"}]}},"_links":{"self":[{"href":"https:\/\/jornalofatual.ufsc.br\/index.php\/wp-json\/wp\/v2\/posts\/2449","targetHints":{"allow":["GET"]}}],"collection":[{"href":"https:\/\/jornalofatual.ufsc.br\/index.php\/wp-json\/wp\/v2\/posts"}],"about":[{"href":"https:\/\/jornalofatual.ufsc.br\/index.php\/wp-json\/wp\/v2\/types\/post"}],"author":[{"embeddable":true,"href":"https:\/\/jornalofatual.ufsc.br\/index.php\/wp-json\/wp\/v2\/users\/1"}],"replies":[{"embeddable":true,"href":"https:\/\/jornalofatual.ufsc.br\/index.php\/wp-json\/wp\/v2\/comments?post=2449"}],"version-history":[{"count":1,"href":"https:\/\/jornalofatual.ufsc.br\/index.php\/wp-json\/wp\/v2\/posts\/2449\/revisions"}],"predecessor-version":[{"id":2458,"href":"https:\/\/jornalofatual.ufsc.br\/index.php\/wp-json\/wp\/v2\/posts\/2449\/revisions\/2458"}],"wp:featuredmedia":[{"embeddable":true,"href":"https:\/\/jornalofatual.ufsc.br\/index.php\/wp-json\/wp\/v2\/media\/2457"}],"wp:attachment":[{"href":"https:\/\/jornalofatual.ufsc.br\/index.php\/wp-json\/wp\/v2\/media?parent=2449"}],"wp:term":[{"taxonomy":"category","embeddable":true,"href":"https:\/\/jornalofatual.ufsc.br\/index.php\/wp-json\/wp\/v2\/categories?post=2449"},{"taxonomy":"post_tag","embeddable":true,"href":"https:\/\/jornalofatual.ufsc.br\/index.php\/wp-json\/wp\/v2\/tags?post=2449"}],"curies":[{"name":"wp","href":"https:\/\/api.w.org\/{rel}","templated":true}]}}