{"id":2424,"date":"2025-11-28T08:46:32","date_gmt":"2025-11-28T11:46:32","guid":{"rendered":"https:\/\/jornalofatual.ufsc.br\/?p=2424"},"modified":"2025-11-28T08:46:33","modified_gmt":"2025-11-28T11:46:33","slug":"projeto-de-teatro-fortalece-vinculo-escolar-de-estudantes-na-palhoca","status":"publish","type":"post","link":"https:\/\/jornalofatual.ufsc.br\/index.php\/2025\/11\/28\/projeto-de-teatro-fortalece-vinculo-escolar-de-estudantes-na-palhoca\/","title":{"rendered":"Projeto de teatro fortalece v\u00ednculo escolar de estudantes na Palho\u00e7a"},"content":{"rendered":"\n<p><strong><strong><strong><em>Grupo re\u00fane alunos do 6\u00ba ao 8\u00ba ano e mesmo com recursos limitados mostra resultados em participa\u00e7\u00e3o escolar<\/em><\/strong><\/strong><\/strong><\/p>\n\n\n\n<div style=\"height:32px\" aria-hidden=\"true\" class=\"wp-block-spacer\"><\/div>\n\n\n\n<p><strong>MATHEUS LOCKS<\/strong><\/p>\n\n\n\n<p>O teatro se tornou uma das atividades mais procuradas pelos estudantes do 6\u00ba ao 8\u00ba ano da Escola B\u00e1sica Professora Adriana Weingartner (E.B.A.W), no bairro Caminho Novo, em Palho\u00e7a (SC). Coordenado pela orientadora pedag\u00f3gica Patr\u00edcia Carla Brito, o projeto come\u00e7ou em 2019 para lidar com uma turma considerada indisciplinada, mas ganhou for\u00e7a ao longo dos anos e hoje \u00e9 reconhecido pela comunidade escolar por transformar a rela\u00e7\u00e3o dos jovens com a aprendizagem e com a pr\u00f3pria institui\u00e7\u00e3o.<\/p>\n\n\n\n<p>Atualmente com 16 participantes, o grupo apresentou nesta semana a pe\u00e7a <em>Chapeuzinhos Coloridos<\/em> para pais e alunos. Segundo Patr\u00edcia, a atividade tem mostrado resultados consistentes no comportamento e na desenvoltura dos estudantes. \u201cTenho dois alunos que nem perguntavam em sala de aula por vergonha. Hoje apresentam trabalho, participam e at\u00e9 ajudam a organizar o grupo\u201d, explica. O projeto segue sem verba fixa da escola e \u00e9 mantido com apoio volunt\u00e1rio e adapta\u00e7\u00f5es. \u201cPara fazer figurino, \u00e0s vezes preciso pedir ajuda da minha m\u00e3e. Trabalhamos com o que temos, mas o retorno compensa\u201d, diz.<\/p>\n\n\n\n<p>Entre os alunos, a percep\u00e7\u00e3o \u00e9 semelhante. Thalita de Abreu Rodrigues, de 13 anos, nunca tinha atuado antes e diz que o teatro mudou sua rela\u00e7\u00e3o com a escola. \u201c\u00c9 muito legal e criativo. A gente se aventura, tenta algo novo. Me deu coragem para apresentar trabalho, eu gaguejava muito antes\u201d, afirma. A colega Aline da Silva de Oliveira, tamb\u00e9m de 13 anos, destaca como a pr\u00e1tica exige dedica\u00e7\u00e3o. \u201cA gente acha que quem faz filme j\u00e1 nasce com talento, mas d\u00e1 muito trabalho. Quando v\u00ea todo mundo gostando do que tu fez, \u00e9 muito bom\u201d.<\/p>\n\n\n\n<p>A estudante Tha\u00eds Correa, que voltou ao teatro depois de praticar ainda na inf\u00e2ncia, afirma que a atividade foi essencial para superar a timidez. \u201cN\u00e3o tenho mais vergonha de apresentar. Em sala, consigo falar sem medo e isso mudou muito para mim\u201d, relata. Professores da escola tamb\u00e9m observaram diferen\u00e7a na forma como os alunos se expressam durante as aulas.<\/p>\n\n\n\n<p>Al\u00e9m do impacto pedag\u00f3gico, o teatro passou a ser um espa\u00e7o de conviv\u00eancia entre turmas e turnos distintos. Durante os encontros, os estudantes compartilham experi\u00eancias pessoais, criam v\u00ednculos e constroem um ambiente de apoio, segundo Patr\u00edcia. \u201cEles se conhecem de outras turmas e at\u00e9 de outros bairros. No fim dos ensaios, ficam conversando na frente da escola. Criaram uma rela\u00e7\u00e3o que vai al\u00e9m da pe\u00e7a\u201d, afirma.<\/p>\n\n\n\n<p>A pr\u00e9-estreia, realizada para familiares, trouxe emo\u00e7\u00e3o e surpresa. \u201cOs pais disseram que n\u00e3o sabiam que os filhos tinham esse talento. Alguns pediram para continuar participando mesmo trocando os filhos de escola no ano que vem\u201d, conta Patr\u00edcia.<\/p>\n","protected":false},"excerpt":{"rendered":"<p>Grupo re\u00fane alunos do 6\u00ba ao 8\u00ba ano e mesmo com recursos limitados mostra resultados em participa\u00e7\u00e3o escolar MATHEUS LOCKS O teatro se tornou uma das atividades mais procuradas pelos estudantes do 6\u00ba ao 8\u00ba ano da Escola B\u00e1sica Professora Adriana Weingartner (E.B.A.W), no bairro Caminho Novo, em Palho\u00e7a (SC). Coordenado pela orientadora pedag\u00f3gica Patr\u00edcia [&hellip;]<\/p>\n","protected":false},"author":1,"featured_media":2425,"comment_status":"open","ping_status":"open","sticky":false,"template":"","format":"standard","meta":{"footnotes":""},"categories":[111,19],"tags":[],"class_list":["post-2424","post","type-post","status-publish","format-standard","has-post-thumbnail","hentry","category-cultura","category-noticias"],"yoast_head":"<!-- This site is optimized with the Yoast SEO plugin v22.9 - https:\/\/yoast.com\/wordpress\/plugins\/seo\/ -->\n<title>Projeto de teatro fortalece v\u00ednculo escolar de estudantes na Palho\u00e7a - O Fatual<\/title>\n<meta name=\"robots\" content=\"index, follow, max-snippet:-1, max-image-preview:large, max-video-preview:-1\" \/>\n<link rel=\"canonical\" href=\"https:\/\/jornalofatual.ufsc.br\/index.php\/2025\/11\/28\/projeto-de-teatro-fortalece-vinculo-escolar-de-estudantes-na-palhoca\/\" \/>\n<meta property=\"og:locale\" content=\"pt_BR\" \/>\n<meta property=\"og:type\" content=\"article\" \/>\n<meta property=\"og:title\" content=\"Projeto de teatro fortalece v\u00ednculo escolar de estudantes na Palho\u00e7a - O Fatual\" \/>\n<meta property=\"og:description\" content=\"Grupo re\u00fane alunos do 6\u00ba ao 8\u00ba ano e mesmo com recursos limitados mostra resultados em participa\u00e7\u00e3o escolar MATHEUS LOCKS O teatro se tornou uma das atividades mais procuradas pelos estudantes do 6\u00ba ao 8\u00ba ano da Escola B\u00e1sica Professora Adriana Weingartner (E.B.A.W), no bairro Caminho Novo, em Palho\u00e7a (SC). Coordenado pela orientadora pedag\u00f3gica Patr\u00edcia [&hellip;]\" \/>\n<meta property=\"og:url\" content=\"https:\/\/jornalofatual.ufsc.br\/index.php\/2025\/11\/28\/projeto-de-teatro-fortalece-vinculo-escolar-de-estudantes-na-palhoca\/\" \/>\n<meta property=\"og:site_name\" content=\"O Fatual\" \/>\n<meta property=\"article:published_time\" content=\"2025-11-28T11:46:32+00:00\" \/>\n<meta property=\"article:modified_time\" content=\"2025-11-28T11:46:33+00:00\" \/>\n<meta property=\"og:image\" content=\"http:\/\/jornalofatual.ufsc.br\/wp-content\/uploads\/2025\/11\/image-8.jpeg\" \/>\n\t<meta property=\"og:image:width\" content=\"1280\" \/>\n\t<meta property=\"og:image:height\" content=\"910\" \/>\n\t<meta property=\"og:image:type\" content=\"image\/jpeg\" \/>\n<meta name=\"author\" content=\"O Fatual UFSC\" \/>\n<meta name=\"twitter:card\" content=\"summary_large_image\" \/>\n<meta name=\"twitter:label1\" content=\"Escrito por\" \/>\n\t<meta name=\"twitter:data1\" content=\"O Fatual UFSC\" \/>\n\t<meta name=\"twitter:label2\" content=\"Est. tempo de leitura\" \/>\n\t<meta name=\"twitter:data2\" content=\"3 minutos\" \/>\n<script type=\"application\/ld+json\" class=\"yoast-schema-graph\">{\"@context\":\"https:\/\/schema.org\",\"@graph\":[{\"@type\":\"WebPage\",\"@id\":\"https:\/\/jornalofatual.ufsc.br\/index.php\/2025\/11\/28\/projeto-de-teatro-fortalece-vinculo-escolar-de-estudantes-na-palhoca\/\",\"url\":\"https:\/\/jornalofatual.ufsc.br\/index.php\/2025\/11\/28\/projeto-de-teatro-fortalece-vinculo-escolar-de-estudantes-na-palhoca\/\",\"name\":\"Projeto de teatro fortalece v\u00ednculo escolar de estudantes na Palho\u00e7a - O Fatual\",\"isPartOf\":{\"@id\":\"https:\/\/jornalofatual.ufsc.br\/#website\"},\"primaryImageOfPage\":{\"@id\":\"https:\/\/jornalofatual.ufsc.br\/index.php\/2025\/11\/28\/projeto-de-teatro-fortalece-vinculo-escolar-de-estudantes-na-palhoca\/#primaryimage\"},\"image\":{\"@id\":\"https:\/\/jornalofatual.ufsc.br\/index.php\/2025\/11\/28\/projeto-de-teatro-fortalece-vinculo-escolar-de-estudantes-na-palhoca\/#primaryimage\"},\"thumbnailUrl\":\"https:\/\/jornalofatual.ufsc.br\/wp-content\/uploads\/2025\/11\/image-8.jpeg\",\"datePublished\":\"2025-11-28T11:46:32+00:00\",\"dateModified\":\"2025-11-28T11:46:33+00:00\",\"author\":{\"@id\":\"https:\/\/jornalofatual.ufsc.br\/#\/schema\/person\/7c4da290bbeac2ab587bf3bd9b2796c5\"},\"breadcrumb\":{\"@id\":\"https:\/\/jornalofatual.ufsc.br\/index.php\/2025\/11\/28\/projeto-de-teatro-fortalece-vinculo-escolar-de-estudantes-na-palhoca\/#breadcrumb\"},\"inLanguage\":\"pt-BR\",\"potentialAction\":[{\"@type\":\"ReadAction\",\"target\":[\"https:\/\/jornalofatual.ufsc.br\/index.php\/2025\/11\/28\/projeto-de-teatro-fortalece-vinculo-escolar-de-estudantes-na-palhoca\/\"]}]},{\"@type\":\"ImageObject\",\"inLanguage\":\"pt-BR\",\"@id\":\"https:\/\/jornalofatual.ufsc.br\/index.php\/2025\/11\/28\/projeto-de-teatro-fortalece-vinculo-escolar-de-estudantes-na-palhoca\/#primaryimage\",\"url\":\"https:\/\/jornalofatual.ufsc.br\/wp-content\/uploads\/2025\/11\/image-8.jpeg\",\"contentUrl\":\"https:\/\/jornalofatual.ufsc.br\/wp-content\/uploads\/2025\/11\/image-8.jpeg\",\"width\":1280,\"height\":910},{\"@type\":\"BreadcrumbList\",\"@id\":\"https:\/\/jornalofatual.ufsc.br\/index.php\/2025\/11\/28\/projeto-de-teatro-fortalece-vinculo-escolar-de-estudantes-na-palhoca\/#breadcrumb\",\"itemListElement\":[{\"@type\":\"ListItem\",\"position\":1,\"name\":\"In\u00edcio\",\"item\":\"https:\/\/jornalofatual.ufsc.br\/\"},{\"@type\":\"ListItem\",\"position\":2,\"name\":\"Projeto de teatro fortalece v\u00ednculo escolar de estudantes na Palho\u00e7a\"}]},{\"@type\":\"WebSite\",\"@id\":\"https:\/\/jornalofatual.ufsc.br\/#website\",\"url\":\"https:\/\/jornalofatual.ufsc.br\/\",\"name\":\"O Fatual\",\"description\":\"Jornalismo UFSC\",\"potentialAction\":[{\"@type\":\"SearchAction\",\"target\":{\"@type\":\"EntryPoint\",\"urlTemplate\":\"https:\/\/jornalofatual.ufsc.br\/?s={search_term_string}\"},\"query-input\":\"required name=search_term_string\"}],\"inLanguage\":\"pt-BR\"},{\"@type\":\"Person\",\"@id\":\"https:\/\/jornalofatual.ufsc.br\/#\/schema\/person\/7c4da290bbeac2ab587bf3bd9b2796c5\",\"name\":\"O Fatual UFSC\",\"image\":{\"@type\":\"ImageObject\",\"inLanguage\":\"pt-BR\",\"@id\":\"https:\/\/jornalofatual.ufsc.br\/#\/schema\/person\/image\/\",\"url\":\"https:\/\/secure.gravatar.com\/avatar\/77a2965911ca4aaeddc636b7e775b7bb05b7e4b5d5ad85a27d016b6a781b2b04?s=96&d=mm&r=g\",\"contentUrl\":\"https:\/\/secure.gravatar.com\/avatar\/77a2965911ca4aaeddc636b7e775b7bb05b7e4b5d5ad85a27d016b6a781b2b04?s=96&d=mm&r=g\",\"caption\":\"O Fatual UFSC\"},\"sameAs\":[\"https:\/\/jornalofatual.ufsc.br\",\"https:\/\/www.instagram.com\/jornalofatual\/\"],\"url\":\"https:\/\/jornalofatual.ufsc.br\/index.php\/author\/jornalofactualgmail-com\/\"}]}<\/script>\n<!-- \/ Yoast SEO plugin. -->","yoast_head_json":{"title":"Projeto de teatro fortalece v\u00ednculo escolar de estudantes na Palho\u00e7a - O Fatual","robots":{"index":"index","follow":"follow","max-snippet":"max-snippet:-1","max-image-preview":"max-image-preview:large","max-video-preview":"max-video-preview:-1"},"canonical":"https:\/\/jornalofatual.ufsc.br\/index.php\/2025\/11\/28\/projeto-de-teatro-fortalece-vinculo-escolar-de-estudantes-na-palhoca\/","og_locale":"pt_BR","og_type":"article","og_title":"Projeto de teatro fortalece v\u00ednculo escolar de estudantes na Palho\u00e7a - O Fatual","og_description":"Grupo re\u00fane alunos do 6\u00ba ao 8\u00ba ano e mesmo com recursos limitados mostra resultados em participa\u00e7\u00e3o escolar MATHEUS LOCKS O teatro se tornou uma das atividades mais procuradas pelos estudantes do 6\u00ba ao 8\u00ba ano da Escola B\u00e1sica Professora Adriana Weingartner (E.B.A.W), no bairro Caminho Novo, em Palho\u00e7a (SC). Coordenado pela orientadora pedag\u00f3gica Patr\u00edcia [&hellip;]","og_url":"https:\/\/jornalofatual.ufsc.br\/index.php\/2025\/11\/28\/projeto-de-teatro-fortalece-vinculo-escolar-de-estudantes-na-palhoca\/","og_site_name":"O Fatual","article_published_time":"2025-11-28T11:46:32+00:00","article_modified_time":"2025-11-28T11:46:33+00:00","og_image":[{"width":1280,"height":910,"url":"http:\/\/jornalofatual.ufsc.br\/wp-content\/uploads\/2025\/11\/image-8.jpeg","type":"image\/jpeg"}],"author":"O Fatual UFSC","twitter_card":"summary_large_image","twitter_misc":{"Escrito por":"O Fatual UFSC","Est. tempo de leitura":"3 minutos"},"schema":{"@context":"https:\/\/schema.org","@graph":[{"@type":"WebPage","@id":"https:\/\/jornalofatual.ufsc.br\/index.php\/2025\/11\/28\/projeto-de-teatro-fortalece-vinculo-escolar-de-estudantes-na-palhoca\/","url":"https:\/\/jornalofatual.ufsc.br\/index.php\/2025\/11\/28\/projeto-de-teatro-fortalece-vinculo-escolar-de-estudantes-na-palhoca\/","name":"Projeto de teatro fortalece v\u00ednculo escolar de estudantes na Palho\u00e7a - O Fatual","isPartOf":{"@id":"https:\/\/jornalofatual.ufsc.br\/#website"},"primaryImageOfPage":{"@id":"https:\/\/jornalofatual.ufsc.br\/index.php\/2025\/11\/28\/projeto-de-teatro-fortalece-vinculo-escolar-de-estudantes-na-palhoca\/#primaryimage"},"image":{"@id":"https:\/\/jornalofatual.ufsc.br\/index.php\/2025\/11\/28\/projeto-de-teatro-fortalece-vinculo-escolar-de-estudantes-na-palhoca\/#primaryimage"},"thumbnailUrl":"https:\/\/jornalofatual.ufsc.br\/wp-content\/uploads\/2025\/11\/image-8.jpeg","datePublished":"2025-11-28T11:46:32+00:00","dateModified":"2025-11-28T11:46:33+00:00","author":{"@id":"https:\/\/jornalofatual.ufsc.br\/#\/schema\/person\/7c4da290bbeac2ab587bf3bd9b2796c5"},"breadcrumb":{"@id":"https:\/\/jornalofatual.ufsc.br\/index.php\/2025\/11\/28\/projeto-de-teatro-fortalece-vinculo-escolar-de-estudantes-na-palhoca\/#breadcrumb"},"inLanguage":"pt-BR","potentialAction":[{"@type":"ReadAction","target":["https:\/\/jornalofatual.ufsc.br\/index.php\/2025\/11\/28\/projeto-de-teatro-fortalece-vinculo-escolar-de-estudantes-na-palhoca\/"]}]},{"@type":"ImageObject","inLanguage":"pt-BR","@id":"https:\/\/jornalofatual.ufsc.br\/index.php\/2025\/11\/28\/projeto-de-teatro-fortalece-vinculo-escolar-de-estudantes-na-palhoca\/#primaryimage","url":"https:\/\/jornalofatual.ufsc.br\/wp-content\/uploads\/2025\/11\/image-8.jpeg","contentUrl":"https:\/\/jornalofatual.ufsc.br\/wp-content\/uploads\/2025\/11\/image-8.jpeg","width":1280,"height":910},{"@type":"BreadcrumbList","@id":"https:\/\/jornalofatual.ufsc.br\/index.php\/2025\/11\/28\/projeto-de-teatro-fortalece-vinculo-escolar-de-estudantes-na-palhoca\/#breadcrumb","itemListElement":[{"@type":"ListItem","position":1,"name":"In\u00edcio","item":"https:\/\/jornalofatual.ufsc.br\/"},{"@type":"ListItem","position":2,"name":"Projeto de teatro fortalece v\u00ednculo escolar de estudantes na Palho\u00e7a"}]},{"@type":"WebSite","@id":"https:\/\/jornalofatual.ufsc.br\/#website","url":"https:\/\/jornalofatual.ufsc.br\/","name":"O Fatual","description":"Jornalismo UFSC","potentialAction":[{"@type":"SearchAction","target":{"@type":"EntryPoint","urlTemplate":"https:\/\/jornalofatual.ufsc.br\/?s={search_term_string}"},"query-input":"required name=search_term_string"}],"inLanguage":"pt-BR"},{"@type":"Person","@id":"https:\/\/jornalofatual.ufsc.br\/#\/schema\/person\/7c4da290bbeac2ab587bf3bd9b2796c5","name":"O Fatual UFSC","image":{"@type":"ImageObject","inLanguage":"pt-BR","@id":"https:\/\/jornalofatual.ufsc.br\/#\/schema\/person\/image\/","url":"https:\/\/secure.gravatar.com\/avatar\/77a2965911ca4aaeddc636b7e775b7bb05b7e4b5d5ad85a27d016b6a781b2b04?s=96&d=mm&r=g","contentUrl":"https:\/\/secure.gravatar.com\/avatar\/77a2965911ca4aaeddc636b7e775b7bb05b7e4b5d5ad85a27d016b6a781b2b04?s=96&d=mm&r=g","caption":"O Fatual UFSC"},"sameAs":["https:\/\/jornalofatual.ufsc.br","https:\/\/www.instagram.com\/jornalofatual\/"],"url":"https:\/\/jornalofatual.ufsc.br\/index.php\/author\/jornalofactualgmail-com\/"}]}},"_links":{"self":[{"href":"https:\/\/jornalofatual.ufsc.br\/index.php\/wp-json\/wp\/v2\/posts\/2424","targetHints":{"allow":["GET"]}}],"collection":[{"href":"https:\/\/jornalofatual.ufsc.br\/index.php\/wp-json\/wp\/v2\/posts"}],"about":[{"href":"https:\/\/jornalofatual.ufsc.br\/index.php\/wp-json\/wp\/v2\/types\/post"}],"author":[{"embeddable":true,"href":"https:\/\/jornalofatual.ufsc.br\/index.php\/wp-json\/wp\/v2\/users\/1"}],"replies":[{"embeddable":true,"href":"https:\/\/jornalofatual.ufsc.br\/index.php\/wp-json\/wp\/v2\/comments?post=2424"}],"version-history":[{"count":1,"href":"https:\/\/jornalofatual.ufsc.br\/index.php\/wp-json\/wp\/v2\/posts\/2424\/revisions"}],"predecessor-version":[{"id":2426,"href":"https:\/\/jornalofatual.ufsc.br\/index.php\/wp-json\/wp\/v2\/posts\/2424\/revisions\/2426"}],"wp:featuredmedia":[{"embeddable":true,"href":"https:\/\/jornalofatual.ufsc.br\/index.php\/wp-json\/wp\/v2\/media\/2425"}],"wp:attachment":[{"href":"https:\/\/jornalofatual.ufsc.br\/index.php\/wp-json\/wp\/v2\/media?parent=2424"}],"wp:term":[{"taxonomy":"category","embeddable":true,"href":"https:\/\/jornalofatual.ufsc.br\/index.php\/wp-json\/wp\/v2\/categories?post=2424"},{"taxonomy":"post_tag","embeddable":true,"href":"https:\/\/jornalofatual.ufsc.br\/index.php\/wp-json\/wp\/v2\/tags?post=2424"}],"curies":[{"name":"wp","href":"https:\/\/api.w.org\/{rel}","templated":true}]}}