{"id":2402,"date":"2025-11-11T14:45:32","date_gmt":"2025-11-11T17:45:32","guid":{"rendered":"https:\/\/jornalofatual.ufsc.br\/?p=2402"},"modified":"2025-11-11T14:45:35","modified_gmt":"2025-11-11T17:45:35","slug":"manifestantes-em-florianopolis-protestam-contra-violencia-policial","status":"publish","type":"post","link":"https:\/\/jornalofatual.ufsc.br\/index.php\/2025\/11\/11\/manifestantes-em-florianopolis-protestam-contra-violencia-policial\/","title":{"rendered":"Manifestantes em Florian\u00f3polis protestam contra viol\u00eancia policial\u00a0"},"content":{"rendered":"\n<p><em><strong><em><em><em><em><strong>Ato fez parte de mobiliza\u00e7\u00e3o nacional contra mortes em megaopera\u00e7\u00e3o no RJ\u00a0<\/strong><\/em><\/em><\/em><\/em><\/strong><\/em><\/p>\n\n\n\n<div style=\"height:32px\" aria-hidden=\"true\" class=\"wp-block-spacer\"><\/div>\n\n\n\n<p><strong>ISADORA PINHEIRO<\/strong><\/p>\n\n\n\n<p>Centenas de pessoas se reuniram em frente ao Terminal de Integra\u00e7\u00e3o do Centro (Ticen), na tarde de sexta-feira (31), em Florian\u00f3polis, para participar de ato p\u00fablico em rep\u00fadio \u00e0 chacina ocorrida nos Complexos da Penha e do Alem\u00e3o, no Rio de Janeiro. Organizada pela Marcha da Consci\u00eancia Negra, a manifesta\u00e7\u00e3o protesta contra a opera\u00e7\u00e3o policial, realizada na ter\u00e7a-feira (28), que deixou mais de 120 mortos, segundo den\u00fancias de organiza\u00e7\u00f5es de direitos humanos, \u00e9 considerada uma das mais letais da hist\u00f3ria do Brasil.<\/p>\n\n\n\n<p>O protesto na capital catarinense integra uma mobiliza\u00e7\u00e3o nacional convocada por movimentos sociais, coletivos antirracistas e organiza\u00e7\u00f5es de direitos humanos em todo o pa\u00eds.&nbsp;<\/p>\n\n\n\n<figure class=\"wp-block-image size-large\"><img fetchpriority=\"high\" decoding=\"async\" width=\"1200\" height=\"675\" src=\"https:\/\/jornalofatual.ufsc.br\/wp-content\/uploads\/2025\/11\/image-4-1200x675.jpeg\" alt=\"\" class=\"wp-image-2404\" srcset=\"https:\/\/jornalofatual.ufsc.br\/wp-content\/uploads\/2025\/11\/image-4-1200x675.jpeg 1200w, https:\/\/jornalofatual.ufsc.br\/wp-content\/uploads\/2025\/11\/image-4-300x169.jpeg 300w, https:\/\/jornalofatual.ufsc.br\/wp-content\/uploads\/2025\/11\/image-4-768x432.jpeg 768w, https:\/\/jornalofatual.ufsc.br\/wp-content\/uploads\/2025\/11\/image-4-1536x864.jpeg 1536w, https:\/\/jornalofatual.ufsc.br\/wp-content\/uploads\/2025\/11\/image-4.jpeg 1600w\" sizes=\"(max-width: 1200px) 100vw, 1200px\" \/><figcaption class=\"wp-element-caption\"><em>Manifestantes iniciaram protesto em frente ao TICEN (Foto: Isadora Pinheiro \/ UFSC)<\/em><\/figcaption><\/figure>\n\n\n\n<p>A concentra\u00e7\u00e3o come\u00e7ou \u00e0s 17h, com falas abertas ao microfone e a leitura de um manifesto em homenagem \u00e0s v\u00edtimas. Muitas pessoas levaram flores e cartazes com os nomes de alguns mortos na opera\u00e7\u00e3o. A marcha seguiu pela avenida Paulo Fontes, ganhando a aten\u00e7\u00e3o de quem passava pelo centro.<\/p>\n\n\n\n<p>Entre os participantes, estudantes, militantes e trabalhadores compartilharam sentimentos de indigna\u00e7\u00e3o e solidariedade. A aposentada Jussara Maria de Oliveira, de 86 anos, destacou que a mobiliza\u00e7\u00e3o \u00e9 uma forma de ampliar o debate sobre a\u00e7\u00f5es que retratam a letalidade policial e a incapacidade de combater o crime organizado. \u201cVim porque n\u00e3o d\u00e1 mais para tratar essas mortes como algo distante. Vim me manifestar contra a barb\u00e1rie, fa\u00e7o isso h\u00e1 mais de 50 anos porque diz respeito a todos n\u00f3s. \u00c9 um problema nacional\u201d, afirmou.<\/p>\n\n\n\n<p>Para um dos coordenadores do Diret\u00f3rio Central dos Estudantes (DCE) da Universidade Federal de Santa Catarina (UFSC)? e estudante de Ci\u00eancias Sociais, Lucas Jagiello, a viol\u00eancia policial no Rio \u00e9 reflexo de uma pol\u00edtica de seguran\u00e7a que se repete no pa\u00eds. \u201cO que aconteceu agora no Rio de Janeiro \u00e9 o verdadeiro prop\u00f3sito da Pol\u00edcia Militar, que \u00e9 assassinar, principalmente, o povo negro. Aqui eu consigo fazer o que est\u00e1 ao meu alcance para ajudar a barrar o genoc\u00eddio, e a organiza\u00e7\u00e3o coletiva \u00e9 uma solu\u00e7\u00e3o\u201d, disse.<\/p>\n\n\n\n<p>A jardineira Jessie Carlotti levou a neta ao ato. Ela afirmou que o protesto tamb\u00e9m \u00e9 um gesto de educa\u00e7\u00e3o e resist\u00eancia. \u201cA \u00fanica maneira de sermos ouvidos \u00e9 nas ruas. Eles s\u00f3 ouvem quando tem um movimento popular grande. Com engajamento e organiza\u00e7\u00e3o\u201d.<\/p>\n\n\n\n<p>Durante as falas finais, os organizadores destacaram que a mobiliza\u00e7\u00e3o n\u00e3o \u00e9 um ato isolado e anunciaram a cria\u00e7\u00e3o de um abaixo-assinado exigindo a abertura de uma investiga\u00e7\u00e3o independente sobre a megaopera\u00e7\u00e3o e a implementa\u00e7\u00e3o de medidas contra a letalidade policial.<\/p>\n\n\n\n<figure class=\"wp-block-image size-large\"><img decoding=\"async\" width=\"1200\" height=\"675\" src=\"https:\/\/jornalofatual.ufsc.br\/wp-content\/uploads\/2025\/11\/image-5-1200x675.jpeg\" alt=\"\" class=\"wp-image-2405\" srcset=\"https:\/\/jornalofatual.ufsc.br\/wp-content\/uploads\/2025\/11\/image-5-1200x675.jpeg 1200w, https:\/\/jornalofatual.ufsc.br\/wp-content\/uploads\/2025\/11\/image-5-300x169.jpeg 300w, https:\/\/jornalofatual.ufsc.br\/wp-content\/uploads\/2025\/11\/image-5-768x432.jpeg 768w, https:\/\/jornalofatual.ufsc.br\/wp-content\/uploads\/2025\/11\/image-5-1536x864.jpeg 1536w, https:\/\/jornalofatual.ufsc.br\/wp-content\/uploads\/2025\/11\/image-5.jpeg 1600w\" sizes=\"(max-width: 1200px) 100vw, 1200px\" \/><figcaption class=\"wp-element-caption\"><em>Opera\u00e7\u00e3o policial no RJ foi estopim para manifesta\u00e7\u00f5es (Foto: Isadora Pinheiro \/ UFSC)<\/em><\/figcaption><\/figure>\n","protected":false},"excerpt":{"rendered":"<p>Ato fez parte de mobiliza\u00e7\u00e3o nacional contra mortes em megaopera\u00e7\u00e3o no RJ\u00a0 ISADORA PINHEIRO Centenas de pessoas se reuniram em frente ao Terminal de Integra\u00e7\u00e3o do Centro (Ticen), na tarde de sexta-feira (31), em Florian\u00f3polis, para participar de ato p\u00fablico em rep\u00fadio \u00e0 chacina ocorrida nos Complexos da Penha e do Alem\u00e3o, no Rio de [&hellip;]<\/p>\n","protected":false},"author":1,"featured_media":2403,"comment_status":"open","ping_status":"open","sticky":false,"template":"","format":"standard","meta":{"footnotes":""},"categories":[19,118],"tags":[],"class_list":["post-2402","post","type-post","status-publish","format-standard","has-post-thumbnail","hentry","category-noticias","category-seguranca"],"yoast_head":"<!-- This site is optimized with the Yoast SEO plugin v22.9 - https:\/\/yoast.com\/wordpress\/plugins\/seo\/ -->\n<title>Manifestantes em Florian\u00f3polis protestam contra viol\u00eancia policial\u00a0 - O Fatual<\/title>\n<meta name=\"robots\" content=\"index, follow, max-snippet:-1, max-image-preview:large, max-video-preview:-1\" \/>\n<link rel=\"canonical\" href=\"https:\/\/jornalofatual.ufsc.br\/index.php\/2025\/11\/11\/manifestantes-em-florianopolis-protestam-contra-violencia-policial\/\" \/>\n<meta property=\"og:locale\" content=\"pt_BR\" \/>\n<meta property=\"og:type\" content=\"article\" \/>\n<meta property=\"og:title\" content=\"Manifestantes em Florian\u00f3polis protestam contra viol\u00eancia policial\u00a0 - O Fatual\" \/>\n<meta property=\"og:description\" content=\"Ato fez parte de mobiliza\u00e7\u00e3o nacional contra mortes em megaopera\u00e7\u00e3o no RJ\u00a0 ISADORA PINHEIRO Centenas de pessoas se reuniram em frente ao Terminal de Integra\u00e7\u00e3o do Centro (Ticen), na tarde de sexta-feira (31), em Florian\u00f3polis, para participar de ato p\u00fablico em rep\u00fadio \u00e0 chacina ocorrida nos Complexos da Penha e do Alem\u00e3o, no Rio de [&hellip;]\" \/>\n<meta property=\"og:url\" content=\"https:\/\/jornalofatual.ufsc.br\/index.php\/2025\/11\/11\/manifestantes-em-florianopolis-protestam-contra-violencia-policial\/\" \/>\n<meta property=\"og:site_name\" content=\"O Fatual\" \/>\n<meta property=\"article:published_time\" content=\"2025-11-11T17:45:32+00:00\" \/>\n<meta property=\"article:modified_time\" content=\"2025-11-11T17:45:35+00:00\" \/>\n<meta property=\"og:image\" content=\"http:\/\/jornalofatual.ufsc.br\/wp-content\/uploads\/2025\/11\/image-3.jpeg\" \/>\n\t<meta property=\"og:image:width\" content=\"1600\" \/>\n\t<meta property=\"og:image:height\" content=\"900\" \/>\n\t<meta property=\"og:image:type\" content=\"image\/jpeg\" \/>\n<meta name=\"author\" content=\"O Fatual UFSC\" \/>\n<meta name=\"twitter:card\" content=\"summary_large_image\" \/>\n<meta name=\"twitter:label1\" content=\"Escrito por\" \/>\n\t<meta name=\"twitter:data1\" content=\"O Fatual UFSC\" \/>\n\t<meta name=\"twitter:label2\" content=\"Est. tempo de leitura\" \/>\n\t<meta name=\"twitter:data2\" content=\"4 minutos\" \/>\n<script type=\"application\/ld+json\" class=\"yoast-schema-graph\">{\"@context\":\"https:\/\/schema.org\",\"@graph\":[{\"@type\":\"WebPage\",\"@id\":\"https:\/\/jornalofatual.ufsc.br\/index.php\/2025\/11\/11\/manifestantes-em-florianopolis-protestam-contra-violencia-policial\/\",\"url\":\"https:\/\/jornalofatual.ufsc.br\/index.php\/2025\/11\/11\/manifestantes-em-florianopolis-protestam-contra-violencia-policial\/\",\"name\":\"Manifestantes em Florian\u00f3polis protestam contra viol\u00eancia policial\u00a0 - O Fatual\",\"isPartOf\":{\"@id\":\"https:\/\/jornalofatual.ufsc.br\/#website\"},\"primaryImageOfPage\":{\"@id\":\"https:\/\/jornalofatual.ufsc.br\/index.php\/2025\/11\/11\/manifestantes-em-florianopolis-protestam-contra-violencia-policial\/#primaryimage\"},\"image\":{\"@id\":\"https:\/\/jornalofatual.ufsc.br\/index.php\/2025\/11\/11\/manifestantes-em-florianopolis-protestam-contra-violencia-policial\/#primaryimage\"},\"thumbnailUrl\":\"https:\/\/jornalofatual.ufsc.br\/wp-content\/uploads\/2025\/11\/image-3.jpeg\",\"datePublished\":\"2025-11-11T17:45:32+00:00\",\"dateModified\":\"2025-11-11T17:45:35+00:00\",\"author\":{\"@id\":\"https:\/\/jornalofatual.ufsc.br\/#\/schema\/person\/7c4da290bbeac2ab587bf3bd9b2796c5\"},\"breadcrumb\":{\"@id\":\"https:\/\/jornalofatual.ufsc.br\/index.php\/2025\/11\/11\/manifestantes-em-florianopolis-protestam-contra-violencia-policial\/#breadcrumb\"},\"inLanguage\":\"pt-BR\",\"potentialAction\":[{\"@type\":\"ReadAction\",\"target\":[\"https:\/\/jornalofatual.ufsc.br\/index.php\/2025\/11\/11\/manifestantes-em-florianopolis-protestam-contra-violencia-policial\/\"]}]},{\"@type\":\"ImageObject\",\"inLanguage\":\"pt-BR\",\"@id\":\"https:\/\/jornalofatual.ufsc.br\/index.php\/2025\/11\/11\/manifestantes-em-florianopolis-protestam-contra-violencia-policial\/#primaryimage\",\"url\":\"https:\/\/jornalofatual.ufsc.br\/wp-content\/uploads\/2025\/11\/image-3.jpeg\",\"contentUrl\":\"https:\/\/jornalofatual.ufsc.br\/wp-content\/uploads\/2025\/11\/image-3.jpeg\",\"width\":1600,\"height\":900},{\"@type\":\"BreadcrumbList\",\"@id\":\"https:\/\/jornalofatual.ufsc.br\/index.php\/2025\/11\/11\/manifestantes-em-florianopolis-protestam-contra-violencia-policial\/#breadcrumb\",\"itemListElement\":[{\"@type\":\"ListItem\",\"position\":1,\"name\":\"In\u00edcio\",\"item\":\"https:\/\/jornalofatual.ufsc.br\/\"},{\"@type\":\"ListItem\",\"position\":2,\"name\":\"Manifestantes em Florian\u00f3polis protestam contra viol\u00eancia policial\u00a0\"}]},{\"@type\":\"WebSite\",\"@id\":\"https:\/\/jornalofatual.ufsc.br\/#website\",\"url\":\"https:\/\/jornalofatual.ufsc.br\/\",\"name\":\"O Fatual\",\"description\":\"Jornalismo UFSC\",\"potentialAction\":[{\"@type\":\"SearchAction\",\"target\":{\"@type\":\"EntryPoint\",\"urlTemplate\":\"https:\/\/jornalofatual.ufsc.br\/?s={search_term_string}\"},\"query-input\":\"required name=search_term_string\"}],\"inLanguage\":\"pt-BR\"},{\"@type\":\"Person\",\"@id\":\"https:\/\/jornalofatual.ufsc.br\/#\/schema\/person\/7c4da290bbeac2ab587bf3bd9b2796c5\",\"name\":\"O Fatual UFSC\",\"image\":{\"@type\":\"ImageObject\",\"inLanguage\":\"pt-BR\",\"@id\":\"https:\/\/jornalofatual.ufsc.br\/#\/schema\/person\/image\/\",\"url\":\"https:\/\/secure.gravatar.com\/avatar\/77a2965911ca4aaeddc636b7e775b7bb05b7e4b5d5ad85a27d016b6a781b2b04?s=96&d=mm&r=g\",\"contentUrl\":\"https:\/\/secure.gravatar.com\/avatar\/77a2965911ca4aaeddc636b7e775b7bb05b7e4b5d5ad85a27d016b6a781b2b04?s=96&d=mm&r=g\",\"caption\":\"O Fatual UFSC\"},\"sameAs\":[\"https:\/\/jornalofatual.ufsc.br\",\"https:\/\/www.instagram.com\/jornalofatual\/\"],\"url\":\"https:\/\/jornalofatual.ufsc.br\/index.php\/author\/jornalofactualgmail-com\/\"}]}<\/script>\n<!-- \/ Yoast SEO plugin. -->","yoast_head_json":{"title":"Manifestantes em Florian\u00f3polis protestam contra viol\u00eancia policial\u00a0 - O Fatual","robots":{"index":"index","follow":"follow","max-snippet":"max-snippet:-1","max-image-preview":"max-image-preview:large","max-video-preview":"max-video-preview:-1"},"canonical":"https:\/\/jornalofatual.ufsc.br\/index.php\/2025\/11\/11\/manifestantes-em-florianopolis-protestam-contra-violencia-policial\/","og_locale":"pt_BR","og_type":"article","og_title":"Manifestantes em Florian\u00f3polis protestam contra viol\u00eancia policial\u00a0 - O Fatual","og_description":"Ato fez parte de mobiliza\u00e7\u00e3o nacional contra mortes em megaopera\u00e7\u00e3o no RJ\u00a0 ISADORA PINHEIRO Centenas de pessoas se reuniram em frente ao Terminal de Integra\u00e7\u00e3o do Centro (Ticen), na tarde de sexta-feira (31), em Florian\u00f3polis, para participar de ato p\u00fablico em rep\u00fadio \u00e0 chacina ocorrida nos Complexos da Penha e do Alem\u00e3o, no Rio de [&hellip;]","og_url":"https:\/\/jornalofatual.ufsc.br\/index.php\/2025\/11\/11\/manifestantes-em-florianopolis-protestam-contra-violencia-policial\/","og_site_name":"O Fatual","article_published_time":"2025-11-11T17:45:32+00:00","article_modified_time":"2025-11-11T17:45:35+00:00","og_image":[{"width":1600,"height":900,"url":"http:\/\/jornalofatual.ufsc.br\/wp-content\/uploads\/2025\/11\/image-3.jpeg","type":"image\/jpeg"}],"author":"O Fatual UFSC","twitter_card":"summary_large_image","twitter_misc":{"Escrito por":"O Fatual UFSC","Est. tempo de leitura":"4 minutos"},"schema":{"@context":"https:\/\/schema.org","@graph":[{"@type":"WebPage","@id":"https:\/\/jornalofatual.ufsc.br\/index.php\/2025\/11\/11\/manifestantes-em-florianopolis-protestam-contra-violencia-policial\/","url":"https:\/\/jornalofatual.ufsc.br\/index.php\/2025\/11\/11\/manifestantes-em-florianopolis-protestam-contra-violencia-policial\/","name":"Manifestantes em Florian\u00f3polis protestam contra viol\u00eancia policial\u00a0 - O Fatual","isPartOf":{"@id":"https:\/\/jornalofatual.ufsc.br\/#website"},"primaryImageOfPage":{"@id":"https:\/\/jornalofatual.ufsc.br\/index.php\/2025\/11\/11\/manifestantes-em-florianopolis-protestam-contra-violencia-policial\/#primaryimage"},"image":{"@id":"https:\/\/jornalofatual.ufsc.br\/index.php\/2025\/11\/11\/manifestantes-em-florianopolis-protestam-contra-violencia-policial\/#primaryimage"},"thumbnailUrl":"https:\/\/jornalofatual.ufsc.br\/wp-content\/uploads\/2025\/11\/image-3.jpeg","datePublished":"2025-11-11T17:45:32+00:00","dateModified":"2025-11-11T17:45:35+00:00","author":{"@id":"https:\/\/jornalofatual.ufsc.br\/#\/schema\/person\/7c4da290bbeac2ab587bf3bd9b2796c5"},"breadcrumb":{"@id":"https:\/\/jornalofatual.ufsc.br\/index.php\/2025\/11\/11\/manifestantes-em-florianopolis-protestam-contra-violencia-policial\/#breadcrumb"},"inLanguage":"pt-BR","potentialAction":[{"@type":"ReadAction","target":["https:\/\/jornalofatual.ufsc.br\/index.php\/2025\/11\/11\/manifestantes-em-florianopolis-protestam-contra-violencia-policial\/"]}]},{"@type":"ImageObject","inLanguage":"pt-BR","@id":"https:\/\/jornalofatual.ufsc.br\/index.php\/2025\/11\/11\/manifestantes-em-florianopolis-protestam-contra-violencia-policial\/#primaryimage","url":"https:\/\/jornalofatual.ufsc.br\/wp-content\/uploads\/2025\/11\/image-3.jpeg","contentUrl":"https:\/\/jornalofatual.ufsc.br\/wp-content\/uploads\/2025\/11\/image-3.jpeg","width":1600,"height":900},{"@type":"BreadcrumbList","@id":"https:\/\/jornalofatual.ufsc.br\/index.php\/2025\/11\/11\/manifestantes-em-florianopolis-protestam-contra-violencia-policial\/#breadcrumb","itemListElement":[{"@type":"ListItem","position":1,"name":"In\u00edcio","item":"https:\/\/jornalofatual.ufsc.br\/"},{"@type":"ListItem","position":2,"name":"Manifestantes em Florian\u00f3polis protestam contra viol\u00eancia policial\u00a0"}]},{"@type":"WebSite","@id":"https:\/\/jornalofatual.ufsc.br\/#website","url":"https:\/\/jornalofatual.ufsc.br\/","name":"O Fatual","description":"Jornalismo UFSC","potentialAction":[{"@type":"SearchAction","target":{"@type":"EntryPoint","urlTemplate":"https:\/\/jornalofatual.ufsc.br\/?s={search_term_string}"},"query-input":"required name=search_term_string"}],"inLanguage":"pt-BR"},{"@type":"Person","@id":"https:\/\/jornalofatual.ufsc.br\/#\/schema\/person\/7c4da290bbeac2ab587bf3bd9b2796c5","name":"O Fatual UFSC","image":{"@type":"ImageObject","inLanguage":"pt-BR","@id":"https:\/\/jornalofatual.ufsc.br\/#\/schema\/person\/image\/","url":"https:\/\/secure.gravatar.com\/avatar\/77a2965911ca4aaeddc636b7e775b7bb05b7e4b5d5ad85a27d016b6a781b2b04?s=96&d=mm&r=g","contentUrl":"https:\/\/secure.gravatar.com\/avatar\/77a2965911ca4aaeddc636b7e775b7bb05b7e4b5d5ad85a27d016b6a781b2b04?s=96&d=mm&r=g","caption":"O Fatual UFSC"},"sameAs":["https:\/\/jornalofatual.ufsc.br","https:\/\/www.instagram.com\/jornalofatual\/"],"url":"https:\/\/jornalofatual.ufsc.br\/index.php\/author\/jornalofactualgmail-com\/"}]}},"_links":{"self":[{"href":"https:\/\/jornalofatual.ufsc.br\/index.php\/wp-json\/wp\/v2\/posts\/2402","targetHints":{"allow":["GET"]}}],"collection":[{"href":"https:\/\/jornalofatual.ufsc.br\/index.php\/wp-json\/wp\/v2\/posts"}],"about":[{"href":"https:\/\/jornalofatual.ufsc.br\/index.php\/wp-json\/wp\/v2\/types\/post"}],"author":[{"embeddable":true,"href":"https:\/\/jornalofatual.ufsc.br\/index.php\/wp-json\/wp\/v2\/users\/1"}],"replies":[{"embeddable":true,"href":"https:\/\/jornalofatual.ufsc.br\/index.php\/wp-json\/wp\/v2\/comments?post=2402"}],"version-history":[{"count":1,"href":"https:\/\/jornalofatual.ufsc.br\/index.php\/wp-json\/wp\/v2\/posts\/2402\/revisions"}],"predecessor-version":[{"id":2406,"href":"https:\/\/jornalofatual.ufsc.br\/index.php\/wp-json\/wp\/v2\/posts\/2402\/revisions\/2406"}],"wp:featuredmedia":[{"embeddable":true,"href":"https:\/\/jornalofatual.ufsc.br\/index.php\/wp-json\/wp\/v2\/media\/2403"}],"wp:attachment":[{"href":"https:\/\/jornalofatual.ufsc.br\/index.php\/wp-json\/wp\/v2\/media?parent=2402"}],"wp:term":[{"taxonomy":"category","embeddable":true,"href":"https:\/\/jornalofatual.ufsc.br\/index.php\/wp-json\/wp\/v2\/categories?post=2402"},{"taxonomy":"post_tag","embeddable":true,"href":"https:\/\/jornalofatual.ufsc.br\/index.php\/wp-json\/wp\/v2\/tags?post=2402"}],"curies":[{"name":"wp","href":"https:\/\/api.w.org\/{rel}","templated":true}]}}