{"id":2354,"date":"2025-10-13T20:39:27","date_gmt":"2025-10-13T23:39:27","guid":{"rendered":"https:\/\/jornalofatual.ufsc.br\/?p=2354"},"modified":"2025-10-13T20:46:20","modified_gmt":"2025-10-13T23:46:20","slug":"mais-de-200-pessoas-foram-ouvir-jones-manoel-na-ufsc","status":"publish","type":"post","link":"https:\/\/jornalofatual.ufsc.br\/index.php\/2025\/10\/13\/mais-de-200-pessoas-foram-ouvir-jones-manoel-na-ufsc\/","title":{"rendered":"Mais de 200 pessoas foram ouvir Jones Manoel na UFSC"},"content":{"rendered":"\n<p><em><strong><em>Soberania nacional s\u00f3 vir\u00e1 atrav\u00e9s de organiza\u00e7\u00e3o pol\u00edtica, disse palestrante<\/em><\/strong><\/em><\/p>\n\n\n\n<div style=\"height:32px\" aria-hidden=\"true\" class=\"wp-block-spacer\"><\/div>\n\n\n\n<p><strong>LETICIA LAURA<\/strong><\/p>\n\n\n\n<p>Mesmo com chuva, centenas de pessoas se reuniram na Universidade Federal de Santa Catarina (UFSC), campus Trindade, para ouvir o historiador e militante comunista Jones Manoel. O palestrante, que tem 1,6 milh\u00f5es de seguidores no Instagram, falou sobre \u201cA ofensiva imperialista contra o Brasil e a luta por soberania nacional\u201d. O evento aconteceu \u00e0s 13h de segunda-feira (6), na parte externa do Bloco A do Centro de Comunica\u00e7\u00e3o e Express\u00e3o (CCE). A organiza\u00e7\u00e3o foi do Partido Comunista Brasileiro Revolucion\u00e1rio de Santa Catarina (PCBR-SC) e da Uni\u00e3o da Juventude Comunista em Santa Catarina (UJC-SC).&nbsp;<\/p>\n\n\n\n<p>\u201cA economia funciona a partir da superexplora\u00e7\u00e3o da for\u00e7a de trabalho. No Brasil, 70% da classe trabalhadora ganha at\u00e9 dois sal\u00e1rios m\u00ednimos\u201d, discursou Jones. Segundo o historiador, o imperialismo contempor\u00e2neo n\u00e3o se expressa apenas por meio de guerras ou invas\u00f5es, mas por mecanismos econ\u00f4micos e financeiros que mant\u00eam os pa\u00edses perif\u00e9ricos presos \u00e0 exporta\u00e7\u00e3o de mat\u00e9rias-primas e \u00e0 importa\u00e7\u00e3o de bens de alto valor agregado. \u201c\u00c9 o velho esquema colonial atualizado para o s\u00e9culo XXI\u201d, resumiu.<\/p>\n\n\n\n<figure class=\"wp-block-image size-large\"><img fetchpriority=\"high\" decoding=\"async\" width=\"1200\" height=\"798\" src=\"https:\/\/jornalofatual.ufsc.br\/wp-content\/uploads\/2025\/10\/image-4-1200x798.png\" alt=\"\" class=\"wp-image-2357\" srcset=\"https:\/\/jornalofatual.ufsc.br\/wp-content\/uploads\/2025\/10\/image-4-1200x798.png 1200w, https:\/\/jornalofatual.ufsc.br\/wp-content\/uploads\/2025\/10\/image-4-300x200.png 300w, https:\/\/jornalofatual.ufsc.br\/wp-content\/uploads\/2025\/10\/image-4-768x511.png 768w, https:\/\/jornalofatual.ufsc.br\/wp-content\/uploads\/2025\/10\/image-4-1536x1021.png 1536w, https:\/\/jornalofatual.ufsc.br\/wp-content\/uploads\/2025\/10\/image-4.png 1600w\" sizes=\"(max-width: 1200px) 100vw, 1200px\" \/><figcaption class=\"wp-element-caption\"><em>Estudantes marcaram presen\u00e7a em palestra de historiador (Foto: Let\u00edcia Laura \/ UFSC)<\/em><\/figcaption><\/figure>\n\n\n\n<p>O palestrante associou esse processo ao que chamou de alian\u00e7a entre o capital estrangeiro e a burguesia interna, que, ao seu ver, \u00e9 respons\u00e1vel por frear qualquer projeto nacional. \u201cN\u00e3o existe nenhum projeto de industrializa\u00e7\u00e3o, de autonomia tecnol\u00f3gica e de desenvolvimento do pa\u00eds puxado pela burguesia brasileira. Essa burguesia nasce, cresce e se desenvolve numa posi\u00e7\u00e3o de depend\u00eancia da hegemonia dos Estados Unidos\u201d, afirmou.&nbsp;<\/p>\n\n\n\n<p>Para Jones, o novo&nbsp; arcabou\u00e7o fiscal, que limita o aumento das despesas p\u00fablicas a 2,5% ao ano, \u00e9 o exemplo mais recente dessa depend\u00eancia. \u201cEssa pol\u00edtica fiscal fragiliza a soberania nacional, porque refor\u00e7a o papel do Brasil como um mero consumidor, que n\u00e3o tem capacidade de investir no desenvolvimento de tecnologias pr\u00f3prias\u201d, argumentou.&nbsp;<\/p>\n\n\n\n<p>O estudante de cinema Samuel Torres, de 21 anos, saiu esperan\u00e7oso do evento: \u201cVer o varand\u00e3o lotado me deu vontade de pensar um cinema mais revolucion\u00e1rio\u201d. J\u00e1 Wesley C\u00f3rdova, 22, do curso de Servi\u00e7o Social, criticou o hor\u00e1rio do evento. \u201cFoi um equ\u00edvoco total, porque a classe trabalhadora n\u00e3o pode participar neste hor\u00e1rio (13h)\u201d, disse. O ex-aluno de Direito Bruno Chemin, 43, afirmou ter se surpreendido positivamente com a mobiliza\u00e7\u00e3o. \u201cN\u00e3o escutei grandes novidades, mas \u00e9 importante ver a resist\u00eancia continuar crescendo\u201d.<\/p>\n\n\n\n<p>Ao encerrar a palestra, Jones insistiu que a soberania nacional \u00e9 insepar\u00e1vel da luta de classes: \u201cEnquanto a burguesia brasileira for associada ao capital estrangeiro, o Brasil continuar\u00e1 exportando min\u00e9rio e importando tecnologia\u201d. Para o palestrante, a luta por soberania envolve reconstruir a ind\u00fastria, recuperar o controle sobre recursos naturais e fortalecer as institui\u00e7\u00f5es p\u00fablicas.&nbsp;<\/p>\n","protected":false},"excerpt":{"rendered":"<p>Soberania nacional s\u00f3 vir\u00e1 atrav\u00e9s de organiza\u00e7\u00e3o pol\u00edtica, disse palestrante LETICIA LAURA Mesmo com chuva, centenas de pessoas se reuniram na Universidade Federal de Santa Catarina (UFSC), campus Trindade, para ouvir o historiador e militante comunista Jones Manoel. O palestrante, que tem 1,6 milh\u00f5es de seguidores no Instagram, falou sobre \u201cA ofensiva imperialista contra o [&hellip;]<\/p>\n","protected":false},"author":1,"featured_media":2358,"comment_status":"open","ping_status":"open","sticky":false,"template":"","format":"standard","meta":{"footnotes":""},"categories":[19,114],"tags":[],"class_list":["post-2354","post","type-post","status-publish","format-standard","has-post-thumbnail","hentry","category-noticias","category-politica"],"yoast_head":"<!-- This site is optimized with the Yoast SEO plugin v22.9 - https:\/\/yoast.com\/wordpress\/plugins\/seo\/ -->\n<title>Mais de 200 pessoas foram ouvir Jones Manoel na UFSC - O Fatual<\/title>\n<meta name=\"robots\" content=\"index, follow, max-snippet:-1, max-image-preview:large, max-video-preview:-1\" \/>\n<link rel=\"canonical\" href=\"https:\/\/jornalofatual.ufsc.br\/index.php\/2025\/10\/13\/mais-de-200-pessoas-foram-ouvir-jones-manoel-na-ufsc\/\" \/>\n<meta property=\"og:locale\" content=\"pt_BR\" \/>\n<meta property=\"og:type\" content=\"article\" \/>\n<meta property=\"og:title\" content=\"Mais de 200 pessoas foram ouvir Jones Manoel na UFSC - O Fatual\" \/>\n<meta property=\"og:description\" content=\"Soberania nacional s\u00f3 vir\u00e1 atrav\u00e9s de organiza\u00e7\u00e3o pol\u00edtica, disse palestrante LETICIA LAURA Mesmo com chuva, centenas de pessoas se reuniram na Universidade Federal de Santa Catarina (UFSC), campus Trindade, para ouvir o historiador e militante comunista Jones Manoel. O palestrante, que tem 1,6 milh\u00f5es de seguidores no Instagram, falou sobre \u201cA ofensiva imperialista contra o [&hellip;]\" \/>\n<meta property=\"og:url\" content=\"https:\/\/jornalofatual.ufsc.br\/index.php\/2025\/10\/13\/mais-de-200-pessoas-foram-ouvir-jones-manoel-na-ufsc\/\" \/>\n<meta property=\"og:site_name\" content=\"O Fatual\" \/>\n<meta property=\"article:published_time\" content=\"2025-10-13T23:39:27+00:00\" \/>\n<meta property=\"article:modified_time\" content=\"2025-10-13T23:46:20+00:00\" \/>\n<meta property=\"og:image\" content=\"http:\/\/jornalofatual.ufsc.br\/wp-content\/uploads\/2025\/10\/image-5-1200x798.png\" \/>\n\t<meta property=\"og:image:width\" content=\"1200\" \/>\n\t<meta property=\"og:image:height\" content=\"798\" \/>\n\t<meta property=\"og:image:type\" content=\"image\/png\" \/>\n<meta name=\"author\" content=\"O Fatual UFSC\" \/>\n<meta name=\"twitter:card\" content=\"summary_large_image\" \/>\n<meta name=\"twitter:label1\" content=\"Escrito por\" \/>\n\t<meta name=\"twitter:data1\" content=\"O Fatual UFSC\" \/>\n\t<meta name=\"twitter:label2\" content=\"Est. tempo de leitura\" \/>\n\t<meta name=\"twitter:data2\" content=\"3 minutos\" \/>\n<script type=\"application\/ld+json\" class=\"yoast-schema-graph\">{\"@context\":\"https:\/\/schema.org\",\"@graph\":[{\"@type\":\"WebPage\",\"@id\":\"https:\/\/jornalofatual.ufsc.br\/index.php\/2025\/10\/13\/mais-de-200-pessoas-foram-ouvir-jones-manoel-na-ufsc\/\",\"url\":\"https:\/\/jornalofatual.ufsc.br\/index.php\/2025\/10\/13\/mais-de-200-pessoas-foram-ouvir-jones-manoel-na-ufsc\/\",\"name\":\"Mais de 200 pessoas foram ouvir Jones Manoel na UFSC - O Fatual\",\"isPartOf\":{\"@id\":\"https:\/\/jornalofatual.ufsc.br\/#website\"},\"primaryImageOfPage\":{\"@id\":\"https:\/\/jornalofatual.ufsc.br\/index.php\/2025\/10\/13\/mais-de-200-pessoas-foram-ouvir-jones-manoel-na-ufsc\/#primaryimage\"},\"image\":{\"@id\":\"https:\/\/jornalofatual.ufsc.br\/index.php\/2025\/10\/13\/mais-de-200-pessoas-foram-ouvir-jones-manoel-na-ufsc\/#primaryimage\"},\"thumbnailUrl\":\"https:\/\/jornalofatual.ufsc.br\/wp-content\/uploads\/2025\/10\/image-5.png\",\"datePublished\":\"2025-10-13T23:39:27+00:00\",\"dateModified\":\"2025-10-13T23:46:20+00:00\",\"author\":{\"@id\":\"https:\/\/jornalofatual.ufsc.br\/#\/schema\/person\/7c4da290bbeac2ab587bf3bd9b2796c5\"},\"breadcrumb\":{\"@id\":\"https:\/\/jornalofatual.ufsc.br\/index.php\/2025\/10\/13\/mais-de-200-pessoas-foram-ouvir-jones-manoel-na-ufsc\/#breadcrumb\"},\"inLanguage\":\"pt-BR\",\"potentialAction\":[{\"@type\":\"ReadAction\",\"target\":[\"https:\/\/jornalofatual.ufsc.br\/index.php\/2025\/10\/13\/mais-de-200-pessoas-foram-ouvir-jones-manoel-na-ufsc\/\"]}]},{\"@type\":\"ImageObject\",\"inLanguage\":\"pt-BR\",\"@id\":\"https:\/\/jornalofatual.ufsc.br\/index.php\/2025\/10\/13\/mais-de-200-pessoas-foram-ouvir-jones-manoel-na-ufsc\/#primaryimage\",\"url\":\"https:\/\/jornalofatual.ufsc.br\/wp-content\/uploads\/2025\/10\/image-5.png\",\"contentUrl\":\"https:\/\/jornalofatual.ufsc.br\/wp-content\/uploads\/2025\/10\/image-5.png\",\"width\":1600,\"height\":1064,\"caption\":\"Historiador comunista Jones Manoel falou sobre soberania nacional na UFSC (Let\u00edcia Laura \/ UFSC)\"},{\"@type\":\"BreadcrumbList\",\"@id\":\"https:\/\/jornalofatual.ufsc.br\/index.php\/2025\/10\/13\/mais-de-200-pessoas-foram-ouvir-jones-manoel-na-ufsc\/#breadcrumb\",\"itemListElement\":[{\"@type\":\"ListItem\",\"position\":1,\"name\":\"In\u00edcio\",\"item\":\"https:\/\/jornalofatual.ufsc.br\/\"},{\"@type\":\"ListItem\",\"position\":2,\"name\":\"Mais de 200 pessoas foram ouvir Jones Manoel na UFSC\"}]},{\"@type\":\"WebSite\",\"@id\":\"https:\/\/jornalofatual.ufsc.br\/#website\",\"url\":\"https:\/\/jornalofatual.ufsc.br\/\",\"name\":\"O Fatual\",\"description\":\"Jornalismo UFSC\",\"potentialAction\":[{\"@type\":\"SearchAction\",\"target\":{\"@type\":\"EntryPoint\",\"urlTemplate\":\"https:\/\/jornalofatual.ufsc.br\/?s={search_term_string}\"},\"query-input\":\"required name=search_term_string\"}],\"inLanguage\":\"pt-BR\"},{\"@type\":\"Person\",\"@id\":\"https:\/\/jornalofatual.ufsc.br\/#\/schema\/person\/7c4da290bbeac2ab587bf3bd9b2796c5\",\"name\":\"O Fatual UFSC\",\"image\":{\"@type\":\"ImageObject\",\"inLanguage\":\"pt-BR\",\"@id\":\"https:\/\/jornalofatual.ufsc.br\/#\/schema\/person\/image\/\",\"url\":\"https:\/\/secure.gravatar.com\/avatar\/77a2965911ca4aaeddc636b7e775b7bb05b7e4b5d5ad85a27d016b6a781b2b04?s=96&d=mm&r=g\",\"contentUrl\":\"https:\/\/secure.gravatar.com\/avatar\/77a2965911ca4aaeddc636b7e775b7bb05b7e4b5d5ad85a27d016b6a781b2b04?s=96&d=mm&r=g\",\"caption\":\"O Fatual UFSC\"},\"sameAs\":[\"https:\/\/jornalofatual.ufsc.br\",\"https:\/\/www.instagram.com\/jornalofatual\/\"],\"url\":\"https:\/\/jornalofatual.ufsc.br\/index.php\/author\/jornalofactualgmail-com\/\"}]}<\/script>\n<!-- \/ Yoast SEO plugin. -->","yoast_head_json":{"title":"Mais de 200 pessoas foram ouvir Jones Manoel na UFSC - O Fatual","robots":{"index":"index","follow":"follow","max-snippet":"max-snippet:-1","max-image-preview":"max-image-preview:large","max-video-preview":"max-video-preview:-1"},"canonical":"https:\/\/jornalofatual.ufsc.br\/index.php\/2025\/10\/13\/mais-de-200-pessoas-foram-ouvir-jones-manoel-na-ufsc\/","og_locale":"pt_BR","og_type":"article","og_title":"Mais de 200 pessoas foram ouvir Jones Manoel na UFSC - O Fatual","og_description":"Soberania nacional s\u00f3 vir\u00e1 atrav\u00e9s de organiza\u00e7\u00e3o pol\u00edtica, disse palestrante LETICIA LAURA Mesmo com chuva, centenas de pessoas se reuniram na Universidade Federal de Santa Catarina (UFSC), campus Trindade, para ouvir o historiador e militante comunista Jones Manoel. O palestrante, que tem 1,6 milh\u00f5es de seguidores no Instagram, falou sobre \u201cA ofensiva imperialista contra o [&hellip;]","og_url":"https:\/\/jornalofatual.ufsc.br\/index.php\/2025\/10\/13\/mais-de-200-pessoas-foram-ouvir-jones-manoel-na-ufsc\/","og_site_name":"O Fatual","article_published_time":"2025-10-13T23:39:27+00:00","article_modified_time":"2025-10-13T23:46:20+00:00","og_image":[{"width":1200,"height":798,"url":"http:\/\/jornalofatual.ufsc.br\/wp-content\/uploads\/2025\/10\/image-5-1200x798.png","type":"image\/png"}],"author":"O Fatual UFSC","twitter_card":"summary_large_image","twitter_misc":{"Escrito por":"O Fatual UFSC","Est. tempo de leitura":"3 minutos"},"schema":{"@context":"https:\/\/schema.org","@graph":[{"@type":"WebPage","@id":"https:\/\/jornalofatual.ufsc.br\/index.php\/2025\/10\/13\/mais-de-200-pessoas-foram-ouvir-jones-manoel-na-ufsc\/","url":"https:\/\/jornalofatual.ufsc.br\/index.php\/2025\/10\/13\/mais-de-200-pessoas-foram-ouvir-jones-manoel-na-ufsc\/","name":"Mais de 200 pessoas foram ouvir Jones Manoel na UFSC - O Fatual","isPartOf":{"@id":"https:\/\/jornalofatual.ufsc.br\/#website"},"primaryImageOfPage":{"@id":"https:\/\/jornalofatual.ufsc.br\/index.php\/2025\/10\/13\/mais-de-200-pessoas-foram-ouvir-jones-manoel-na-ufsc\/#primaryimage"},"image":{"@id":"https:\/\/jornalofatual.ufsc.br\/index.php\/2025\/10\/13\/mais-de-200-pessoas-foram-ouvir-jones-manoel-na-ufsc\/#primaryimage"},"thumbnailUrl":"https:\/\/jornalofatual.ufsc.br\/wp-content\/uploads\/2025\/10\/image-5.png","datePublished":"2025-10-13T23:39:27+00:00","dateModified":"2025-10-13T23:46:20+00:00","author":{"@id":"https:\/\/jornalofatual.ufsc.br\/#\/schema\/person\/7c4da290bbeac2ab587bf3bd9b2796c5"},"breadcrumb":{"@id":"https:\/\/jornalofatual.ufsc.br\/index.php\/2025\/10\/13\/mais-de-200-pessoas-foram-ouvir-jones-manoel-na-ufsc\/#breadcrumb"},"inLanguage":"pt-BR","potentialAction":[{"@type":"ReadAction","target":["https:\/\/jornalofatual.ufsc.br\/index.php\/2025\/10\/13\/mais-de-200-pessoas-foram-ouvir-jones-manoel-na-ufsc\/"]}]},{"@type":"ImageObject","inLanguage":"pt-BR","@id":"https:\/\/jornalofatual.ufsc.br\/index.php\/2025\/10\/13\/mais-de-200-pessoas-foram-ouvir-jones-manoel-na-ufsc\/#primaryimage","url":"https:\/\/jornalofatual.ufsc.br\/wp-content\/uploads\/2025\/10\/image-5.png","contentUrl":"https:\/\/jornalofatual.ufsc.br\/wp-content\/uploads\/2025\/10\/image-5.png","width":1600,"height":1064,"caption":"Historiador comunista Jones Manoel falou sobre soberania nacional na UFSC (Let\u00edcia Laura \/ UFSC)"},{"@type":"BreadcrumbList","@id":"https:\/\/jornalofatual.ufsc.br\/index.php\/2025\/10\/13\/mais-de-200-pessoas-foram-ouvir-jones-manoel-na-ufsc\/#breadcrumb","itemListElement":[{"@type":"ListItem","position":1,"name":"In\u00edcio","item":"https:\/\/jornalofatual.ufsc.br\/"},{"@type":"ListItem","position":2,"name":"Mais de 200 pessoas foram ouvir Jones Manoel na UFSC"}]},{"@type":"WebSite","@id":"https:\/\/jornalofatual.ufsc.br\/#website","url":"https:\/\/jornalofatual.ufsc.br\/","name":"O Fatual","description":"Jornalismo UFSC","potentialAction":[{"@type":"SearchAction","target":{"@type":"EntryPoint","urlTemplate":"https:\/\/jornalofatual.ufsc.br\/?s={search_term_string}"},"query-input":"required name=search_term_string"}],"inLanguage":"pt-BR"},{"@type":"Person","@id":"https:\/\/jornalofatual.ufsc.br\/#\/schema\/person\/7c4da290bbeac2ab587bf3bd9b2796c5","name":"O Fatual UFSC","image":{"@type":"ImageObject","inLanguage":"pt-BR","@id":"https:\/\/jornalofatual.ufsc.br\/#\/schema\/person\/image\/","url":"https:\/\/secure.gravatar.com\/avatar\/77a2965911ca4aaeddc636b7e775b7bb05b7e4b5d5ad85a27d016b6a781b2b04?s=96&d=mm&r=g","contentUrl":"https:\/\/secure.gravatar.com\/avatar\/77a2965911ca4aaeddc636b7e775b7bb05b7e4b5d5ad85a27d016b6a781b2b04?s=96&d=mm&r=g","caption":"O Fatual UFSC"},"sameAs":["https:\/\/jornalofatual.ufsc.br","https:\/\/www.instagram.com\/jornalofatual\/"],"url":"https:\/\/jornalofatual.ufsc.br\/index.php\/author\/jornalofactualgmail-com\/"}]}},"_links":{"self":[{"href":"https:\/\/jornalofatual.ufsc.br\/index.php\/wp-json\/wp\/v2\/posts\/2354","targetHints":{"allow":["GET"]}}],"collection":[{"href":"https:\/\/jornalofatual.ufsc.br\/index.php\/wp-json\/wp\/v2\/posts"}],"about":[{"href":"https:\/\/jornalofatual.ufsc.br\/index.php\/wp-json\/wp\/v2\/types\/post"}],"author":[{"embeddable":true,"href":"https:\/\/jornalofatual.ufsc.br\/index.php\/wp-json\/wp\/v2\/users\/1"}],"replies":[{"embeddable":true,"href":"https:\/\/jornalofatual.ufsc.br\/index.php\/wp-json\/wp\/v2\/comments?post=2354"}],"version-history":[{"count":3,"href":"https:\/\/jornalofatual.ufsc.br\/index.php\/wp-json\/wp\/v2\/posts\/2354\/revisions"}],"predecessor-version":[{"id":2363,"href":"https:\/\/jornalofatual.ufsc.br\/index.php\/wp-json\/wp\/v2\/posts\/2354\/revisions\/2363"}],"wp:featuredmedia":[{"embeddable":true,"href":"https:\/\/jornalofatual.ufsc.br\/index.php\/wp-json\/wp\/v2\/media\/2358"}],"wp:attachment":[{"href":"https:\/\/jornalofatual.ufsc.br\/index.php\/wp-json\/wp\/v2\/media?parent=2354"}],"wp:term":[{"taxonomy":"category","embeddable":true,"href":"https:\/\/jornalofatual.ufsc.br\/index.php\/wp-json\/wp\/v2\/categories?post=2354"},{"taxonomy":"post_tag","embeddable":true,"href":"https:\/\/jornalofatual.ufsc.br\/index.php\/wp-json\/wp\/v2\/tags?post=2354"}],"curies":[{"name":"wp","href":"https:\/\/api.w.org\/{rel}","templated":true}]}}