{"id":2291,"date":"2025-06-13T18:29:38","date_gmt":"2025-06-13T21:29:38","guid":{"rendered":"https:\/\/jornalofatual.ufsc.br\/?p=2291"},"modified":"2025-07-02T21:28:04","modified_gmt":"2025-07-03T00:28:04","slug":"producao-de-rendas-de-bilro-tera-selo-de-qualificacao-em-florianopolis","status":"publish","type":"post","link":"https:\/\/jornalofatual.ufsc.br\/index.php\/2025\/06\/13\/producao-de-rendas-de-bilro-tera-selo-de-qualificacao-em-florianopolis\/","title":{"rendered":"Produ\u00e7\u00e3o de rendas de bilro ter\u00e1 selo de qualifica\u00e7\u00e3o em Florian\u00f3polis"},"content":{"rendered":"\n<h4 class=\"wp-block-heading\"><em>Lei pretende <em>valorizar<\/em> economia local, artesanato e tradi\u00e7\u00e3o cultural<\/em><\/h4>\n\n\n\n<div style=\"height:32px\" aria-hidden=\"true\" class=\"wp-block-spacer\"><\/div>\n\n\n\n<p><strong>LUIZ CUCCO<\/strong><\/p>\n\n\n\n<p>A lei que institui o Selo de Qualifica\u00e7\u00e3o e Certifica\u00e7\u00e3o da Renda de Bilro produzida em Florian\u00f3polis foi assinada pelo prefeito Top\u00e1zio Neto (PSD) durante a comemora\u00e7\u00e3o do Dia do Manezinho. Aprovada pela C\u00e2mara de Vereadores, a Lei n\u00ba 11.397\/2025, de autoria do vereador Renato da Farm\u00e1cia (PSDB), estabelece que as pe\u00e7as de renda produzidas no munic\u00edpio recebam uma etiqueta que identifique a origem artesanal.<\/p>\n\n\n\n<p>Durante a cerim\u00f4nia, o vereador disse que a iniciativa partiu de reclama\u00e7\u00f5es de que rendas produzidas em Florian\u00f3polis estavam sendo comercializadas no exterior como se fossem fabricadas em outro lugar. \u201c\u00c9 um desprest\u00edgio para quem faz da renda uma verdadeira arte, uma sequ\u00eancia da cultura passada desde o s\u00e9culo XVIII\u201d, afirma.<\/p>\n\n\n\n<p>Para a rendeira Marion Batista de Martino, a nova lei traz \u201cdignidade ao trabalho de mulheres que sempre foi dom\u00e9stico\u201d. Ela aprendeu a fazer renda de bilro com a sogra, que brincava que ela s\u00f3 seria uma boa nora se soubesse confeccionar a pe\u00e7a. Ap\u00f3s aceitar o desafio, ela descobriu uma paix\u00e3o.<\/p>\n\n\n\n<p>Hoje, Marion faz parte do coletivo de rendeiras do bairro Campeche. Ela fundou o grupo ao perceber que \u201ca tradi\u00e7\u00e3o passada de m\u00e3e para filha vinha se perdendo, e as rendeiras precisavam de um ambiente para troca de experi\u00eancias e fortalecimento do conv\u00edvio comunit\u00e1rio\u201d. Atualmente, o grupo tem 22 integrantes.<\/p>\n\n\n\n<p>A renda de bilro \u00e9 feita manualmente com o uso de pequenos bast\u00f5es de madeira (os bilros), que s\u00e3o tran\u00e7ados com linhas fixadas por alfinetes sobre um molde de papel\u00e3o (com o desenho), colocado sobre almofadas feitas de palha ou espuma.<\/p>\n\n\n\n<p>O Dia do Manezinho acontece desde 2005 no Largo da Alf\u00e2ndega, sempre no primeiro s\u00e1bado de junho. Organizado pela Secretaria de Cultura, Esporte e Lazer (SMCEL) e pela Funda\u00e7\u00e3o Cultural de Florian\u00f3polis Franklin Cascaes (FCFFC), o evento promove atra\u00e7\u00f5es da cultura a\u00e7oriana.<\/p>\n\n\n\n<p>A programa\u00e7\u00e3o incluiu apresenta\u00e7\u00f5es como o tradicional Boi de Mam\u00e3o e a dan\u00e7a do balaio, da peneira e do pau de fita apresentada pelo Grupo Folcl\u00f3rico Olaria de Sambaqui. Paula Costa, natural de Florian\u00f3polis, participou de outras edi\u00e7\u00f5es e diz que \u201ccada vez que assiste \u00e0s dan\u00e7as recorda as brincadeiras de inf\u00e2ncia&#8221;. O evento teve barracas de gastronomia tradicional, concurso de tarrafa e exposi\u00e7\u00f5es da cultura local.<\/p>\n\n\n\n<figure class=\"wp-block-image size-large\"><img fetchpriority=\"high\" decoding=\"async\" width=\"900\" height=\"1200\" src=\"https:\/\/jornalofatual.ufsc.br\/wp-content\/uploads\/2025\/07\/image2-2-900x1200.jpg\" alt=\"\" class=\"wp-image-2293\" srcset=\"https:\/\/jornalofatual.ufsc.br\/wp-content\/uploads\/2025\/07\/image2-2-900x1200.jpg 900w, https:\/\/jornalofatual.ufsc.br\/wp-content\/uploads\/2025\/07\/image2-2-225x300.jpg 225w, https:\/\/jornalofatual.ufsc.br\/wp-content\/uploads\/2025\/07\/image2-2-768x1024.jpg 768w, https:\/\/jornalofatual.ufsc.br\/wp-content\/uploads\/2025\/07\/image2-2-1152x1536.jpg 1152w, https:\/\/jornalofatual.ufsc.br\/wp-content\/uploads\/2025\/07\/image2-2.jpg 1200w\" sizes=\"(max-width: 900px) 100vw, 900px\" \/><figcaption class=\"wp-element-caption\">A rendeira utiliza 30 bilros na produ\u00e7\u00e3o do arco de concha, mas o n\u00famero varia conforme a complexidade do desenho. <em>Foto: Luiz Cucco<\/em><\/figcaption><\/figure>\n","protected":false},"excerpt":{"rendered":"<p>Lei pretende valorizar economia local, artesanato e tradi\u00e7\u00e3o cultural LUIZ CUCCO A lei que institui o Selo de Qualifica\u00e7\u00e3o e Certifica\u00e7\u00e3o da Renda de Bilro produzida em Florian\u00f3polis foi assinada pelo prefeito Top\u00e1zio Neto (PSD) durante a comemora\u00e7\u00e3o do Dia do Manezinho. Aprovada pela C\u00e2mara de Vereadores, a Lei n\u00ba 11.397\/2025, de autoria do vereador [&hellip;]<\/p>\n","protected":false},"author":1,"featured_media":2293,"comment_status":"open","ping_status":"open","sticky":false,"template":"","format":"standard","meta":{"footnotes":""},"categories":[19],"tags":[],"class_list":["post-2291","post","type-post","status-publish","format-standard","has-post-thumbnail","hentry","category-noticias"],"yoast_head":"<!-- This site is optimized with the Yoast SEO plugin v22.9 - https:\/\/yoast.com\/wordpress\/plugins\/seo\/ -->\n<title>Produ\u00e7\u00e3o de rendas de bilro ter\u00e1 selo de qualifica\u00e7\u00e3o em Florian\u00f3polis - O Fatual<\/title>\n<meta name=\"robots\" content=\"index, follow, max-snippet:-1, max-image-preview:large, max-video-preview:-1\" \/>\n<link rel=\"canonical\" href=\"https:\/\/jornalofatual.ufsc.br\/index.php\/2025\/06\/13\/producao-de-rendas-de-bilro-tera-selo-de-qualificacao-em-florianopolis\/\" \/>\n<meta property=\"og:locale\" content=\"pt_BR\" \/>\n<meta property=\"og:type\" content=\"article\" \/>\n<meta property=\"og:title\" content=\"Produ\u00e7\u00e3o de rendas de bilro ter\u00e1 selo de qualifica\u00e7\u00e3o em Florian\u00f3polis - O Fatual\" \/>\n<meta property=\"og:description\" content=\"Lei pretende valorizar economia local, artesanato e tradi\u00e7\u00e3o cultural LUIZ CUCCO A lei que institui o Selo de Qualifica\u00e7\u00e3o e Certifica\u00e7\u00e3o da Renda de Bilro produzida em Florian\u00f3polis foi assinada pelo prefeito Top\u00e1zio Neto (PSD) durante a comemora\u00e7\u00e3o do Dia do Manezinho. Aprovada pela C\u00e2mara de Vereadores, a Lei n\u00ba 11.397\/2025, de autoria do vereador [&hellip;]\" \/>\n<meta property=\"og:url\" content=\"https:\/\/jornalofatual.ufsc.br\/index.php\/2025\/06\/13\/producao-de-rendas-de-bilro-tera-selo-de-qualificacao-em-florianopolis\/\" \/>\n<meta property=\"og:site_name\" content=\"O Fatual\" \/>\n<meta property=\"article:published_time\" content=\"2025-06-13T21:29:38+00:00\" \/>\n<meta property=\"article:modified_time\" content=\"2025-07-03T00:28:04+00:00\" \/>\n<meta property=\"og:image\" content=\"http:\/\/jornalofatual.ufsc.br\/wp-content\/uploads\/2025\/07\/image2-2.jpg\" \/>\n\t<meta property=\"og:image:width\" content=\"1200\" \/>\n\t<meta property=\"og:image:height\" content=\"1600\" \/>\n\t<meta property=\"og:image:type\" content=\"image\/jpeg\" \/>\n<meta name=\"author\" content=\"O Fatual UFSC\" \/>\n<meta name=\"twitter:card\" content=\"summary_large_image\" \/>\n<meta name=\"twitter:label1\" content=\"Escrito por\" \/>\n\t<meta name=\"twitter:data1\" content=\"O Fatual UFSC\" \/>\n\t<meta name=\"twitter:label2\" content=\"Est. tempo de leitura\" \/>\n\t<meta name=\"twitter:data2\" content=\"3 minutos\" \/>\n<script type=\"application\/ld+json\" class=\"yoast-schema-graph\">{\"@context\":\"https:\/\/schema.org\",\"@graph\":[{\"@type\":\"WebPage\",\"@id\":\"https:\/\/jornalofatual.ufsc.br\/index.php\/2025\/06\/13\/producao-de-rendas-de-bilro-tera-selo-de-qualificacao-em-florianopolis\/\",\"url\":\"https:\/\/jornalofatual.ufsc.br\/index.php\/2025\/06\/13\/producao-de-rendas-de-bilro-tera-selo-de-qualificacao-em-florianopolis\/\",\"name\":\"Produ\u00e7\u00e3o de rendas de bilro ter\u00e1 selo de qualifica\u00e7\u00e3o em Florian\u00f3polis - O Fatual\",\"isPartOf\":{\"@id\":\"https:\/\/jornalofatual.ufsc.br\/#website\"},\"primaryImageOfPage\":{\"@id\":\"https:\/\/jornalofatual.ufsc.br\/index.php\/2025\/06\/13\/producao-de-rendas-de-bilro-tera-selo-de-qualificacao-em-florianopolis\/#primaryimage\"},\"image\":{\"@id\":\"https:\/\/jornalofatual.ufsc.br\/index.php\/2025\/06\/13\/producao-de-rendas-de-bilro-tera-selo-de-qualificacao-em-florianopolis\/#primaryimage\"},\"thumbnailUrl\":\"https:\/\/jornalofatual.ufsc.br\/wp-content\/uploads\/2025\/07\/image2-2.jpg\",\"datePublished\":\"2025-06-13T21:29:38+00:00\",\"dateModified\":\"2025-07-03T00:28:04+00:00\",\"author\":{\"@id\":\"https:\/\/jornalofatual.ufsc.br\/#\/schema\/person\/7c4da290bbeac2ab587bf3bd9b2796c5\"},\"breadcrumb\":{\"@id\":\"https:\/\/jornalofatual.ufsc.br\/index.php\/2025\/06\/13\/producao-de-rendas-de-bilro-tera-selo-de-qualificacao-em-florianopolis\/#breadcrumb\"},\"inLanguage\":\"pt-BR\",\"potentialAction\":[{\"@type\":\"ReadAction\",\"target\":[\"https:\/\/jornalofatual.ufsc.br\/index.php\/2025\/06\/13\/producao-de-rendas-de-bilro-tera-selo-de-qualificacao-em-florianopolis\/\"]}]},{\"@type\":\"ImageObject\",\"inLanguage\":\"pt-BR\",\"@id\":\"https:\/\/jornalofatual.ufsc.br\/index.php\/2025\/06\/13\/producao-de-rendas-de-bilro-tera-selo-de-qualificacao-em-florianopolis\/#primaryimage\",\"url\":\"https:\/\/jornalofatual.ufsc.br\/wp-content\/uploads\/2025\/07\/image2-2.jpg\",\"contentUrl\":\"https:\/\/jornalofatual.ufsc.br\/wp-content\/uploads\/2025\/07\/image2-2.jpg\",\"width\":1200,\"height\":1600},{\"@type\":\"BreadcrumbList\",\"@id\":\"https:\/\/jornalofatual.ufsc.br\/index.php\/2025\/06\/13\/producao-de-rendas-de-bilro-tera-selo-de-qualificacao-em-florianopolis\/#breadcrumb\",\"itemListElement\":[{\"@type\":\"ListItem\",\"position\":1,\"name\":\"In\u00edcio\",\"item\":\"https:\/\/jornalofatual.ufsc.br\/\"},{\"@type\":\"ListItem\",\"position\":2,\"name\":\"Produ\u00e7\u00e3o de rendas de bilro ter\u00e1 selo de qualifica\u00e7\u00e3o em Florian\u00f3polis\"}]},{\"@type\":\"WebSite\",\"@id\":\"https:\/\/jornalofatual.ufsc.br\/#website\",\"url\":\"https:\/\/jornalofatual.ufsc.br\/\",\"name\":\"O Fatual\",\"description\":\"Jornalismo UFSC\",\"potentialAction\":[{\"@type\":\"SearchAction\",\"target\":{\"@type\":\"EntryPoint\",\"urlTemplate\":\"https:\/\/jornalofatual.ufsc.br\/?s={search_term_string}\"},\"query-input\":\"required name=search_term_string\"}],\"inLanguage\":\"pt-BR\"},{\"@type\":\"Person\",\"@id\":\"https:\/\/jornalofatual.ufsc.br\/#\/schema\/person\/7c4da290bbeac2ab587bf3bd9b2796c5\",\"name\":\"O Fatual UFSC\",\"image\":{\"@type\":\"ImageObject\",\"inLanguage\":\"pt-BR\",\"@id\":\"https:\/\/jornalofatual.ufsc.br\/#\/schema\/person\/image\/\",\"url\":\"https:\/\/secure.gravatar.com\/avatar\/77a2965911ca4aaeddc636b7e775b7bb05b7e4b5d5ad85a27d016b6a781b2b04?s=96&d=mm&r=g\",\"contentUrl\":\"https:\/\/secure.gravatar.com\/avatar\/77a2965911ca4aaeddc636b7e775b7bb05b7e4b5d5ad85a27d016b6a781b2b04?s=96&d=mm&r=g\",\"caption\":\"O Fatual UFSC\"},\"sameAs\":[\"https:\/\/jornalofatual.ufsc.br\",\"https:\/\/www.instagram.com\/jornalofatual\/\"],\"url\":\"https:\/\/jornalofatual.ufsc.br\/index.php\/author\/jornalofactualgmail-com\/\"}]}<\/script>\n<!-- \/ Yoast SEO plugin. -->","yoast_head_json":{"title":"Produ\u00e7\u00e3o de rendas de bilro ter\u00e1 selo de qualifica\u00e7\u00e3o em Florian\u00f3polis - O Fatual","robots":{"index":"index","follow":"follow","max-snippet":"max-snippet:-1","max-image-preview":"max-image-preview:large","max-video-preview":"max-video-preview:-1"},"canonical":"https:\/\/jornalofatual.ufsc.br\/index.php\/2025\/06\/13\/producao-de-rendas-de-bilro-tera-selo-de-qualificacao-em-florianopolis\/","og_locale":"pt_BR","og_type":"article","og_title":"Produ\u00e7\u00e3o de rendas de bilro ter\u00e1 selo de qualifica\u00e7\u00e3o em Florian\u00f3polis - O Fatual","og_description":"Lei pretende valorizar economia local, artesanato e tradi\u00e7\u00e3o cultural LUIZ CUCCO A lei que institui o Selo de Qualifica\u00e7\u00e3o e Certifica\u00e7\u00e3o da Renda de Bilro produzida em Florian\u00f3polis foi assinada pelo prefeito Top\u00e1zio Neto (PSD) durante a comemora\u00e7\u00e3o do Dia do Manezinho. Aprovada pela C\u00e2mara de Vereadores, a Lei n\u00ba 11.397\/2025, de autoria do vereador [&hellip;]","og_url":"https:\/\/jornalofatual.ufsc.br\/index.php\/2025\/06\/13\/producao-de-rendas-de-bilro-tera-selo-de-qualificacao-em-florianopolis\/","og_site_name":"O Fatual","article_published_time":"2025-06-13T21:29:38+00:00","article_modified_time":"2025-07-03T00:28:04+00:00","og_image":[{"width":1200,"height":1600,"url":"http:\/\/jornalofatual.ufsc.br\/wp-content\/uploads\/2025\/07\/image2-2.jpg","type":"image\/jpeg"}],"author":"O Fatual UFSC","twitter_card":"summary_large_image","twitter_misc":{"Escrito por":"O Fatual UFSC","Est. tempo de leitura":"3 minutos"},"schema":{"@context":"https:\/\/schema.org","@graph":[{"@type":"WebPage","@id":"https:\/\/jornalofatual.ufsc.br\/index.php\/2025\/06\/13\/producao-de-rendas-de-bilro-tera-selo-de-qualificacao-em-florianopolis\/","url":"https:\/\/jornalofatual.ufsc.br\/index.php\/2025\/06\/13\/producao-de-rendas-de-bilro-tera-selo-de-qualificacao-em-florianopolis\/","name":"Produ\u00e7\u00e3o de rendas de bilro ter\u00e1 selo de qualifica\u00e7\u00e3o em Florian\u00f3polis - O Fatual","isPartOf":{"@id":"https:\/\/jornalofatual.ufsc.br\/#website"},"primaryImageOfPage":{"@id":"https:\/\/jornalofatual.ufsc.br\/index.php\/2025\/06\/13\/producao-de-rendas-de-bilro-tera-selo-de-qualificacao-em-florianopolis\/#primaryimage"},"image":{"@id":"https:\/\/jornalofatual.ufsc.br\/index.php\/2025\/06\/13\/producao-de-rendas-de-bilro-tera-selo-de-qualificacao-em-florianopolis\/#primaryimage"},"thumbnailUrl":"https:\/\/jornalofatual.ufsc.br\/wp-content\/uploads\/2025\/07\/image2-2.jpg","datePublished":"2025-06-13T21:29:38+00:00","dateModified":"2025-07-03T00:28:04+00:00","author":{"@id":"https:\/\/jornalofatual.ufsc.br\/#\/schema\/person\/7c4da290bbeac2ab587bf3bd9b2796c5"},"breadcrumb":{"@id":"https:\/\/jornalofatual.ufsc.br\/index.php\/2025\/06\/13\/producao-de-rendas-de-bilro-tera-selo-de-qualificacao-em-florianopolis\/#breadcrumb"},"inLanguage":"pt-BR","potentialAction":[{"@type":"ReadAction","target":["https:\/\/jornalofatual.ufsc.br\/index.php\/2025\/06\/13\/producao-de-rendas-de-bilro-tera-selo-de-qualificacao-em-florianopolis\/"]}]},{"@type":"ImageObject","inLanguage":"pt-BR","@id":"https:\/\/jornalofatual.ufsc.br\/index.php\/2025\/06\/13\/producao-de-rendas-de-bilro-tera-selo-de-qualificacao-em-florianopolis\/#primaryimage","url":"https:\/\/jornalofatual.ufsc.br\/wp-content\/uploads\/2025\/07\/image2-2.jpg","contentUrl":"https:\/\/jornalofatual.ufsc.br\/wp-content\/uploads\/2025\/07\/image2-2.jpg","width":1200,"height":1600},{"@type":"BreadcrumbList","@id":"https:\/\/jornalofatual.ufsc.br\/index.php\/2025\/06\/13\/producao-de-rendas-de-bilro-tera-selo-de-qualificacao-em-florianopolis\/#breadcrumb","itemListElement":[{"@type":"ListItem","position":1,"name":"In\u00edcio","item":"https:\/\/jornalofatual.ufsc.br\/"},{"@type":"ListItem","position":2,"name":"Produ\u00e7\u00e3o de rendas de bilro ter\u00e1 selo de qualifica\u00e7\u00e3o em Florian\u00f3polis"}]},{"@type":"WebSite","@id":"https:\/\/jornalofatual.ufsc.br\/#website","url":"https:\/\/jornalofatual.ufsc.br\/","name":"O Fatual","description":"Jornalismo UFSC","potentialAction":[{"@type":"SearchAction","target":{"@type":"EntryPoint","urlTemplate":"https:\/\/jornalofatual.ufsc.br\/?s={search_term_string}"},"query-input":"required name=search_term_string"}],"inLanguage":"pt-BR"},{"@type":"Person","@id":"https:\/\/jornalofatual.ufsc.br\/#\/schema\/person\/7c4da290bbeac2ab587bf3bd9b2796c5","name":"O Fatual UFSC","image":{"@type":"ImageObject","inLanguage":"pt-BR","@id":"https:\/\/jornalofatual.ufsc.br\/#\/schema\/person\/image\/","url":"https:\/\/secure.gravatar.com\/avatar\/77a2965911ca4aaeddc636b7e775b7bb05b7e4b5d5ad85a27d016b6a781b2b04?s=96&d=mm&r=g","contentUrl":"https:\/\/secure.gravatar.com\/avatar\/77a2965911ca4aaeddc636b7e775b7bb05b7e4b5d5ad85a27d016b6a781b2b04?s=96&d=mm&r=g","caption":"O Fatual UFSC"},"sameAs":["https:\/\/jornalofatual.ufsc.br","https:\/\/www.instagram.com\/jornalofatual\/"],"url":"https:\/\/jornalofatual.ufsc.br\/index.php\/author\/jornalofactualgmail-com\/"}]}},"_links":{"self":[{"href":"https:\/\/jornalofatual.ufsc.br\/index.php\/wp-json\/wp\/v2\/posts\/2291","targetHints":{"allow":["GET"]}}],"collection":[{"href":"https:\/\/jornalofatual.ufsc.br\/index.php\/wp-json\/wp\/v2\/posts"}],"about":[{"href":"https:\/\/jornalofatual.ufsc.br\/index.php\/wp-json\/wp\/v2\/types\/post"}],"author":[{"embeddable":true,"href":"https:\/\/jornalofatual.ufsc.br\/index.php\/wp-json\/wp\/v2\/users\/1"}],"replies":[{"embeddable":true,"href":"https:\/\/jornalofatual.ufsc.br\/index.php\/wp-json\/wp\/v2\/comments?post=2291"}],"version-history":[{"count":1,"href":"https:\/\/jornalofatual.ufsc.br\/index.php\/wp-json\/wp\/v2\/posts\/2291\/revisions"}],"predecessor-version":[{"id":2294,"href":"https:\/\/jornalofatual.ufsc.br\/index.php\/wp-json\/wp\/v2\/posts\/2291\/revisions\/2294"}],"wp:featuredmedia":[{"embeddable":true,"href":"https:\/\/jornalofatual.ufsc.br\/index.php\/wp-json\/wp\/v2\/media\/2293"}],"wp:attachment":[{"href":"https:\/\/jornalofatual.ufsc.br\/index.php\/wp-json\/wp\/v2\/media?parent=2291"}],"wp:term":[{"taxonomy":"category","embeddable":true,"href":"https:\/\/jornalofatual.ufsc.br\/index.php\/wp-json\/wp\/v2\/categories?post=2291"},{"taxonomy":"post_tag","embeddable":true,"href":"https:\/\/jornalofatual.ufsc.br\/index.php\/wp-json\/wp\/v2\/tags?post=2291"}],"curies":[{"name":"wp","href":"https:\/\/api.w.org\/{rel}","templated":true}]}}