{"id":2259,"date":"2025-06-16T11:23:24","date_gmt":"2025-06-16T14:23:24","guid":{"rendered":"https:\/\/jornalofatual.ufsc.br\/?p=2259"},"modified":"2025-06-24T18:36:06","modified_gmt":"2025-06-24T21:36:06","slug":"ato-contra-predio-de-7-andares-na-praia-da-armacao-paralisa-sc-406","status":"publish","type":"post","link":"https:\/\/jornalofatual.ufsc.br\/index.php\/2025\/06\/16\/ato-contra-predio-de-7-andares-na-praia-da-armacao-paralisa-sc-406\/","title":{"rendered":"Ato contra pr\u00e9dio de 7 andares na praia da Arma\u00e7\u00e3o paralisa SC-406\u00a0"},"content":{"rendered":"\n<h4 class=\"wp-block-heading\">Manifesta\u00e7\u00e3o de cerca de 400 moradores ocupou rodovia Francisco Thomaz dos Santos<\/h4>\n\n\n\n<div style=\"height:32px\" aria-hidden=\"true\" class=\"wp-block-spacer\"><\/div>\n\n\n\n<p><strong>OL\u00cdVIA GELEILETE<\/strong><\/p>\n\n\n\n<p>O F\u00f3rum Popular do Distrito do P\u00e2ntano do Sul realizou no s\u00e1bado (7) um ato contra o projeto da construtora Atalantaya, de construir um pr\u00e9dio de sete pavimentos na praia da Arma\u00e7\u00e3o, no sul de Florian\u00f3polis. \u201cA praia n\u00e3o tem estrutura para receber essa constru\u00e7\u00e3o&#8221;, afirma a integrante do f\u00f3rum popular Zoraia Vargas.<\/p>\n\n\n\n<p>A comercializa\u00e7\u00e3o do empreendimento come\u00e7ou a ser divulgada nas redes sociais e em sites de compra e venda h\u00e1 cerca de dois meses, quando o f\u00f3rum tomou conhecimento do projeto. Zoraia conta que a divulga\u00e7\u00e3o aconteceu antes da empresa retirar o alvar\u00e1. De acordo com o diretor comercial da Atalantaya, Carlos Caiado, a constru\u00e7\u00e3o do im\u00f3vel n\u00e3o iniciar\u00e1 sem o documento.<\/p>\n\n\n\n<figure class=\"wp-block-image size-large\"><img fetchpriority=\"high\" decoding=\"async\" width=\"1200\" height=\"800\" src=\"https:\/\/jornalofatual.ufsc.br\/wp-content\/uploads\/2025\/06\/image4-2-1200x800.jpg\" alt=\"\" class=\"wp-image-2266\" srcset=\"https:\/\/jornalofatual.ufsc.br\/wp-content\/uploads\/2025\/06\/image4-2-1200x800.jpg 1200w, https:\/\/jornalofatual.ufsc.br\/wp-content\/uploads\/2025\/06\/image4-2-300x200.jpg 300w, https:\/\/jornalofatual.ufsc.br\/wp-content\/uploads\/2025\/06\/image4-2-768x512.jpg 768w, https:\/\/jornalofatual.ufsc.br\/wp-content\/uploads\/2025\/06\/image4-2-1536x1024.jpg 1536w, https:\/\/jornalofatual.ufsc.br\/wp-content\/uploads\/2025\/06\/image4-2.jpg 1999w\" sizes=\"(max-width: 1200px) 100vw, 1200px\" \/><figcaption class=\"wp-element-caption\">Manifestantes lotam Rua Jo\u00e3o Manoel dos Santos. <em>Foto: Ol\u00edvia Geleilete<\/em><\/figcaption><\/figure>\n\n\n\n<p>Antes de organizarem o ato, o f\u00f3rum realizou diversas reuni\u00f5es abertas \u00e0 comunidade, com o intuito de expor a situa\u00e7\u00e3o, e criou um abaixo-assinado contra a constru\u00e7\u00e3o do pr\u00e9dio, que possui mais de 6,9 mil assinaturas.<\/p>\n\n\n\n<p>O esgoto gerados pelo edif\u00edcio, ap\u00f3s passar por tratamento terci\u00e1rio,\u00a0ser\u00e1 lan\u00e7ado no Rio Sangradouro; rio que j\u00e1 possui sua vaz\u00e3o comprometida devido \u00e0 retirada de \u00e1gua da Lagoa do Peri, para abastecimento urbano.<\/p>\n\n\n\n<p>A Prefeitura Municipal de Florian\u00f3polis, atrav\u00e9s da Vigil\u00e2ncia Sanit\u00e1ria, permite o lan\u00e7amento de efluentes de esgoto, com tratamento terci\u00e1rio, na drenagem pluvial, contanto que os padr\u00f5es pr\u00e9 definidos pela prefeitura sejam seguidos. Carlos Caiado, afirmou que o empreendimento possuir\u00e1 esta\u00e7\u00e3o de tratamento pr\u00f3prio, e que seguir\u00e1 todas as normas legais. \u201cO esgoto n\u00e3o ser\u00e1 jogado diretamente no rio. Gra\u00e7as ao tratamento terci\u00e1rio, a \u00e1gua vai sair transparente\u201d.<\/p>\n\n\n\n<p>\u201cO saneamento b\u00e1sico do bairro j\u00e1 possui problemas, o lan\u00e7amento de mais efluentes nos rios da regi\u00e3o s\u00f3 vai piorar a situa\u00e7\u00e3o\u201d, alertou a moradora da regi\u00e3o e integrante do f\u00f3rum popular Izis Pereira. De acordo com Izis, o Rio Sangradouro n\u00e3o tem capacidade para diluir os efluentes de esgoto que o novo pr\u00e9dio gerar\u00e1.<\/p>\n\n\n\n<figure class=\"wp-block-image size-large\"><img decoding=\"async\" width=\"1200\" height=\"800\" src=\"https:\/\/jornalofatual.ufsc.br\/wp-content\/uploads\/2025\/06\/image3-6-1200x800.jpg\" alt=\"\" class=\"wp-image-2261\" srcset=\"https:\/\/jornalofatual.ufsc.br\/wp-content\/uploads\/2025\/06\/image3-6-1200x800.jpg 1200w, https:\/\/jornalofatual.ufsc.br\/wp-content\/uploads\/2025\/06\/image3-6-300x200.jpg 300w, https:\/\/jornalofatual.ufsc.br\/wp-content\/uploads\/2025\/06\/image3-6-768x512.jpg 768w, https:\/\/jornalofatual.ufsc.br\/wp-content\/uploads\/2025\/06\/image3-6-1536x1024.jpg 1536w, https:\/\/jornalofatual.ufsc.br\/wp-content\/uploads\/2025\/06\/image3-6.jpg 1999w\" sizes=\"(max-width: 1200px) 100vw, 1200px\" \/><figcaption class=\"wp-element-caption\">O ato contou com a participa\u00e7\u00e3o da Bateria Africatarina, que tocou ao longo de todo o percurso. <em>Foto: Ol\u00edvia Geleilete<\/em><\/figcaption><\/figure>\n\n\n\n<p>O plano diretor vigente define que edif\u00edcios com at\u00e9 cinco pavimentos podem ser constru\u00eddos no zoneamento escolhido para o projeto, gra\u00e7as \u00e0s \u00c1reas de Desenvolvimento Incentivado (ADI), explicou o arquiteto analista de projetos da Prefeitura Municipal, Vitor Viegas Rech. Contudo, o plano diretor n\u00e3o considera pilotis e mezaninos pavimentos, que segundo Carlos, existir\u00e3o no pr\u00e9dio, confirmando a constru\u00e7\u00e3o de sete andares na regi\u00e3o.<\/p>\n\n\n\n<p>Com in\u00edcio \u00e0s 15h, o ato partiu da Rua Hermes Guedes da Fonseca, n\u00b0 555, endere\u00e7o escolhido pela construtora Atalantaya para o empreendimento, e de l\u00e1 os manifestantes caminharam at\u00e9 o centrinho da Arma\u00e7\u00e3o, em frente \u00e0 Igreja Santana e S\u00e3o Joaquim. No percurso, passaram pela Rodovia Francisco Thomaz dos Santos, a SC-406, que foi bloqueada com apoio de duas viaturas da pol\u00edcia militar.\u00a0<\/p>\n\n\n\n<figure class=\"wp-block-image size-large\"><img decoding=\"async\" width=\"1200\" height=\"800\" src=\"https:\/\/jornalofatual.ufsc.br\/wp-content\/uploads\/2025\/06\/image2-10-1200x800.jpg\" alt=\"\" class=\"wp-image-2265\" srcset=\"https:\/\/jornalofatual.ufsc.br\/wp-content\/uploads\/2025\/06\/image2-10-1200x800.jpg 1200w, https:\/\/jornalofatual.ufsc.br\/wp-content\/uploads\/2025\/06\/image2-10-300x200.jpg 300w, https:\/\/jornalofatual.ufsc.br\/wp-content\/uploads\/2025\/06\/image2-10-768x512.jpg 768w, https:\/\/jornalofatual.ufsc.br\/wp-content\/uploads\/2025\/06\/image2-10-1536x1024.jpg 1536w, https:\/\/jornalofatual.ufsc.br\/wp-content\/uploads\/2025\/06\/image2-10.jpg 1999w\" sizes=\"(max-width: 1200px) 100vw, 1200px\" \/><figcaption class=\"wp-element-caption\">Moradores da Ilha e integrantes do F\u00f3rum Popular do Distrito P\u00e2ntano do Sul se reunem para iniciar o ato. <em>Foto: Ol\u00edvia Geleilete<\/em><\/figcaption><\/figure>\n","protected":false},"excerpt":{"rendered":"<p>Manifesta\u00e7\u00e3o de cerca de 400 moradores ocupou rodovia Francisco Thomaz dos Santos OL\u00cdVIA GELEILETE O F\u00f3rum Popular do Distrito do P\u00e2ntano do Sul realizou no s\u00e1bado (7) um ato contra o projeto da construtora Atalantaya, de construir um pr\u00e9dio de sete pavimentos na praia da Arma\u00e7\u00e3o, no sul de Florian\u00f3polis. \u201cA praia n\u00e3o tem estrutura [&hellip;]<\/p>\n","protected":false},"author":1,"featured_media":2262,"comment_status":"open","ping_status":"open","sticky":false,"template":"","format":"standard","meta":{"footnotes":""},"categories":[19],"tags":[],"class_list":["post-2259","post","type-post","status-publish","format-standard","has-post-thumbnail","hentry","category-noticias"],"yoast_head":"<!-- This site is optimized with the Yoast SEO plugin v22.9 - https:\/\/yoast.com\/wordpress\/plugins\/seo\/ -->\n<title>Ato contra pr\u00e9dio de 7 andares na praia da Arma\u00e7\u00e3o paralisa SC-406\u00a0 - O Fatual<\/title>\n<meta name=\"robots\" content=\"index, follow, max-snippet:-1, max-image-preview:large, max-video-preview:-1\" \/>\n<link rel=\"canonical\" href=\"https:\/\/jornalofatual.ufsc.br\/index.php\/2025\/06\/16\/ato-contra-predio-de-7-andares-na-praia-da-armacao-paralisa-sc-406\/\" \/>\n<meta property=\"og:locale\" content=\"pt_BR\" \/>\n<meta property=\"og:type\" content=\"article\" \/>\n<meta property=\"og:title\" content=\"Ato contra pr\u00e9dio de 7 andares na praia da Arma\u00e7\u00e3o paralisa SC-406\u00a0 - O Fatual\" \/>\n<meta property=\"og:description\" content=\"Manifesta\u00e7\u00e3o de cerca de 400 moradores ocupou rodovia Francisco Thomaz dos Santos OL\u00cdVIA GELEILETE O F\u00f3rum Popular do Distrito do P\u00e2ntano do Sul realizou no s\u00e1bado (7) um ato contra o projeto da construtora Atalantaya, de construir um pr\u00e9dio de sete pavimentos na praia da Arma\u00e7\u00e3o, no sul de Florian\u00f3polis. \u201cA praia n\u00e3o tem estrutura [&hellip;]\" \/>\n<meta property=\"og:url\" content=\"https:\/\/jornalofatual.ufsc.br\/index.php\/2025\/06\/16\/ato-contra-predio-de-7-andares-na-praia-da-armacao-paralisa-sc-406\/\" \/>\n<meta property=\"og:site_name\" content=\"O Fatual\" \/>\n<meta property=\"article:published_time\" content=\"2025-06-16T14:23:24+00:00\" \/>\n<meta property=\"article:modified_time\" content=\"2025-06-24T21:36:06+00:00\" \/>\n<meta property=\"og:image\" content=\"http:\/\/jornalofatual.ufsc.br\/wp-content\/uploads\/2025\/06\/image2-9.jpg\" \/>\n\t<meta property=\"og:image:width\" content=\"1999\" \/>\n\t<meta property=\"og:image:height\" content=\"1333\" \/>\n\t<meta property=\"og:image:type\" content=\"image\/jpeg\" \/>\n<meta name=\"author\" content=\"O Fatual UFSC\" \/>\n<meta name=\"twitter:card\" content=\"summary_large_image\" \/>\n<meta name=\"twitter:label1\" content=\"Escrito por\" \/>\n\t<meta name=\"twitter:data1\" content=\"O Fatual UFSC\" \/>\n\t<meta name=\"twitter:label2\" content=\"Est. tempo de leitura\" \/>\n\t<meta name=\"twitter:data2\" content=\"4 minutos\" \/>\n<script type=\"application\/ld+json\" class=\"yoast-schema-graph\">{\"@context\":\"https:\/\/schema.org\",\"@graph\":[{\"@type\":\"WebPage\",\"@id\":\"https:\/\/jornalofatual.ufsc.br\/index.php\/2025\/06\/16\/ato-contra-predio-de-7-andares-na-praia-da-armacao-paralisa-sc-406\/\",\"url\":\"https:\/\/jornalofatual.ufsc.br\/index.php\/2025\/06\/16\/ato-contra-predio-de-7-andares-na-praia-da-armacao-paralisa-sc-406\/\",\"name\":\"Ato contra pr\u00e9dio de 7 andares na praia da Arma\u00e7\u00e3o paralisa SC-406\u00a0 - O Fatual\",\"isPartOf\":{\"@id\":\"https:\/\/jornalofatual.ufsc.br\/#website\"},\"primaryImageOfPage\":{\"@id\":\"https:\/\/jornalofatual.ufsc.br\/index.php\/2025\/06\/16\/ato-contra-predio-de-7-andares-na-praia-da-armacao-paralisa-sc-406\/#primaryimage\"},\"image\":{\"@id\":\"https:\/\/jornalofatual.ufsc.br\/index.php\/2025\/06\/16\/ato-contra-predio-de-7-andares-na-praia-da-armacao-paralisa-sc-406\/#primaryimage\"},\"thumbnailUrl\":\"https:\/\/jornalofatual.ufsc.br\/wp-content\/uploads\/2025\/06\/image2-9.jpg\",\"datePublished\":\"2025-06-16T14:23:24+00:00\",\"dateModified\":\"2025-06-24T21:36:06+00:00\",\"author\":{\"@id\":\"https:\/\/jornalofatual.ufsc.br\/#\/schema\/person\/7c4da290bbeac2ab587bf3bd9b2796c5\"},\"breadcrumb\":{\"@id\":\"https:\/\/jornalofatual.ufsc.br\/index.php\/2025\/06\/16\/ato-contra-predio-de-7-andares-na-praia-da-armacao-paralisa-sc-406\/#breadcrumb\"},\"inLanguage\":\"pt-BR\",\"potentialAction\":[{\"@type\":\"ReadAction\",\"target\":[\"https:\/\/jornalofatual.ufsc.br\/index.php\/2025\/06\/16\/ato-contra-predio-de-7-andares-na-praia-da-armacao-paralisa-sc-406\/\"]}]},{\"@type\":\"ImageObject\",\"inLanguage\":\"pt-BR\",\"@id\":\"https:\/\/jornalofatual.ufsc.br\/index.php\/2025\/06\/16\/ato-contra-predio-de-7-andares-na-praia-da-armacao-paralisa-sc-406\/#primaryimage\",\"url\":\"https:\/\/jornalofatual.ufsc.br\/wp-content\/uploads\/2025\/06\/image2-9.jpg\",\"contentUrl\":\"https:\/\/jornalofatual.ufsc.br\/wp-content\/uploads\/2025\/06\/image2-9.jpg\",\"width\":1999,\"height\":1333},{\"@type\":\"BreadcrumbList\",\"@id\":\"https:\/\/jornalofatual.ufsc.br\/index.php\/2025\/06\/16\/ato-contra-predio-de-7-andares-na-praia-da-armacao-paralisa-sc-406\/#breadcrumb\",\"itemListElement\":[{\"@type\":\"ListItem\",\"position\":1,\"name\":\"In\u00edcio\",\"item\":\"https:\/\/jornalofatual.ufsc.br\/\"},{\"@type\":\"ListItem\",\"position\":2,\"name\":\"Ato contra pr\u00e9dio de 7 andares na praia da Arma\u00e7\u00e3o paralisa SC-406\u00a0\"}]},{\"@type\":\"WebSite\",\"@id\":\"https:\/\/jornalofatual.ufsc.br\/#website\",\"url\":\"https:\/\/jornalofatual.ufsc.br\/\",\"name\":\"O Fatual\",\"description\":\"Jornalismo UFSC\",\"potentialAction\":[{\"@type\":\"SearchAction\",\"target\":{\"@type\":\"EntryPoint\",\"urlTemplate\":\"https:\/\/jornalofatual.ufsc.br\/?s={search_term_string}\"},\"query-input\":\"required name=search_term_string\"}],\"inLanguage\":\"pt-BR\"},{\"@type\":\"Person\",\"@id\":\"https:\/\/jornalofatual.ufsc.br\/#\/schema\/person\/7c4da290bbeac2ab587bf3bd9b2796c5\",\"name\":\"O Fatual UFSC\",\"image\":{\"@type\":\"ImageObject\",\"inLanguage\":\"pt-BR\",\"@id\":\"https:\/\/jornalofatual.ufsc.br\/#\/schema\/person\/image\/\",\"url\":\"https:\/\/secure.gravatar.com\/avatar\/77a2965911ca4aaeddc636b7e775b7bb05b7e4b5d5ad85a27d016b6a781b2b04?s=96&d=mm&r=g\",\"contentUrl\":\"https:\/\/secure.gravatar.com\/avatar\/77a2965911ca4aaeddc636b7e775b7bb05b7e4b5d5ad85a27d016b6a781b2b04?s=96&d=mm&r=g\",\"caption\":\"O Fatual UFSC\"},\"sameAs\":[\"https:\/\/jornalofatual.ufsc.br\",\"https:\/\/www.instagram.com\/jornalofatual\/\"],\"url\":\"https:\/\/jornalofatual.ufsc.br\/index.php\/author\/jornalofactualgmail-com\/\"}]}<\/script>\n<!-- \/ Yoast SEO plugin. -->","yoast_head_json":{"title":"Ato contra pr\u00e9dio de 7 andares na praia da Arma\u00e7\u00e3o paralisa SC-406\u00a0 - O Fatual","robots":{"index":"index","follow":"follow","max-snippet":"max-snippet:-1","max-image-preview":"max-image-preview:large","max-video-preview":"max-video-preview:-1"},"canonical":"https:\/\/jornalofatual.ufsc.br\/index.php\/2025\/06\/16\/ato-contra-predio-de-7-andares-na-praia-da-armacao-paralisa-sc-406\/","og_locale":"pt_BR","og_type":"article","og_title":"Ato contra pr\u00e9dio de 7 andares na praia da Arma\u00e7\u00e3o paralisa SC-406\u00a0 - O Fatual","og_description":"Manifesta\u00e7\u00e3o de cerca de 400 moradores ocupou rodovia Francisco Thomaz dos Santos OL\u00cdVIA GELEILETE O F\u00f3rum Popular do Distrito do P\u00e2ntano do Sul realizou no s\u00e1bado (7) um ato contra o projeto da construtora Atalantaya, de construir um pr\u00e9dio de sete pavimentos na praia da Arma\u00e7\u00e3o, no sul de Florian\u00f3polis. \u201cA praia n\u00e3o tem estrutura [&hellip;]","og_url":"https:\/\/jornalofatual.ufsc.br\/index.php\/2025\/06\/16\/ato-contra-predio-de-7-andares-na-praia-da-armacao-paralisa-sc-406\/","og_site_name":"O Fatual","article_published_time":"2025-06-16T14:23:24+00:00","article_modified_time":"2025-06-24T21:36:06+00:00","og_image":[{"width":1999,"height":1333,"url":"http:\/\/jornalofatual.ufsc.br\/wp-content\/uploads\/2025\/06\/image2-9.jpg","type":"image\/jpeg"}],"author":"O Fatual UFSC","twitter_card":"summary_large_image","twitter_misc":{"Escrito por":"O Fatual UFSC","Est. tempo de leitura":"4 minutos"},"schema":{"@context":"https:\/\/schema.org","@graph":[{"@type":"WebPage","@id":"https:\/\/jornalofatual.ufsc.br\/index.php\/2025\/06\/16\/ato-contra-predio-de-7-andares-na-praia-da-armacao-paralisa-sc-406\/","url":"https:\/\/jornalofatual.ufsc.br\/index.php\/2025\/06\/16\/ato-contra-predio-de-7-andares-na-praia-da-armacao-paralisa-sc-406\/","name":"Ato contra pr\u00e9dio de 7 andares na praia da Arma\u00e7\u00e3o paralisa SC-406\u00a0 - O Fatual","isPartOf":{"@id":"https:\/\/jornalofatual.ufsc.br\/#website"},"primaryImageOfPage":{"@id":"https:\/\/jornalofatual.ufsc.br\/index.php\/2025\/06\/16\/ato-contra-predio-de-7-andares-na-praia-da-armacao-paralisa-sc-406\/#primaryimage"},"image":{"@id":"https:\/\/jornalofatual.ufsc.br\/index.php\/2025\/06\/16\/ato-contra-predio-de-7-andares-na-praia-da-armacao-paralisa-sc-406\/#primaryimage"},"thumbnailUrl":"https:\/\/jornalofatual.ufsc.br\/wp-content\/uploads\/2025\/06\/image2-9.jpg","datePublished":"2025-06-16T14:23:24+00:00","dateModified":"2025-06-24T21:36:06+00:00","author":{"@id":"https:\/\/jornalofatual.ufsc.br\/#\/schema\/person\/7c4da290bbeac2ab587bf3bd9b2796c5"},"breadcrumb":{"@id":"https:\/\/jornalofatual.ufsc.br\/index.php\/2025\/06\/16\/ato-contra-predio-de-7-andares-na-praia-da-armacao-paralisa-sc-406\/#breadcrumb"},"inLanguage":"pt-BR","potentialAction":[{"@type":"ReadAction","target":["https:\/\/jornalofatual.ufsc.br\/index.php\/2025\/06\/16\/ato-contra-predio-de-7-andares-na-praia-da-armacao-paralisa-sc-406\/"]}]},{"@type":"ImageObject","inLanguage":"pt-BR","@id":"https:\/\/jornalofatual.ufsc.br\/index.php\/2025\/06\/16\/ato-contra-predio-de-7-andares-na-praia-da-armacao-paralisa-sc-406\/#primaryimage","url":"https:\/\/jornalofatual.ufsc.br\/wp-content\/uploads\/2025\/06\/image2-9.jpg","contentUrl":"https:\/\/jornalofatual.ufsc.br\/wp-content\/uploads\/2025\/06\/image2-9.jpg","width":1999,"height":1333},{"@type":"BreadcrumbList","@id":"https:\/\/jornalofatual.ufsc.br\/index.php\/2025\/06\/16\/ato-contra-predio-de-7-andares-na-praia-da-armacao-paralisa-sc-406\/#breadcrumb","itemListElement":[{"@type":"ListItem","position":1,"name":"In\u00edcio","item":"https:\/\/jornalofatual.ufsc.br\/"},{"@type":"ListItem","position":2,"name":"Ato contra pr\u00e9dio de 7 andares na praia da Arma\u00e7\u00e3o paralisa SC-406\u00a0"}]},{"@type":"WebSite","@id":"https:\/\/jornalofatual.ufsc.br\/#website","url":"https:\/\/jornalofatual.ufsc.br\/","name":"O Fatual","description":"Jornalismo UFSC","potentialAction":[{"@type":"SearchAction","target":{"@type":"EntryPoint","urlTemplate":"https:\/\/jornalofatual.ufsc.br\/?s={search_term_string}"},"query-input":"required name=search_term_string"}],"inLanguage":"pt-BR"},{"@type":"Person","@id":"https:\/\/jornalofatual.ufsc.br\/#\/schema\/person\/7c4da290bbeac2ab587bf3bd9b2796c5","name":"O Fatual UFSC","image":{"@type":"ImageObject","inLanguage":"pt-BR","@id":"https:\/\/jornalofatual.ufsc.br\/#\/schema\/person\/image\/","url":"https:\/\/secure.gravatar.com\/avatar\/77a2965911ca4aaeddc636b7e775b7bb05b7e4b5d5ad85a27d016b6a781b2b04?s=96&d=mm&r=g","contentUrl":"https:\/\/secure.gravatar.com\/avatar\/77a2965911ca4aaeddc636b7e775b7bb05b7e4b5d5ad85a27d016b6a781b2b04?s=96&d=mm&r=g","caption":"O Fatual UFSC"},"sameAs":["https:\/\/jornalofatual.ufsc.br","https:\/\/www.instagram.com\/jornalofatual\/"],"url":"https:\/\/jornalofatual.ufsc.br\/index.php\/author\/jornalofactualgmail-com\/"}]}},"_links":{"self":[{"href":"https:\/\/jornalofatual.ufsc.br\/index.php\/wp-json\/wp\/v2\/posts\/2259","targetHints":{"allow":["GET"]}}],"collection":[{"href":"https:\/\/jornalofatual.ufsc.br\/index.php\/wp-json\/wp\/v2\/posts"}],"about":[{"href":"https:\/\/jornalofatual.ufsc.br\/index.php\/wp-json\/wp\/v2\/types\/post"}],"author":[{"embeddable":true,"href":"https:\/\/jornalofatual.ufsc.br\/index.php\/wp-json\/wp\/v2\/users\/1"}],"replies":[{"embeddable":true,"href":"https:\/\/jornalofatual.ufsc.br\/index.php\/wp-json\/wp\/v2\/comments?post=2259"}],"version-history":[{"count":1,"href":"https:\/\/jornalofatual.ufsc.br\/index.php\/wp-json\/wp\/v2\/posts\/2259\/revisions"}],"predecessor-version":[{"id":2267,"href":"https:\/\/jornalofatual.ufsc.br\/index.php\/wp-json\/wp\/v2\/posts\/2259\/revisions\/2267"}],"wp:featuredmedia":[{"embeddable":true,"href":"https:\/\/jornalofatual.ufsc.br\/index.php\/wp-json\/wp\/v2\/media\/2262"}],"wp:attachment":[{"href":"https:\/\/jornalofatual.ufsc.br\/index.php\/wp-json\/wp\/v2\/media?parent=2259"}],"wp:term":[{"taxonomy":"category","embeddable":true,"href":"https:\/\/jornalofatual.ufsc.br\/index.php\/wp-json\/wp\/v2\/categories?post=2259"},{"taxonomy":"post_tag","embeddable":true,"href":"https:\/\/jornalofatual.ufsc.br\/index.php\/wp-json\/wp\/v2\/tags?post=2259"}],"curies":[{"name":"wp","href":"https:\/\/api.w.org\/{rel}","templated":true}]}}