{"id":2111,"date":"2025-04-14T18:46:41","date_gmt":"2025-04-14T21:46:41","guid":{"rendered":"https:\/\/jornalofatual.ufsc.br\/?p=2111"},"modified":"2025-04-25T19:06:22","modified_gmt":"2025-04-25T22:06:22","slug":"grupo-da-ufsc-apresenta-peca-sobre-tabus-como-homossexualidade-suicidio-e-aborto-na-adolescencia","status":"publish","type":"post","link":"https:\/\/jornalofatual.ufsc.br\/index.php\/2025\/04\/14\/grupo-da-ufsc-apresenta-peca-sobre-tabus-como-homossexualidade-suicidio-e-aborto-na-adolescencia\/","title":{"rendered":"Grupo da UFSC apresenta pe\u00e7a sobre tabus como homossexualidade, suic\u00eddio e aborto na adolesc\u00eancia"},"content":{"rendered":"\n<h4 class=\"wp-block-heading\"><em>O Despertar da Primavera<\/em> \u00e9 encenado pelo grupo Os Melodram\u00e1ticos no Teatro da Ubro<\/h4>\n\n\n\n<div style=\"height:32px\" aria-hidden=\"true\" class=\"wp-block-spacer\"><\/div>\n\n\n\n<p><strong>AYANA ARA\u00daJO<\/strong><\/p>\n\n\n\n<p>Sexo, homossexualidade, atos de estupro e viol\u00eancia contra jovens de 14 anos estiveram no palco do Teatro da Ubro, no Centro de Florian\u00f3polis, no domingo (13). As cenas comp\u00f5em a pe\u00e7a <em>O Despertar da Primavera<\/em>, escrita em 1890 pelo dramaturgo e romancista alem\u00e3o Frank Wedekind e interpretada pelo grupo Os Melodram\u00e1ticos, do curso de Artes C\u00eanicas da Universidade Federal de Santa Catarina (UFSC). Com dire\u00e7\u00e3o de Luiz Fernando Pereira e adapta\u00e7\u00e3o de Lucas de Lima, a apresenta\u00e7\u00e3o reuniu 50 espectadores.<\/p>\n\n\n\n<p>A obra original critica \u00e0 sociedade conservadora da \u00e9poca e discute temas que impactam na vida dos adolescentes no final do s\u00e9culo XIX, como sexo, aborto, homossexualidade e suic\u00eddio. A apresenta\u00e7\u00e3o do grupo da UFSC busca fazer um paralelo entre passado e presente, e que muitos assuntos abordados em 1890 ainda s\u00e3o uma realidade.<\/p>\n\n\n\n<p>A apresenta\u00e7\u00e3o surgiu da pesquisa de p\u00f3s-doutorado em Artes C\u00eanicas \u201cUma Nova Contribui\u00e7\u00e3o ao Ensino do Uso do Espa\u00e7o C\u00eanico\u201d, de Luiz Fernando, e \u00e9 a parte pr\u00e1tica da pesquisa. Originou-se com o intuito de utilizar o chamado espa\u00e7o frontal, onde os atores est\u00e3o no palco o tempo inteiro, mesmo nas cenas em que n\u00e3o apresentam falas.<\/p>\n\n\n\n<p>Segundo Luiz, a pe\u00e7a tamb\u00e9m passou por uma preocupa\u00e7\u00e3o com o Espa\u00e7o C\u00eanico. \u201cO Espa\u00e7o C\u00eanico est\u00e1 cada vez sendo o elemento mais importante da apresenta\u00e7\u00e3o. Nosso trabalho documenta todas as etapas do movimento do ator: passos, postura da m\u00e3o e posi\u00e7\u00e3o do corpo\u201d, explica.<\/p>\n\n\n\n<p>Os personagens t\u00eam por volta de 14 anos e est\u00e3o passando pela puberdade, descobrindo suas sexualidades e desejos. Lucas de Lima relata que a falta de informa\u00e7\u00e3o e o sistema escolar problem\u00e1tico geram a trama. \u201cOs adultos n\u00e3o informam e disseminam informa\u00e7\u00f5es falsas. Tem uma personagem que \u00e9 abusada pelo pai sexualmente, mas n\u00e3o tem no\u00e7\u00e3o disso. H\u00e1 tamb\u00e9m um menino que n\u00e3o consegue lidas com os estudos e acaba se suicidando. Tudo culpa do sistema conservador da \u00e9poca.\u201d<\/p>\n\n\n\n<p>Wendla, uma das personagens principais, pergunta \u00e0 m\u00e3e como se faz um filho. A m\u00e3e, envergonhada e sem rea\u00e7\u00e3o, n\u00e3o responde. No desenrolar da hist\u00f3ria, Wendla \u00e9 estuprada e engravida de um colega do col\u00e9gio, mas, desinformada, n\u00e3o sabe como engravidou.<\/p>\n\n\n\n<p>Jo\u00e3o Felipe Pereira dos Santos, estudante de Artes C\u00eanicas da UFSC, interpreta Hanschen, um adolescente que se permite viver as experi\u00eancias da adolesc\u00eancia, sem se importar com tabus e repress\u00e3o sexual. Para o ator, certas cenas exigiram desprendimento do seu ego e o colocaram em um local de vulnerabilidade. \u201cMe sinto muito satisfeito com meu processo de abra\u00e7ar esse personagem. Tenho carinho especial pela pe\u00e7a, por ser o primeiro trabalho que participo na academia e alcan\u00e7a para outros espa\u00e7os fora da universidade\u201d, explica.<\/p>\n\n\n\n<figure class=\"wp-block-image size-large\"><img fetchpriority=\"high\" decoding=\"async\" width=\"1200\" height=\"733\" src=\"http:\/\/jornalofatual.ufsc.br\/wp-content\/uploads\/2025\/04\/image1-2-1200x733.jpg\" alt=\"\" class=\"wp-image-2113\" srcset=\"https:\/\/jornalofatual.ufsc.br\/wp-content\/uploads\/2025\/04\/image1-2-1200x733.jpg 1200w, https:\/\/jornalofatual.ufsc.br\/wp-content\/uploads\/2025\/04\/image1-2-300x183.jpg 300w, https:\/\/jornalofatual.ufsc.br\/wp-content\/uploads\/2025\/04\/image1-2-768x469.jpg 768w, https:\/\/jornalofatual.ufsc.br\/wp-content\/uploads\/2025\/04\/image1-2.jpg 1280w\" sizes=\"(max-width: 1200px) 100vw, 1200px\" \/><figcaption class=\"wp-element-caption\">Grupo Os melodram\u00e1ticos na pe\u00e7a <em>O Despertar da Primavera<\/em>, formado por Jo\u00e3o Leffa (Melchior Gabor), Gabriel Dias (Moritz Stiefel), Jo\u00e3o Felipe (Hanschen Rillow e Sr. Gabor), Lucas Brisot (Ernst e o Homem), Melissa Versari (Martha Bessel) , La\u00eds Calderan (Sra. Bergmann), Maria Clara Vieira (Wendla Bergmann),Vit\u00f3ria Lima (Fanny Gabor) e Daniele Nass (Thea e Ilse). <em>Foto por: Ayana Ara\u00fajo<\/em><\/figcaption><\/figure>\n","protected":false},"excerpt":{"rendered":"<p>O Despertar da Primavera \u00e9 encenado pelo grupo Os Melodram\u00e1ticos no Teatro da Ubro AYANA ARA\u00daJO Sexo, homossexualidade, atos de estupro e viol\u00eancia contra jovens de 14 anos estiveram no palco do Teatro da Ubro, no Centro de Florian\u00f3polis, no domingo (13). As cenas comp\u00f5em a pe\u00e7a O Despertar da Primavera, escrita em 1890 pelo [&hellip;]<\/p>\n","protected":false},"author":1,"featured_media":2113,"comment_status":"open","ping_status":"open","sticky":false,"template":"","format":"standard","meta":{"footnotes":""},"categories":[111,19,22],"tags":[],"class_list":["post-2111","post","type-post","status-publish","format-standard","has-post-thumbnail","hentry","category-cultura","category-noticias","category-ufsc"],"yoast_head":"<!-- This site is optimized with the Yoast SEO plugin v22.9 - https:\/\/yoast.com\/wordpress\/plugins\/seo\/ -->\n<title>Grupo da UFSC apresenta pe\u00e7a sobre tabus como homossexualidade, suic\u00eddio e aborto na adolesc\u00eancia - O Fatual<\/title>\n<meta name=\"robots\" content=\"index, follow, max-snippet:-1, max-image-preview:large, max-video-preview:-1\" \/>\n<link rel=\"canonical\" href=\"https:\/\/jornalofatual.ufsc.br\/index.php\/2025\/04\/14\/grupo-da-ufsc-apresenta-peca-sobre-tabus-como-homossexualidade-suicidio-e-aborto-na-adolescencia\/\" \/>\n<meta property=\"og:locale\" content=\"pt_BR\" \/>\n<meta property=\"og:type\" content=\"article\" \/>\n<meta property=\"og:title\" content=\"Grupo da UFSC apresenta pe\u00e7a sobre tabus como homossexualidade, suic\u00eddio e aborto na adolesc\u00eancia - O Fatual\" \/>\n<meta property=\"og:description\" content=\"O Despertar da Primavera \u00e9 encenado pelo grupo Os Melodram\u00e1ticos no Teatro da Ubro AYANA ARA\u00daJO Sexo, homossexualidade, atos de estupro e viol\u00eancia contra jovens de 14 anos estiveram no palco do Teatro da Ubro, no Centro de Florian\u00f3polis, no domingo (13). As cenas comp\u00f5em a pe\u00e7a O Despertar da Primavera, escrita em 1890 pelo [&hellip;]\" \/>\n<meta property=\"og:url\" content=\"https:\/\/jornalofatual.ufsc.br\/index.php\/2025\/04\/14\/grupo-da-ufsc-apresenta-peca-sobre-tabus-como-homossexualidade-suicidio-e-aborto-na-adolescencia\/\" \/>\n<meta property=\"og:site_name\" content=\"O Fatual\" \/>\n<meta property=\"article:published_time\" content=\"2025-04-14T21:46:41+00:00\" \/>\n<meta property=\"article:modified_time\" content=\"2025-04-25T22:06:22+00:00\" \/>\n<meta property=\"og:image\" content=\"http:\/\/jornalofatual.ufsc.br\/wp-content\/uploads\/2025\/04\/image1-2.jpg\" \/>\n\t<meta property=\"og:image:width\" content=\"1280\" \/>\n\t<meta property=\"og:image:height\" content=\"782\" \/>\n\t<meta property=\"og:image:type\" content=\"image\/jpeg\" \/>\n<meta name=\"author\" content=\"O Fatual UFSC\" \/>\n<meta name=\"twitter:card\" content=\"summary_large_image\" \/>\n<meta name=\"twitter:label1\" content=\"Escrito por\" \/>\n\t<meta name=\"twitter:data1\" content=\"O Fatual UFSC\" \/>\n\t<meta name=\"twitter:label2\" content=\"Est. tempo de leitura\" \/>\n\t<meta name=\"twitter:data2\" content=\"4 minutos\" \/>\n<script type=\"application\/ld+json\" class=\"yoast-schema-graph\">{\"@context\":\"https:\/\/schema.org\",\"@graph\":[{\"@type\":\"WebPage\",\"@id\":\"https:\/\/jornalofatual.ufsc.br\/index.php\/2025\/04\/14\/grupo-da-ufsc-apresenta-peca-sobre-tabus-como-homossexualidade-suicidio-e-aborto-na-adolescencia\/\",\"url\":\"https:\/\/jornalofatual.ufsc.br\/index.php\/2025\/04\/14\/grupo-da-ufsc-apresenta-peca-sobre-tabus-como-homossexualidade-suicidio-e-aborto-na-adolescencia\/\",\"name\":\"Grupo da UFSC apresenta pe\u00e7a sobre tabus como homossexualidade, suic\u00eddio e aborto na adolesc\u00eancia - O Fatual\",\"isPartOf\":{\"@id\":\"https:\/\/jornalofatual.ufsc.br\/#website\"},\"primaryImageOfPage\":{\"@id\":\"https:\/\/jornalofatual.ufsc.br\/index.php\/2025\/04\/14\/grupo-da-ufsc-apresenta-peca-sobre-tabus-como-homossexualidade-suicidio-e-aborto-na-adolescencia\/#primaryimage\"},\"image\":{\"@id\":\"https:\/\/jornalofatual.ufsc.br\/index.php\/2025\/04\/14\/grupo-da-ufsc-apresenta-peca-sobre-tabus-como-homossexualidade-suicidio-e-aborto-na-adolescencia\/#primaryimage\"},\"thumbnailUrl\":\"https:\/\/jornalofatual.ufsc.br\/wp-content\/uploads\/2025\/04\/image1-2.jpg\",\"datePublished\":\"2025-04-14T21:46:41+00:00\",\"dateModified\":\"2025-04-25T22:06:22+00:00\",\"author\":{\"@id\":\"https:\/\/jornalofatual.ufsc.br\/#\/schema\/person\/7c4da290bbeac2ab587bf3bd9b2796c5\"},\"breadcrumb\":{\"@id\":\"https:\/\/jornalofatual.ufsc.br\/index.php\/2025\/04\/14\/grupo-da-ufsc-apresenta-peca-sobre-tabus-como-homossexualidade-suicidio-e-aborto-na-adolescencia\/#breadcrumb\"},\"inLanguage\":\"pt-BR\",\"potentialAction\":[{\"@type\":\"ReadAction\",\"target\":[\"https:\/\/jornalofatual.ufsc.br\/index.php\/2025\/04\/14\/grupo-da-ufsc-apresenta-peca-sobre-tabus-como-homossexualidade-suicidio-e-aborto-na-adolescencia\/\"]}]},{\"@type\":\"ImageObject\",\"inLanguage\":\"pt-BR\",\"@id\":\"https:\/\/jornalofatual.ufsc.br\/index.php\/2025\/04\/14\/grupo-da-ufsc-apresenta-peca-sobre-tabus-como-homossexualidade-suicidio-e-aborto-na-adolescencia\/#primaryimage\",\"url\":\"https:\/\/jornalofatual.ufsc.br\/wp-content\/uploads\/2025\/04\/image1-2.jpg\",\"contentUrl\":\"https:\/\/jornalofatual.ufsc.br\/wp-content\/uploads\/2025\/04\/image1-2.jpg\",\"width\":1280,\"height\":782},{\"@type\":\"BreadcrumbList\",\"@id\":\"https:\/\/jornalofatual.ufsc.br\/index.php\/2025\/04\/14\/grupo-da-ufsc-apresenta-peca-sobre-tabus-como-homossexualidade-suicidio-e-aborto-na-adolescencia\/#breadcrumb\",\"itemListElement\":[{\"@type\":\"ListItem\",\"position\":1,\"name\":\"In\u00edcio\",\"item\":\"https:\/\/jornalofatual.ufsc.br\/\"},{\"@type\":\"ListItem\",\"position\":2,\"name\":\"Grupo da UFSC apresenta pe\u00e7a sobre tabus como homossexualidade, suic\u00eddio e aborto na adolesc\u00eancia\"}]},{\"@type\":\"WebSite\",\"@id\":\"https:\/\/jornalofatual.ufsc.br\/#website\",\"url\":\"https:\/\/jornalofatual.ufsc.br\/\",\"name\":\"O Fatual\",\"description\":\"Jornalismo UFSC\",\"potentialAction\":[{\"@type\":\"SearchAction\",\"target\":{\"@type\":\"EntryPoint\",\"urlTemplate\":\"https:\/\/jornalofatual.ufsc.br\/?s={search_term_string}\"},\"query-input\":\"required name=search_term_string\"}],\"inLanguage\":\"pt-BR\"},{\"@type\":\"Person\",\"@id\":\"https:\/\/jornalofatual.ufsc.br\/#\/schema\/person\/7c4da290bbeac2ab587bf3bd9b2796c5\",\"name\":\"O Fatual UFSC\",\"image\":{\"@type\":\"ImageObject\",\"inLanguage\":\"pt-BR\",\"@id\":\"https:\/\/jornalofatual.ufsc.br\/#\/schema\/person\/image\/\",\"url\":\"https:\/\/secure.gravatar.com\/avatar\/77a2965911ca4aaeddc636b7e775b7bb05b7e4b5d5ad85a27d016b6a781b2b04?s=96&d=mm&r=g\",\"contentUrl\":\"https:\/\/secure.gravatar.com\/avatar\/77a2965911ca4aaeddc636b7e775b7bb05b7e4b5d5ad85a27d016b6a781b2b04?s=96&d=mm&r=g\",\"caption\":\"O Fatual UFSC\"},\"sameAs\":[\"https:\/\/jornalofatual.ufsc.br\",\"https:\/\/www.instagram.com\/jornalofatual\/\"],\"url\":\"https:\/\/jornalofatual.ufsc.br\/index.php\/author\/jornalofactualgmail-com\/\"}]}<\/script>\n<!-- \/ Yoast SEO plugin. -->","yoast_head_json":{"title":"Grupo da UFSC apresenta pe\u00e7a sobre tabus como homossexualidade, suic\u00eddio e aborto na adolesc\u00eancia - O Fatual","robots":{"index":"index","follow":"follow","max-snippet":"max-snippet:-1","max-image-preview":"max-image-preview:large","max-video-preview":"max-video-preview:-1"},"canonical":"https:\/\/jornalofatual.ufsc.br\/index.php\/2025\/04\/14\/grupo-da-ufsc-apresenta-peca-sobre-tabus-como-homossexualidade-suicidio-e-aborto-na-adolescencia\/","og_locale":"pt_BR","og_type":"article","og_title":"Grupo da UFSC apresenta pe\u00e7a sobre tabus como homossexualidade, suic\u00eddio e aborto na adolesc\u00eancia - O Fatual","og_description":"O Despertar da Primavera \u00e9 encenado pelo grupo Os Melodram\u00e1ticos no Teatro da Ubro AYANA ARA\u00daJO Sexo, homossexualidade, atos de estupro e viol\u00eancia contra jovens de 14 anos estiveram no palco do Teatro da Ubro, no Centro de Florian\u00f3polis, no domingo (13). As cenas comp\u00f5em a pe\u00e7a O Despertar da Primavera, escrita em 1890 pelo [&hellip;]","og_url":"https:\/\/jornalofatual.ufsc.br\/index.php\/2025\/04\/14\/grupo-da-ufsc-apresenta-peca-sobre-tabus-como-homossexualidade-suicidio-e-aborto-na-adolescencia\/","og_site_name":"O Fatual","article_published_time":"2025-04-14T21:46:41+00:00","article_modified_time":"2025-04-25T22:06:22+00:00","og_image":[{"width":1280,"height":782,"url":"http:\/\/jornalofatual.ufsc.br\/wp-content\/uploads\/2025\/04\/image1-2.jpg","type":"image\/jpeg"}],"author":"O Fatual UFSC","twitter_card":"summary_large_image","twitter_misc":{"Escrito por":"O Fatual UFSC","Est. tempo de leitura":"4 minutos"},"schema":{"@context":"https:\/\/schema.org","@graph":[{"@type":"WebPage","@id":"https:\/\/jornalofatual.ufsc.br\/index.php\/2025\/04\/14\/grupo-da-ufsc-apresenta-peca-sobre-tabus-como-homossexualidade-suicidio-e-aborto-na-adolescencia\/","url":"https:\/\/jornalofatual.ufsc.br\/index.php\/2025\/04\/14\/grupo-da-ufsc-apresenta-peca-sobre-tabus-como-homossexualidade-suicidio-e-aborto-na-adolescencia\/","name":"Grupo da UFSC apresenta pe\u00e7a sobre tabus como homossexualidade, suic\u00eddio e aborto na adolesc\u00eancia - O Fatual","isPartOf":{"@id":"https:\/\/jornalofatual.ufsc.br\/#website"},"primaryImageOfPage":{"@id":"https:\/\/jornalofatual.ufsc.br\/index.php\/2025\/04\/14\/grupo-da-ufsc-apresenta-peca-sobre-tabus-como-homossexualidade-suicidio-e-aborto-na-adolescencia\/#primaryimage"},"image":{"@id":"https:\/\/jornalofatual.ufsc.br\/index.php\/2025\/04\/14\/grupo-da-ufsc-apresenta-peca-sobre-tabus-como-homossexualidade-suicidio-e-aborto-na-adolescencia\/#primaryimage"},"thumbnailUrl":"https:\/\/jornalofatual.ufsc.br\/wp-content\/uploads\/2025\/04\/image1-2.jpg","datePublished":"2025-04-14T21:46:41+00:00","dateModified":"2025-04-25T22:06:22+00:00","author":{"@id":"https:\/\/jornalofatual.ufsc.br\/#\/schema\/person\/7c4da290bbeac2ab587bf3bd9b2796c5"},"breadcrumb":{"@id":"https:\/\/jornalofatual.ufsc.br\/index.php\/2025\/04\/14\/grupo-da-ufsc-apresenta-peca-sobre-tabus-como-homossexualidade-suicidio-e-aborto-na-adolescencia\/#breadcrumb"},"inLanguage":"pt-BR","potentialAction":[{"@type":"ReadAction","target":["https:\/\/jornalofatual.ufsc.br\/index.php\/2025\/04\/14\/grupo-da-ufsc-apresenta-peca-sobre-tabus-como-homossexualidade-suicidio-e-aborto-na-adolescencia\/"]}]},{"@type":"ImageObject","inLanguage":"pt-BR","@id":"https:\/\/jornalofatual.ufsc.br\/index.php\/2025\/04\/14\/grupo-da-ufsc-apresenta-peca-sobre-tabus-como-homossexualidade-suicidio-e-aborto-na-adolescencia\/#primaryimage","url":"https:\/\/jornalofatual.ufsc.br\/wp-content\/uploads\/2025\/04\/image1-2.jpg","contentUrl":"https:\/\/jornalofatual.ufsc.br\/wp-content\/uploads\/2025\/04\/image1-2.jpg","width":1280,"height":782},{"@type":"BreadcrumbList","@id":"https:\/\/jornalofatual.ufsc.br\/index.php\/2025\/04\/14\/grupo-da-ufsc-apresenta-peca-sobre-tabus-como-homossexualidade-suicidio-e-aborto-na-adolescencia\/#breadcrumb","itemListElement":[{"@type":"ListItem","position":1,"name":"In\u00edcio","item":"https:\/\/jornalofatual.ufsc.br\/"},{"@type":"ListItem","position":2,"name":"Grupo da UFSC apresenta pe\u00e7a sobre tabus como homossexualidade, suic\u00eddio e aborto na adolesc\u00eancia"}]},{"@type":"WebSite","@id":"https:\/\/jornalofatual.ufsc.br\/#website","url":"https:\/\/jornalofatual.ufsc.br\/","name":"O Fatual","description":"Jornalismo UFSC","potentialAction":[{"@type":"SearchAction","target":{"@type":"EntryPoint","urlTemplate":"https:\/\/jornalofatual.ufsc.br\/?s={search_term_string}"},"query-input":"required name=search_term_string"}],"inLanguage":"pt-BR"},{"@type":"Person","@id":"https:\/\/jornalofatual.ufsc.br\/#\/schema\/person\/7c4da290bbeac2ab587bf3bd9b2796c5","name":"O Fatual UFSC","image":{"@type":"ImageObject","inLanguage":"pt-BR","@id":"https:\/\/jornalofatual.ufsc.br\/#\/schema\/person\/image\/","url":"https:\/\/secure.gravatar.com\/avatar\/77a2965911ca4aaeddc636b7e775b7bb05b7e4b5d5ad85a27d016b6a781b2b04?s=96&d=mm&r=g","contentUrl":"https:\/\/secure.gravatar.com\/avatar\/77a2965911ca4aaeddc636b7e775b7bb05b7e4b5d5ad85a27d016b6a781b2b04?s=96&d=mm&r=g","caption":"O Fatual UFSC"},"sameAs":["https:\/\/jornalofatual.ufsc.br","https:\/\/www.instagram.com\/jornalofatual\/"],"url":"https:\/\/jornalofatual.ufsc.br\/index.php\/author\/jornalofactualgmail-com\/"}]}},"_links":{"self":[{"href":"https:\/\/jornalofatual.ufsc.br\/index.php\/wp-json\/wp\/v2\/posts\/2111","targetHints":{"allow":["GET"]}}],"collection":[{"href":"https:\/\/jornalofatual.ufsc.br\/index.php\/wp-json\/wp\/v2\/posts"}],"about":[{"href":"https:\/\/jornalofatual.ufsc.br\/index.php\/wp-json\/wp\/v2\/types\/post"}],"author":[{"embeddable":true,"href":"https:\/\/jornalofatual.ufsc.br\/index.php\/wp-json\/wp\/v2\/users\/1"}],"replies":[{"embeddable":true,"href":"https:\/\/jornalofatual.ufsc.br\/index.php\/wp-json\/wp\/v2\/comments?post=2111"}],"version-history":[{"count":1,"href":"https:\/\/jornalofatual.ufsc.br\/index.php\/wp-json\/wp\/v2\/posts\/2111\/revisions"}],"predecessor-version":[{"id":2114,"href":"https:\/\/jornalofatual.ufsc.br\/index.php\/wp-json\/wp\/v2\/posts\/2111\/revisions\/2114"}],"wp:featuredmedia":[{"embeddable":true,"href":"https:\/\/jornalofatual.ufsc.br\/index.php\/wp-json\/wp\/v2\/media\/2113"}],"wp:attachment":[{"href":"https:\/\/jornalofatual.ufsc.br\/index.php\/wp-json\/wp\/v2\/media?parent=2111"}],"wp:term":[{"taxonomy":"category","embeddable":true,"href":"https:\/\/jornalofatual.ufsc.br\/index.php\/wp-json\/wp\/v2\/categories?post=2111"},{"taxonomy":"post_tag","embeddable":true,"href":"https:\/\/jornalofatual.ufsc.br\/index.php\/wp-json\/wp\/v2\/tags?post=2111"}],"curies":[{"name":"wp","href":"https:\/\/api.w.org\/{rel}","templated":true}]}}