{"id":2107,"date":"2025-04-25T18:40:43","date_gmt":"2025-04-25T21:40:43","guid":{"rendered":"https:\/\/jornalofatual.ufsc.br\/?p=2107"},"modified":"2025-04-25T18:40:44","modified_gmt":"2025-04-25T21:40:44","slug":"reforma-no-ced-atrasa-quatro-meses","status":"publish","type":"post","link":"https:\/\/jornalofatual.ufsc.br\/index.php\/2025\/04\/25\/reforma-no-ced-atrasa-quatro-meses\/","title":{"rendered":"Reforma no CED atrasa quatro meses"},"content":{"rendered":"\n<h4 class=\"wp-block-heading\"><em>Fim das obras no Bloco A foi adiado para 1\u00ba de julho<\/em><\/h4>\n\n\n\n<div style=\"height:32px\" aria-hidden=\"true\" class=\"wp-block-spacer\"><\/div>\n\n\n\n<p><strong>OL\u00cdVIA GELEILETE<\/strong><\/p>\n\n\n\n<p>A reforma do Bloco A do Centro de Ci\u00eancia da Educa\u00e7\u00e3o (CED) da Universidade Federal de Santa Catarina (UFSC), no Campus Trindade, em Florian\u00f3polis, est\u00e1 com atraso de quatro meses. Iniciada em 13 de fevereiro de 2023, a obra de R$ 10,887 milh\u00f5es deveria ser entregue em fevereiro deste ano. 30 funcion\u00e1rios da empresa contratada, Zala Engenharia Ltda, trabalham no local.<\/p>\n\n\n\n<p>Complica\u00e7\u00f5es como inunda\u00e7\u00f5es no bloco e dificuldade para descartar a alta quantidade de amianto existente no pr\u00e9dio adiaram o prazo final, explicou Mateus Neves, um dos respons\u00e1veis t\u00e9cnicos pela obra. Ele diz que o novo prazo foi estipulado para 1\u00ba de julho deste ano, por\u00e9m um aditivo de mais quatro meses pode ser necess\u00e1rio.<\/p>\n\n\n\n<p>Atualmente, as disciplinas do Bloco A est\u00e3o alocadas em outros pr\u00e9dios do CED e em outros centros da universidade, onde permanecer\u00e3o at\u00e9 mar\u00e7o de 2026, conta o vice-diretor do centro, Alexandre Toaldo Bello. Para ele, as reformas est\u00e3o de acordo com o esperado, devido aos problemas enfrentados durante a reforma, \u201co aditivo j\u00e1 era previsto\u201d.<\/p>\n\n\n\n<figure class=\"wp-block-image size-large\"><img fetchpriority=\"high\" decoding=\"async\" width=\"1200\" height=\"800\" src=\"http:\/\/jornalofatual.ufsc.br\/wp-content\/uploads\/2025\/04\/image1-1-1200x800.jpg\" alt=\"\" class=\"wp-image-2109\" srcset=\"https:\/\/jornalofatual.ufsc.br\/wp-content\/uploads\/2025\/04\/image1-1-1200x800.jpg 1200w, https:\/\/jornalofatual.ufsc.br\/wp-content\/uploads\/2025\/04\/image1-1-300x200.jpg 300w, https:\/\/jornalofatual.ufsc.br\/wp-content\/uploads\/2025\/04\/image1-1-768x512.jpg 768w, https:\/\/jornalofatual.ufsc.br\/wp-content\/uploads\/2025\/04\/image1-1-1536x1024.jpg 1536w, https:\/\/jornalofatual.ufsc.br\/wp-content\/uploads\/2025\/04\/image1-1.jpg 1999w\" sizes=\"(max-width: 1200px) 100vw, 1200px\" \/><figcaption class=\"wp-element-caption\">Cal\u00e7adas bloqueadas ao redor do Centro de Ci\u00eancias da Educa\u00e7\u00e3o (CED). <em>Foto: Ol\u00edvia Geleilete<\/em><\/figcaption><\/figure>\n\n\n\n<p>O pr\u00e9dio do CED \u00e9 uma das constru\u00e7\u00f5es mais antigas da universidade, constru\u00eddo em 1970. Apresenta falta de acessibilidade para cadeirantes, problemas estruturais e el\u00e9tricos. Al\u00e9m de resolver essas quest\u00f5es, a reforma e amplia\u00e7\u00e3o do bloco prev\u00ea um biciclet\u00e1rio, uma pra\u00e7a de alimenta\u00e7\u00e3o,\u00a0internet cabeada, placa solar e mais de 60 ares-condicionados.<\/p>\n\n\n\n<p>As cal\u00e7adas ao redor do bloco est\u00e3o bloqueadas, pois tamb\u00e9m ser\u00e3o modificadas. A reforma ser\u00e1 feita de acordo com o programa Cal\u00e7ada Certa, desenvolvido pela Prefeitura Municipal de Florian\u00f3polis, que define as qualifica\u00e7\u00f5es necess\u00e1rias para garantir acessibilidade.<\/p>\n","protected":false},"excerpt":{"rendered":"<p>Fim das obras no Bloco A foi adiado para 1\u00ba de julho OL\u00cdVIA GELEILETE A reforma do Bloco A do Centro de Ci\u00eancia da Educa\u00e7\u00e3o (CED) da Universidade Federal de Santa Catarina (UFSC), no Campus Trindade, em Florian\u00f3polis, est\u00e1 com atraso de quatro meses. Iniciada em 13 de fevereiro de 2023, a obra de R$ [&hellip;]<\/p>\n","protected":false},"author":1,"featured_media":2108,"comment_status":"open","ping_status":"open","sticky":false,"template":"","format":"standard","meta":{"footnotes":""},"categories":[19,22],"tags":[],"class_list":["post-2107","post","type-post","status-publish","format-standard","has-post-thumbnail","hentry","category-noticias","category-ufsc"],"yoast_head":"<!-- This site is optimized with the Yoast SEO plugin v22.9 - https:\/\/yoast.com\/wordpress\/plugins\/seo\/ -->\n<title>Reforma no CED atrasa quatro meses - O Fatual<\/title>\n<meta name=\"robots\" content=\"index, follow, max-snippet:-1, max-image-preview:large, max-video-preview:-1\" \/>\n<link rel=\"canonical\" href=\"https:\/\/jornalofatual.ufsc.br\/index.php\/2025\/04\/25\/reforma-no-ced-atrasa-quatro-meses\/\" \/>\n<meta property=\"og:locale\" content=\"pt_BR\" \/>\n<meta property=\"og:type\" content=\"article\" \/>\n<meta property=\"og:title\" content=\"Reforma no CED atrasa quatro meses - O Fatual\" \/>\n<meta property=\"og:description\" content=\"Fim das obras no Bloco A foi adiado para 1\u00ba de julho OL\u00cdVIA GELEILETE A reforma do Bloco A do Centro de Ci\u00eancia da Educa\u00e7\u00e3o (CED) da Universidade Federal de Santa Catarina (UFSC), no Campus Trindade, em Florian\u00f3polis, est\u00e1 com atraso de quatro meses. Iniciada em 13 de fevereiro de 2023, a obra de R$ [&hellip;]\" \/>\n<meta property=\"og:url\" content=\"https:\/\/jornalofatual.ufsc.br\/index.php\/2025\/04\/25\/reforma-no-ced-atrasa-quatro-meses\/\" \/>\n<meta property=\"og:site_name\" content=\"O Fatual\" \/>\n<meta property=\"article:published_time\" content=\"2025-04-25T21:40:43+00:00\" \/>\n<meta property=\"article:modified_time\" content=\"2025-04-25T21:40:44+00:00\" \/>\n<meta property=\"og:image\" content=\"http:\/\/jornalofatual.ufsc.br\/wp-content\/uploads\/2025\/04\/image2-1.jpg\" \/>\n\t<meta property=\"og:image:width\" content=\"1469\" \/>\n\t<meta property=\"og:image:height\" content=\"1999\" \/>\n\t<meta property=\"og:image:type\" content=\"image\/jpeg\" \/>\n<meta name=\"author\" content=\"O Fatual UFSC\" \/>\n<meta name=\"twitter:card\" content=\"summary_large_image\" \/>\n<meta name=\"twitter:label1\" content=\"Escrito por\" \/>\n\t<meta name=\"twitter:data1\" content=\"O Fatual UFSC\" \/>\n\t<meta name=\"twitter:label2\" content=\"Est. tempo de leitura\" \/>\n\t<meta name=\"twitter:data2\" content=\"2 minutos\" \/>\n<script type=\"application\/ld+json\" class=\"yoast-schema-graph\">{\"@context\":\"https:\/\/schema.org\",\"@graph\":[{\"@type\":\"WebPage\",\"@id\":\"https:\/\/jornalofatual.ufsc.br\/index.php\/2025\/04\/25\/reforma-no-ced-atrasa-quatro-meses\/\",\"url\":\"https:\/\/jornalofatual.ufsc.br\/index.php\/2025\/04\/25\/reforma-no-ced-atrasa-quatro-meses\/\",\"name\":\"Reforma no CED atrasa quatro meses - O Fatual\",\"isPartOf\":{\"@id\":\"https:\/\/jornalofatual.ufsc.br\/#website\"},\"primaryImageOfPage\":{\"@id\":\"https:\/\/jornalofatual.ufsc.br\/index.php\/2025\/04\/25\/reforma-no-ced-atrasa-quatro-meses\/#primaryimage\"},\"image\":{\"@id\":\"https:\/\/jornalofatual.ufsc.br\/index.php\/2025\/04\/25\/reforma-no-ced-atrasa-quatro-meses\/#primaryimage\"},\"thumbnailUrl\":\"https:\/\/jornalofatual.ufsc.br\/wp-content\/uploads\/2025\/04\/image2-1.jpg\",\"datePublished\":\"2025-04-25T21:40:43+00:00\",\"dateModified\":\"2025-04-25T21:40:44+00:00\",\"author\":{\"@id\":\"https:\/\/jornalofatual.ufsc.br\/#\/schema\/person\/7c4da290bbeac2ab587bf3bd9b2796c5\"},\"breadcrumb\":{\"@id\":\"https:\/\/jornalofatual.ufsc.br\/index.php\/2025\/04\/25\/reforma-no-ced-atrasa-quatro-meses\/#breadcrumb\"},\"inLanguage\":\"pt-BR\",\"potentialAction\":[{\"@type\":\"ReadAction\",\"target\":[\"https:\/\/jornalofatual.ufsc.br\/index.php\/2025\/04\/25\/reforma-no-ced-atrasa-quatro-meses\/\"]}]},{\"@type\":\"ImageObject\",\"inLanguage\":\"pt-BR\",\"@id\":\"https:\/\/jornalofatual.ufsc.br\/index.php\/2025\/04\/25\/reforma-no-ced-atrasa-quatro-meses\/#primaryimage\",\"url\":\"https:\/\/jornalofatual.ufsc.br\/wp-content\/uploads\/2025\/04\/image2-1.jpg\",\"contentUrl\":\"https:\/\/jornalofatual.ufsc.br\/wp-content\/uploads\/2025\/04\/image2-1.jpg\",\"width\":1469,\"height\":1999},{\"@type\":\"BreadcrumbList\",\"@id\":\"https:\/\/jornalofatual.ufsc.br\/index.php\/2025\/04\/25\/reforma-no-ced-atrasa-quatro-meses\/#breadcrumb\",\"itemListElement\":[{\"@type\":\"ListItem\",\"position\":1,\"name\":\"In\u00edcio\",\"item\":\"https:\/\/jornalofatual.ufsc.br\/\"},{\"@type\":\"ListItem\",\"position\":2,\"name\":\"Reforma no CED atrasa quatro meses\"}]},{\"@type\":\"WebSite\",\"@id\":\"https:\/\/jornalofatual.ufsc.br\/#website\",\"url\":\"https:\/\/jornalofatual.ufsc.br\/\",\"name\":\"O Fatual\",\"description\":\"Jornalismo UFSC\",\"potentialAction\":[{\"@type\":\"SearchAction\",\"target\":{\"@type\":\"EntryPoint\",\"urlTemplate\":\"https:\/\/jornalofatual.ufsc.br\/?s={search_term_string}\"},\"query-input\":\"required name=search_term_string\"}],\"inLanguage\":\"pt-BR\"},{\"@type\":\"Person\",\"@id\":\"https:\/\/jornalofatual.ufsc.br\/#\/schema\/person\/7c4da290bbeac2ab587bf3bd9b2796c5\",\"name\":\"O Fatual UFSC\",\"image\":{\"@type\":\"ImageObject\",\"inLanguage\":\"pt-BR\",\"@id\":\"https:\/\/jornalofatual.ufsc.br\/#\/schema\/person\/image\/\",\"url\":\"https:\/\/secure.gravatar.com\/avatar\/77a2965911ca4aaeddc636b7e775b7bb05b7e4b5d5ad85a27d016b6a781b2b04?s=96&d=mm&r=g\",\"contentUrl\":\"https:\/\/secure.gravatar.com\/avatar\/77a2965911ca4aaeddc636b7e775b7bb05b7e4b5d5ad85a27d016b6a781b2b04?s=96&d=mm&r=g\",\"caption\":\"O Fatual UFSC\"},\"sameAs\":[\"https:\/\/jornalofatual.ufsc.br\",\"https:\/\/www.instagram.com\/jornalofatual\/\"],\"url\":\"https:\/\/jornalofatual.ufsc.br\/index.php\/author\/jornalofactualgmail-com\/\"}]}<\/script>\n<!-- \/ Yoast SEO plugin. -->","yoast_head_json":{"title":"Reforma no CED atrasa quatro meses - O Fatual","robots":{"index":"index","follow":"follow","max-snippet":"max-snippet:-1","max-image-preview":"max-image-preview:large","max-video-preview":"max-video-preview:-1"},"canonical":"https:\/\/jornalofatual.ufsc.br\/index.php\/2025\/04\/25\/reforma-no-ced-atrasa-quatro-meses\/","og_locale":"pt_BR","og_type":"article","og_title":"Reforma no CED atrasa quatro meses - O Fatual","og_description":"Fim das obras no Bloco A foi adiado para 1\u00ba de julho OL\u00cdVIA GELEILETE A reforma do Bloco A do Centro de Ci\u00eancia da Educa\u00e7\u00e3o (CED) da Universidade Federal de Santa Catarina (UFSC), no Campus Trindade, em Florian\u00f3polis, est\u00e1 com atraso de quatro meses. Iniciada em 13 de fevereiro de 2023, a obra de R$ [&hellip;]","og_url":"https:\/\/jornalofatual.ufsc.br\/index.php\/2025\/04\/25\/reforma-no-ced-atrasa-quatro-meses\/","og_site_name":"O Fatual","article_published_time":"2025-04-25T21:40:43+00:00","article_modified_time":"2025-04-25T21:40:44+00:00","og_image":[{"width":1469,"height":1999,"url":"http:\/\/jornalofatual.ufsc.br\/wp-content\/uploads\/2025\/04\/image2-1.jpg","type":"image\/jpeg"}],"author":"O Fatual UFSC","twitter_card":"summary_large_image","twitter_misc":{"Escrito por":"O Fatual UFSC","Est. tempo de leitura":"2 minutos"},"schema":{"@context":"https:\/\/schema.org","@graph":[{"@type":"WebPage","@id":"https:\/\/jornalofatual.ufsc.br\/index.php\/2025\/04\/25\/reforma-no-ced-atrasa-quatro-meses\/","url":"https:\/\/jornalofatual.ufsc.br\/index.php\/2025\/04\/25\/reforma-no-ced-atrasa-quatro-meses\/","name":"Reforma no CED atrasa quatro meses - O Fatual","isPartOf":{"@id":"https:\/\/jornalofatual.ufsc.br\/#website"},"primaryImageOfPage":{"@id":"https:\/\/jornalofatual.ufsc.br\/index.php\/2025\/04\/25\/reforma-no-ced-atrasa-quatro-meses\/#primaryimage"},"image":{"@id":"https:\/\/jornalofatual.ufsc.br\/index.php\/2025\/04\/25\/reforma-no-ced-atrasa-quatro-meses\/#primaryimage"},"thumbnailUrl":"https:\/\/jornalofatual.ufsc.br\/wp-content\/uploads\/2025\/04\/image2-1.jpg","datePublished":"2025-04-25T21:40:43+00:00","dateModified":"2025-04-25T21:40:44+00:00","author":{"@id":"https:\/\/jornalofatual.ufsc.br\/#\/schema\/person\/7c4da290bbeac2ab587bf3bd9b2796c5"},"breadcrumb":{"@id":"https:\/\/jornalofatual.ufsc.br\/index.php\/2025\/04\/25\/reforma-no-ced-atrasa-quatro-meses\/#breadcrumb"},"inLanguage":"pt-BR","potentialAction":[{"@type":"ReadAction","target":["https:\/\/jornalofatual.ufsc.br\/index.php\/2025\/04\/25\/reforma-no-ced-atrasa-quatro-meses\/"]}]},{"@type":"ImageObject","inLanguage":"pt-BR","@id":"https:\/\/jornalofatual.ufsc.br\/index.php\/2025\/04\/25\/reforma-no-ced-atrasa-quatro-meses\/#primaryimage","url":"https:\/\/jornalofatual.ufsc.br\/wp-content\/uploads\/2025\/04\/image2-1.jpg","contentUrl":"https:\/\/jornalofatual.ufsc.br\/wp-content\/uploads\/2025\/04\/image2-1.jpg","width":1469,"height":1999},{"@type":"BreadcrumbList","@id":"https:\/\/jornalofatual.ufsc.br\/index.php\/2025\/04\/25\/reforma-no-ced-atrasa-quatro-meses\/#breadcrumb","itemListElement":[{"@type":"ListItem","position":1,"name":"In\u00edcio","item":"https:\/\/jornalofatual.ufsc.br\/"},{"@type":"ListItem","position":2,"name":"Reforma no CED atrasa quatro meses"}]},{"@type":"WebSite","@id":"https:\/\/jornalofatual.ufsc.br\/#website","url":"https:\/\/jornalofatual.ufsc.br\/","name":"O Fatual","description":"Jornalismo UFSC","potentialAction":[{"@type":"SearchAction","target":{"@type":"EntryPoint","urlTemplate":"https:\/\/jornalofatual.ufsc.br\/?s={search_term_string}"},"query-input":"required name=search_term_string"}],"inLanguage":"pt-BR"},{"@type":"Person","@id":"https:\/\/jornalofatual.ufsc.br\/#\/schema\/person\/7c4da290bbeac2ab587bf3bd9b2796c5","name":"O Fatual UFSC","image":{"@type":"ImageObject","inLanguage":"pt-BR","@id":"https:\/\/jornalofatual.ufsc.br\/#\/schema\/person\/image\/","url":"https:\/\/secure.gravatar.com\/avatar\/77a2965911ca4aaeddc636b7e775b7bb05b7e4b5d5ad85a27d016b6a781b2b04?s=96&d=mm&r=g","contentUrl":"https:\/\/secure.gravatar.com\/avatar\/77a2965911ca4aaeddc636b7e775b7bb05b7e4b5d5ad85a27d016b6a781b2b04?s=96&d=mm&r=g","caption":"O Fatual UFSC"},"sameAs":["https:\/\/jornalofatual.ufsc.br","https:\/\/www.instagram.com\/jornalofatual\/"],"url":"https:\/\/jornalofatual.ufsc.br\/index.php\/author\/jornalofactualgmail-com\/"}]}},"_links":{"self":[{"href":"https:\/\/jornalofatual.ufsc.br\/index.php\/wp-json\/wp\/v2\/posts\/2107","targetHints":{"allow":["GET"]}}],"collection":[{"href":"https:\/\/jornalofatual.ufsc.br\/index.php\/wp-json\/wp\/v2\/posts"}],"about":[{"href":"https:\/\/jornalofatual.ufsc.br\/index.php\/wp-json\/wp\/v2\/types\/post"}],"author":[{"embeddable":true,"href":"https:\/\/jornalofatual.ufsc.br\/index.php\/wp-json\/wp\/v2\/users\/1"}],"replies":[{"embeddable":true,"href":"https:\/\/jornalofatual.ufsc.br\/index.php\/wp-json\/wp\/v2\/comments?post=2107"}],"version-history":[{"count":1,"href":"https:\/\/jornalofatual.ufsc.br\/index.php\/wp-json\/wp\/v2\/posts\/2107\/revisions"}],"predecessor-version":[{"id":2110,"href":"https:\/\/jornalofatual.ufsc.br\/index.php\/wp-json\/wp\/v2\/posts\/2107\/revisions\/2110"}],"wp:featuredmedia":[{"embeddable":true,"href":"https:\/\/jornalofatual.ufsc.br\/index.php\/wp-json\/wp\/v2\/media\/2108"}],"wp:attachment":[{"href":"https:\/\/jornalofatual.ufsc.br\/index.php\/wp-json\/wp\/v2\/media?parent=2107"}],"wp:term":[{"taxonomy":"category","embeddable":true,"href":"https:\/\/jornalofatual.ufsc.br\/index.php\/wp-json\/wp\/v2\/categories?post=2107"},{"taxonomy":"post_tag","embeddable":true,"href":"https:\/\/jornalofatual.ufsc.br\/index.php\/wp-json\/wp\/v2\/tags?post=2107"}],"curies":[{"name":"wp","href":"https:\/\/api.w.org\/{rel}","templated":true}]}}