{"id":2045,"date":"2024-11-30T18:01:36","date_gmt":"2024-11-30T21:01:36","guid":{"rendered":"https:\/\/jornalofatual.ufsc.br\/?p=2045"},"modified":"2024-12-20T18:07:38","modified_gmt":"2024-12-20T21:07:38","slug":"delas-summit-premia-mulheres-lideres-de-pequenas-empresas","status":"publish","type":"post","link":"https:\/\/jornalofatual.ufsc.br\/index.php\/2024\/11\/30\/delas-summit-premia-mulheres-lideres-de-pequenas-empresas\/","title":{"rendered":"Delas Summit premia mulheres l\u00edderes de pequenas empresas"},"content":{"rendered":"\n<h4 class=\"wp-block-heading\"><strong><em>Evento do Sebrae em Florian\u00f3polis reuniu empres\u00e1rias de 27 estados<\/em><\/strong><\/h4>\n\n\n\n<div style=\"height:32px\" aria-hidden=\"true\" class=\"wp-block-spacer\"><\/div>\n\n\n\n<p><strong>SAMARAH SUSIE<\/strong><\/p>\n\n\n\n<p>O <em>Dellas Summit 2024,<\/em> realizado pelo Servi\u00e7o Brasileiro de Apoio \u00e0s Micro e Pequenas Empresas (Sebrae) em parceria com o governo federal, convidou empreendedoras e l\u00edderes femininas para a cerim\u00f4nia do pr\u00eamio Sebrae Mulher de Neg\u00f3cios. O evento reuniu, nos dias 21 e 22 de novembro, 4,5 mil participantes e 150 expositores de pequenas empresas de 27 estados lideradas por mulheres. Entre as palestrantes, estavam Mari Maria, Nath Finan\u00e7as e Fl\u00e1via Alessandra.<\/p>\n\n\n\n<p>A cerim\u00f4nia premiou empreendedoras em cinco categorias: Microempreendedora Individual, Produtora Rural, Pequenos Neg\u00f3cios, Neg\u00f3cios Internacionais e Ci\u00eancia e Tecnologia .<\/p>\n\n\n\n<p>D\u00e9bora de Souza Medeiros foi a ganhadora da categoria Microempreendedora Individual e \u00e9 dona da empresa Caixas, Noivas &amp; Cia. D\u00e9bora come\u00e7ou com a reutiliza\u00e7\u00e3o de caixas de leite para fazer artesanatos e ter uma nova fonte de renda para criar seus tr\u00eas filhos. Atualmente seus produtos s\u00e3o vendidos para todo o pa\u00eds e no exterior. \u201cEstar aqui sendo reconhecida prova que uma necessidade se tornou um sonho. Nossa hist\u00f3ria pode sim inspirar outras mulheres\u201d, afirmou D\u00e9bora ao receber o pr\u00eamio.<\/p>\n\n\n\n<figure class=\"wp-block-image size-full is-resized\"><img fetchpriority=\"high\" decoding=\"async\" width=\"697\" height=\"387\" src=\"https:\/\/jornalofatual.ufsc.br\/wp-content\/uploads\/2024\/12\/image3.png\" alt=\"\" class=\"wp-image-2046\" style=\"width:840px;height:auto\" srcset=\"https:\/\/jornalofatual.ufsc.br\/wp-content\/uploads\/2024\/12\/image3.png 697w, https:\/\/jornalofatual.ufsc.br\/wp-content\/uploads\/2024\/12\/image3-300x167.png 300w\" sizes=\"(max-width: 697px) 100vw, 697px\" \/><figcaption class=\"wp-element-caption\">Premia\u00e7\u00e3o de D\u00e9bora Souza para categoria Microempreendedora Individual. <em>Foto: \u00c9rica Souza<\/em><\/figcaption><\/figure>\n\n\n\n<p>A pequena empresa Amarella Natural Beauty, de produtos para cuidado da pele, esteve presente em um dos expositores do evento e ficou em 2\u00b0 lugar na premia\u00e7\u00e3o Mulheres de Neg\u00f3cios do Rio Grande do Sul. \u201cCome\u00e7amos em 2019 do zero, quando s\u00f3 tinha espa\u00e7o para imagina\u00e7\u00e3o. Estar aqui agora \u00e9 muito gratificante, \u00e9 uma honra ser reconhecida num evento como esse que \u00e9 t\u00e3o importante para inspirar novas empreendedoras\u201d, afirmou Lizandra Almeida, fundadora da Amarella.<\/p>\n\n\n\n<figure class=\"wp-block-image size-full\"><img decoding=\"async\" width=\"1200\" height=\"1013\" src=\"https:\/\/jornalofatual.ufsc.br\/wp-content\/uploads\/2024\/12\/image1-5.jpg\" alt=\"\" class=\"wp-image-2048\" srcset=\"https:\/\/jornalofatual.ufsc.br\/wp-content\/uploads\/2024\/12\/image1-5.jpg 1200w, https:\/\/jornalofatual.ufsc.br\/wp-content\/uploads\/2024\/12\/image1-5-300x253.jpg 300w, https:\/\/jornalofatual.ufsc.br\/wp-content\/uploads\/2024\/12\/image1-5-768x648.jpg 768w\" sizes=\"(max-width: 1200px) 100vw, 1200px\" \/><figcaption class=\"wp-element-caption\">Premia\u00e7\u00e3o do Delas Summit 2024. <em>Foto: Samarah Susie<\/em><\/figcaption><\/figure>\n\n\n\n<p><\/p>\n","protected":false},"excerpt":{"rendered":"<p>Evento do Sebrae em Florian\u00f3polis reuniu empres\u00e1rias de 27 estados SAMARAH SUSIE O Dellas Summit 2024, realizado pelo Servi\u00e7o Brasileiro de Apoio \u00e0s Micro e Pequenas Empresas (Sebrae) em parceria com o governo federal, convidou empreendedoras e l\u00edderes femininas para a cerim\u00f4nia do pr\u00eamio Sebrae Mulher de Neg\u00f3cios. O evento reuniu, nos dias 21 e [&hellip;]<\/p>\n","protected":false},"author":1,"featured_media":2048,"comment_status":"open","ping_status":"open","sticky":false,"template":"","format":"standard","meta":{"footnotes":""},"categories":[145,19],"tags":[],"class_list":["post-2045","post","type-post","status-publish","format-standard","has-post-thumbnail","hentry","category-cotidiano","category-noticias"],"yoast_head":"<!-- This site is optimized with the Yoast SEO plugin v22.9 - https:\/\/yoast.com\/wordpress\/plugins\/seo\/ -->\n<title>Delas Summit premia mulheres l\u00edderes de pequenas empresas - O Fatual<\/title>\n<meta name=\"robots\" content=\"index, follow, max-snippet:-1, max-image-preview:large, max-video-preview:-1\" \/>\n<link rel=\"canonical\" href=\"https:\/\/jornalofatual.ufsc.br\/index.php\/2024\/11\/30\/delas-summit-premia-mulheres-lideres-de-pequenas-empresas\/\" \/>\n<meta property=\"og:locale\" content=\"pt_BR\" \/>\n<meta property=\"og:type\" content=\"article\" \/>\n<meta property=\"og:title\" content=\"Delas Summit premia mulheres l\u00edderes de pequenas empresas - O Fatual\" \/>\n<meta property=\"og:description\" content=\"Evento do Sebrae em Florian\u00f3polis reuniu empres\u00e1rias de 27 estados SAMARAH SUSIE O Dellas Summit 2024, realizado pelo Servi\u00e7o Brasileiro de Apoio \u00e0s Micro e Pequenas Empresas (Sebrae) em parceria com o governo federal, convidou empreendedoras e l\u00edderes femininas para a cerim\u00f4nia do pr\u00eamio Sebrae Mulher de Neg\u00f3cios. O evento reuniu, nos dias 21 e [&hellip;]\" \/>\n<meta property=\"og:url\" content=\"https:\/\/jornalofatual.ufsc.br\/index.php\/2024\/11\/30\/delas-summit-premia-mulheres-lideres-de-pequenas-empresas\/\" \/>\n<meta property=\"og:site_name\" content=\"O Fatual\" \/>\n<meta property=\"article:published_time\" content=\"2024-11-30T21:01:36+00:00\" \/>\n<meta property=\"article:modified_time\" content=\"2024-12-20T21:07:38+00:00\" \/>\n<meta property=\"og:image\" content=\"http:\/\/jornalofatual.ufsc.br\/wp-content\/uploads\/2024\/12\/image1-5.jpg\" \/>\n\t<meta property=\"og:image:width\" content=\"1200\" \/>\n\t<meta property=\"og:image:height\" content=\"1013\" \/>\n\t<meta property=\"og:image:type\" content=\"image\/jpeg\" \/>\n<meta name=\"author\" content=\"O Fatual UFSC\" \/>\n<meta name=\"twitter:card\" content=\"summary_large_image\" \/>\n<meta name=\"twitter:label1\" content=\"Escrito por\" \/>\n\t<meta name=\"twitter:data1\" content=\"O Fatual UFSC\" \/>\n\t<meta name=\"twitter:label2\" content=\"Est. tempo de leitura\" \/>\n\t<meta name=\"twitter:data2\" content=\"3 minutos\" \/>\n<script type=\"application\/ld+json\" class=\"yoast-schema-graph\">{\"@context\":\"https:\/\/schema.org\",\"@graph\":[{\"@type\":\"WebPage\",\"@id\":\"https:\/\/jornalofatual.ufsc.br\/index.php\/2024\/11\/30\/delas-summit-premia-mulheres-lideres-de-pequenas-empresas\/\",\"url\":\"https:\/\/jornalofatual.ufsc.br\/index.php\/2024\/11\/30\/delas-summit-premia-mulheres-lideres-de-pequenas-empresas\/\",\"name\":\"Delas Summit premia mulheres l\u00edderes de pequenas empresas - O Fatual\",\"isPartOf\":{\"@id\":\"https:\/\/jornalofatual.ufsc.br\/#website\"},\"primaryImageOfPage\":{\"@id\":\"https:\/\/jornalofatual.ufsc.br\/index.php\/2024\/11\/30\/delas-summit-premia-mulheres-lideres-de-pequenas-empresas\/#primaryimage\"},\"image\":{\"@id\":\"https:\/\/jornalofatual.ufsc.br\/index.php\/2024\/11\/30\/delas-summit-premia-mulheres-lideres-de-pequenas-empresas\/#primaryimage\"},\"thumbnailUrl\":\"https:\/\/jornalofatual.ufsc.br\/wp-content\/uploads\/2024\/12\/image1-5.jpg\",\"datePublished\":\"2024-11-30T21:01:36+00:00\",\"dateModified\":\"2024-12-20T21:07:38+00:00\",\"author\":{\"@id\":\"https:\/\/jornalofatual.ufsc.br\/#\/schema\/person\/7c4da290bbeac2ab587bf3bd9b2796c5\"},\"breadcrumb\":{\"@id\":\"https:\/\/jornalofatual.ufsc.br\/index.php\/2024\/11\/30\/delas-summit-premia-mulheres-lideres-de-pequenas-empresas\/#breadcrumb\"},\"inLanguage\":\"pt-BR\",\"potentialAction\":[{\"@type\":\"ReadAction\",\"target\":[\"https:\/\/jornalofatual.ufsc.br\/index.php\/2024\/11\/30\/delas-summit-premia-mulheres-lideres-de-pequenas-empresas\/\"]}]},{\"@type\":\"ImageObject\",\"inLanguage\":\"pt-BR\",\"@id\":\"https:\/\/jornalofatual.ufsc.br\/index.php\/2024\/11\/30\/delas-summit-premia-mulheres-lideres-de-pequenas-empresas\/#primaryimage\",\"url\":\"https:\/\/jornalofatual.ufsc.br\/wp-content\/uploads\/2024\/12\/image1-5.jpg\",\"contentUrl\":\"https:\/\/jornalofatual.ufsc.br\/wp-content\/uploads\/2024\/12\/image1-5.jpg\",\"width\":1200,\"height\":1013},{\"@type\":\"BreadcrumbList\",\"@id\":\"https:\/\/jornalofatual.ufsc.br\/index.php\/2024\/11\/30\/delas-summit-premia-mulheres-lideres-de-pequenas-empresas\/#breadcrumb\",\"itemListElement\":[{\"@type\":\"ListItem\",\"position\":1,\"name\":\"In\u00edcio\",\"item\":\"https:\/\/jornalofatual.ufsc.br\/\"},{\"@type\":\"ListItem\",\"position\":2,\"name\":\"Delas Summit premia mulheres l\u00edderes de pequenas empresas\"}]},{\"@type\":\"WebSite\",\"@id\":\"https:\/\/jornalofatual.ufsc.br\/#website\",\"url\":\"https:\/\/jornalofatual.ufsc.br\/\",\"name\":\"O Fatual\",\"description\":\"Jornalismo UFSC\",\"potentialAction\":[{\"@type\":\"SearchAction\",\"target\":{\"@type\":\"EntryPoint\",\"urlTemplate\":\"https:\/\/jornalofatual.ufsc.br\/?s={search_term_string}\"},\"query-input\":\"required name=search_term_string\"}],\"inLanguage\":\"pt-BR\"},{\"@type\":\"Person\",\"@id\":\"https:\/\/jornalofatual.ufsc.br\/#\/schema\/person\/7c4da290bbeac2ab587bf3bd9b2796c5\",\"name\":\"O Fatual UFSC\",\"image\":{\"@type\":\"ImageObject\",\"inLanguage\":\"pt-BR\",\"@id\":\"https:\/\/jornalofatual.ufsc.br\/#\/schema\/person\/image\/\",\"url\":\"https:\/\/secure.gravatar.com\/avatar\/77a2965911ca4aaeddc636b7e775b7bb05b7e4b5d5ad85a27d016b6a781b2b04?s=96&d=mm&r=g\",\"contentUrl\":\"https:\/\/secure.gravatar.com\/avatar\/77a2965911ca4aaeddc636b7e775b7bb05b7e4b5d5ad85a27d016b6a781b2b04?s=96&d=mm&r=g\",\"caption\":\"O Fatual UFSC\"},\"sameAs\":[\"https:\/\/jornalofatual.ufsc.br\",\"https:\/\/www.instagram.com\/jornalofatual\/\"],\"url\":\"https:\/\/jornalofatual.ufsc.br\/index.php\/author\/jornalofactualgmail-com\/\"}]}<\/script>\n<!-- \/ Yoast SEO plugin. -->","yoast_head_json":{"title":"Delas Summit premia mulheres l\u00edderes de pequenas empresas - O Fatual","robots":{"index":"index","follow":"follow","max-snippet":"max-snippet:-1","max-image-preview":"max-image-preview:large","max-video-preview":"max-video-preview:-1"},"canonical":"https:\/\/jornalofatual.ufsc.br\/index.php\/2024\/11\/30\/delas-summit-premia-mulheres-lideres-de-pequenas-empresas\/","og_locale":"pt_BR","og_type":"article","og_title":"Delas Summit premia mulheres l\u00edderes de pequenas empresas - O Fatual","og_description":"Evento do Sebrae em Florian\u00f3polis reuniu empres\u00e1rias de 27 estados SAMARAH SUSIE O Dellas Summit 2024, realizado pelo Servi\u00e7o Brasileiro de Apoio \u00e0s Micro e Pequenas Empresas (Sebrae) em parceria com o governo federal, convidou empreendedoras e l\u00edderes femininas para a cerim\u00f4nia do pr\u00eamio Sebrae Mulher de Neg\u00f3cios. O evento reuniu, nos dias 21 e [&hellip;]","og_url":"https:\/\/jornalofatual.ufsc.br\/index.php\/2024\/11\/30\/delas-summit-premia-mulheres-lideres-de-pequenas-empresas\/","og_site_name":"O Fatual","article_published_time":"2024-11-30T21:01:36+00:00","article_modified_time":"2024-12-20T21:07:38+00:00","og_image":[{"width":1200,"height":1013,"url":"http:\/\/jornalofatual.ufsc.br\/wp-content\/uploads\/2024\/12\/image1-5.jpg","type":"image\/jpeg"}],"author":"O Fatual UFSC","twitter_card":"summary_large_image","twitter_misc":{"Escrito por":"O Fatual UFSC","Est. tempo de leitura":"3 minutos"},"schema":{"@context":"https:\/\/schema.org","@graph":[{"@type":"WebPage","@id":"https:\/\/jornalofatual.ufsc.br\/index.php\/2024\/11\/30\/delas-summit-premia-mulheres-lideres-de-pequenas-empresas\/","url":"https:\/\/jornalofatual.ufsc.br\/index.php\/2024\/11\/30\/delas-summit-premia-mulheres-lideres-de-pequenas-empresas\/","name":"Delas Summit premia mulheres l\u00edderes de pequenas empresas - O Fatual","isPartOf":{"@id":"https:\/\/jornalofatual.ufsc.br\/#website"},"primaryImageOfPage":{"@id":"https:\/\/jornalofatual.ufsc.br\/index.php\/2024\/11\/30\/delas-summit-premia-mulheres-lideres-de-pequenas-empresas\/#primaryimage"},"image":{"@id":"https:\/\/jornalofatual.ufsc.br\/index.php\/2024\/11\/30\/delas-summit-premia-mulheres-lideres-de-pequenas-empresas\/#primaryimage"},"thumbnailUrl":"https:\/\/jornalofatual.ufsc.br\/wp-content\/uploads\/2024\/12\/image1-5.jpg","datePublished":"2024-11-30T21:01:36+00:00","dateModified":"2024-12-20T21:07:38+00:00","author":{"@id":"https:\/\/jornalofatual.ufsc.br\/#\/schema\/person\/7c4da290bbeac2ab587bf3bd9b2796c5"},"breadcrumb":{"@id":"https:\/\/jornalofatual.ufsc.br\/index.php\/2024\/11\/30\/delas-summit-premia-mulheres-lideres-de-pequenas-empresas\/#breadcrumb"},"inLanguage":"pt-BR","potentialAction":[{"@type":"ReadAction","target":["https:\/\/jornalofatual.ufsc.br\/index.php\/2024\/11\/30\/delas-summit-premia-mulheres-lideres-de-pequenas-empresas\/"]}]},{"@type":"ImageObject","inLanguage":"pt-BR","@id":"https:\/\/jornalofatual.ufsc.br\/index.php\/2024\/11\/30\/delas-summit-premia-mulheres-lideres-de-pequenas-empresas\/#primaryimage","url":"https:\/\/jornalofatual.ufsc.br\/wp-content\/uploads\/2024\/12\/image1-5.jpg","contentUrl":"https:\/\/jornalofatual.ufsc.br\/wp-content\/uploads\/2024\/12\/image1-5.jpg","width":1200,"height":1013},{"@type":"BreadcrumbList","@id":"https:\/\/jornalofatual.ufsc.br\/index.php\/2024\/11\/30\/delas-summit-premia-mulheres-lideres-de-pequenas-empresas\/#breadcrumb","itemListElement":[{"@type":"ListItem","position":1,"name":"In\u00edcio","item":"https:\/\/jornalofatual.ufsc.br\/"},{"@type":"ListItem","position":2,"name":"Delas Summit premia mulheres l\u00edderes de pequenas empresas"}]},{"@type":"WebSite","@id":"https:\/\/jornalofatual.ufsc.br\/#website","url":"https:\/\/jornalofatual.ufsc.br\/","name":"O Fatual","description":"Jornalismo UFSC","potentialAction":[{"@type":"SearchAction","target":{"@type":"EntryPoint","urlTemplate":"https:\/\/jornalofatual.ufsc.br\/?s={search_term_string}"},"query-input":"required name=search_term_string"}],"inLanguage":"pt-BR"},{"@type":"Person","@id":"https:\/\/jornalofatual.ufsc.br\/#\/schema\/person\/7c4da290bbeac2ab587bf3bd9b2796c5","name":"O Fatual UFSC","image":{"@type":"ImageObject","inLanguage":"pt-BR","@id":"https:\/\/jornalofatual.ufsc.br\/#\/schema\/person\/image\/","url":"https:\/\/secure.gravatar.com\/avatar\/77a2965911ca4aaeddc636b7e775b7bb05b7e4b5d5ad85a27d016b6a781b2b04?s=96&d=mm&r=g","contentUrl":"https:\/\/secure.gravatar.com\/avatar\/77a2965911ca4aaeddc636b7e775b7bb05b7e4b5d5ad85a27d016b6a781b2b04?s=96&d=mm&r=g","caption":"O Fatual UFSC"},"sameAs":["https:\/\/jornalofatual.ufsc.br","https:\/\/www.instagram.com\/jornalofatual\/"],"url":"https:\/\/jornalofatual.ufsc.br\/index.php\/author\/jornalofactualgmail-com\/"}]}},"_links":{"self":[{"href":"https:\/\/jornalofatual.ufsc.br\/index.php\/wp-json\/wp\/v2\/posts\/2045","targetHints":{"allow":["GET"]}}],"collection":[{"href":"https:\/\/jornalofatual.ufsc.br\/index.php\/wp-json\/wp\/v2\/posts"}],"about":[{"href":"https:\/\/jornalofatual.ufsc.br\/index.php\/wp-json\/wp\/v2\/types\/post"}],"author":[{"embeddable":true,"href":"https:\/\/jornalofatual.ufsc.br\/index.php\/wp-json\/wp\/v2\/users\/1"}],"replies":[{"embeddable":true,"href":"https:\/\/jornalofatual.ufsc.br\/index.php\/wp-json\/wp\/v2\/comments?post=2045"}],"version-history":[{"count":1,"href":"https:\/\/jornalofatual.ufsc.br\/index.php\/wp-json\/wp\/v2\/posts\/2045\/revisions"}],"predecessor-version":[{"id":2049,"href":"https:\/\/jornalofatual.ufsc.br\/index.php\/wp-json\/wp\/v2\/posts\/2045\/revisions\/2049"}],"wp:featuredmedia":[{"embeddable":true,"href":"https:\/\/jornalofatual.ufsc.br\/index.php\/wp-json\/wp\/v2\/media\/2048"}],"wp:attachment":[{"href":"https:\/\/jornalofatual.ufsc.br\/index.php\/wp-json\/wp\/v2\/media?parent=2045"}],"wp:term":[{"taxonomy":"category","embeddable":true,"href":"https:\/\/jornalofatual.ufsc.br\/index.php\/wp-json\/wp\/v2\/categories?post=2045"},{"taxonomy":"post_tag","embeddable":true,"href":"https:\/\/jornalofatual.ufsc.br\/index.php\/wp-json\/wp\/v2\/tags?post=2045"}],"curies":[{"name":"wp","href":"https:\/\/api.w.org\/{rel}","templated":true}]}}