{"id":2023,"date":"2024-11-22T14:45:04","date_gmt":"2024-11-22T17:45:04","guid":{"rendered":"https:\/\/jornalofatual.ufsc.br\/?p=2023"},"modified":"2024-12-05T14:51:58","modified_gmt":"2024-12-05T17:51:58","slug":"exposicao-de-artes-valoriza-talento-e-promove-integracao-entre-servidores-da-ufsc","status":"publish","type":"post","link":"https:\/\/jornalofatual.ufsc.br\/index.php\/2024\/11\/22\/exposicao-de-artes-valoriza-talento-e-promove-integracao-entre-servidores-da-ufsc\/","title":{"rendered":"Exposi\u00e7\u00e3o de artes valoriza talento e promove integra\u00e7\u00e3o entre servidores da UFSC"},"content":{"rendered":"\n<h4 class=\"wp-block-heading\"><strong><em>Mostra re\u00fane 53 obras de professores e t\u00e9cnicos-administrativos e estar\u00e1 aberta para visita\u00e7\u00e3o at\u00e9 28 de novembro<\/em><\/strong><\/h4>\n\n\n\n<div style=\"height:0px\" aria-hidden=\"true\" class=\"wp-block-spacer\"><\/div>\n\n\n\n<div style=\"height:32px\" aria-hidden=\"true\" class=\"wp-block-spacer\"><\/div>\n\n\n\n<p><strong>RAISSA H\u00dcBNER<\/strong><\/p>\n\n\n\n<figure class=\"wp-block-image size-large\"><img fetchpriority=\"high\" decoding=\"async\" width=\"1200\" height=\"900\" src=\"https:\/\/jornalofatual.ufsc.br\/wp-content\/uploads\/2024\/12\/image1-2-1200x900.jpg\" alt=\"\" class=\"wp-image-2024\" srcset=\"https:\/\/jornalofatual.ufsc.br\/wp-content\/uploads\/2024\/12\/image1-2-1200x900.jpg 1200w, https:\/\/jornalofatual.ufsc.br\/wp-content\/uploads\/2024\/12\/image1-2-300x225.jpg 300w, https:\/\/jornalofatual.ufsc.br\/wp-content\/uploads\/2024\/12\/image1-2-768x576.jpg 768w, https:\/\/jornalofatual.ufsc.br\/wp-content\/uploads\/2024\/12\/image1-2-1536x1153.jpg 1536w, https:\/\/jornalofatual.ufsc.br\/wp-content\/uploads\/2024\/12\/image1-2.jpg 1999w\" sizes=\"(max-width: 1200px) 100vw, 1200px\" \/><figcaption class=\"wp-element-caption\">Mostra re\u00fane obras de servidores artistas em comemora\u00e7\u00e3o ao Dia do Servidor P\u00fablico. <em>Foto: Raissa H\u00fcbner.<\/em><\/figcaption><\/figure>\n\n\n\n<p>A 32\u00aa Exposi\u00e7\u00e3o de Artes Visuais dos Servidores da Universidade Federal de Santa Catarina (UFSC) celebra o talento art\u00edstico dos trabalhadores que, al\u00e9m de suas fun\u00e7\u00f5es profissionais, se dedicam \u00e0 arte como forma de express\u00e3o e pr\u00e1tica criativa. A mostra \u00e9 gratuita e pode ser visitada at\u00e9 28 de novembro no <em>Hall<\/em> da Reitoria I, no campus Trindade, em Florian\u00f3polis.<\/p>\n\n\n\n<p>Com 40 anos de hist\u00f3ria, a exposi\u00e7\u00e3o destaca a relev\u00e2ncia da arte como meio de express\u00e3o e integra\u00e7\u00e3o dentro da comunidade universit\u00e1ria. \u201cTem gente que n\u00e3o participa porque n\u00e3o se considera artista, mas a exposi\u00e7\u00e3o n\u00e3o tem car\u00e1ter profissional. \u00c9 para celebrar e valorizar as obras dos servidores\u201d, explica Am\u00edcia Martins, coordenadora da Galeria de Arte da UFSC e respons\u00e1vel pela mostra.<\/p>\n\n\n\n<p>Nesta edi\u00e7\u00e3o, est\u00e3o expostas 53 obras, entre pinturas e esculturas, produzidas entre 2019 e 2024, que refletem o impacto criativo do per\u00edodo da pandemia. Am\u00edcia diz que houve uma mudan\u00e7a significativa no perfil dos participantes. Antes, a maioria dos artistas eram aposentados. Agora, mais de 60% s\u00e3o servidores ativos, o que demonstra como o isolamento social despertou a percep\u00e7\u00e3o de que a arte \u00e9 lazer e contribui para a sa\u00fade mental.<\/p>\n\n\n\n<figure class=\"wp-block-image size-large\"><img decoding=\"async\" width=\"1200\" height=\"797\" src=\"https:\/\/jornalofatual.ufsc.br\/wp-content\/uploads\/2024\/12\/image3-1-1200x797.jpg\" alt=\"\" class=\"wp-image-2025\" srcset=\"https:\/\/jornalofatual.ufsc.br\/wp-content\/uploads\/2024\/12\/image3-1-1200x797.jpg 1200w, https:\/\/jornalofatual.ufsc.br\/wp-content\/uploads\/2024\/12\/image3-1-300x199.jpg 300w, https:\/\/jornalofatual.ufsc.br\/wp-content\/uploads\/2024\/12\/image3-1-768x510.jpg 768w, https:\/\/jornalofatual.ufsc.br\/wp-content\/uploads\/2024\/12\/image3-1-1536x1020.jpg 1536w, https:\/\/jornalofatual.ufsc.br\/wp-content\/uploads\/2024\/12\/image3-1.jpg 1999w\" sizes=\"(max-width: 1200px) 100vw, 1200px\" \/><figcaption class=\"wp-element-caption\">Obras expostas mostram diversidade de estilos e t\u00e9cnicas. <em>Foto: Raissa H\u00fcbner.<\/em><\/figcaption><\/figure>\n\n\n\n<p>Bruna Orihuela, t\u00e9cnico-administrativa h\u00e1 um ano, est\u00e1 expondo pela primeira vez seus trabalhos em cer\u00e2mica e quis participar para se inserir em espa\u00e7os de troca com outros artistas. \u201cS\u00e3o espa\u00e7os fundamentais dentro da universidade, pois a arte tem um papel social importante como forma de integra\u00e7\u00e3o entre os servidores\u201d, avalia.<\/p>\n\n\n\n<p>J\u00e1 o professor aposentado M\u00e1rio C\u00e9sar Coelho \u00e9 veterano no evento. Agora dedicado exclusivamente ao trabalho art\u00edstico, ele destaca a diversidade dos participantes. \u201cS\u00e3o artistas de diferentes centros e forma\u00e7\u00f5es que t\u00eam uma liga\u00e7\u00e3o em comum, a arte\u201d, diz.<\/p>\n\n\n\n<p>Apesar da tradi\u00e7\u00e3o do evento, os participantes expressam indigna\u00e7\u00e3o com a falta de um espa\u00e7o espec\u00edfico para exposi\u00e7\u00f5es na UFSC. Antes a mostra era realizada na Galeria de Artes do Centro de Conviv\u00eancia, atualmente em desuso. \u201c\u00c9 fundamental para uma universidade ter uma galeria de arte com estrutura adequada, incluindo ilumina\u00e7\u00e3o, paredes apropriadas e um acervo t\u00e9cnico\u201d, ressalta M\u00e1rio C\u00e9sar.<\/p>\n\n\n\n<p>A exposi\u00e7\u00e3o faz parte das celebra\u00e7\u00f5es do Dia do Servidor P\u00fablico, comemorado em 28 de outubro.<\/p>\n\n\n\n<figure class=\"wp-block-image size-large\"><img decoding=\"async\" width=\"1200\" height=\"900\" src=\"https:\/\/jornalofatual.ufsc.br\/wp-content\/uploads\/2024\/12\/image2-1-1200x900.jpg\" alt=\"\" class=\"wp-image-2026\" srcset=\"https:\/\/jornalofatual.ufsc.br\/wp-content\/uploads\/2024\/12\/image2-1-1200x900.jpg 1200w, https:\/\/jornalofatual.ufsc.br\/wp-content\/uploads\/2024\/12\/image2-1-300x225.jpg 300w, https:\/\/jornalofatual.ufsc.br\/wp-content\/uploads\/2024\/12\/image2-1-768x576.jpg 768w, https:\/\/jornalofatual.ufsc.br\/wp-content\/uploads\/2024\/12\/image2-1-1536x1153.jpg 1536w, https:\/\/jornalofatual.ufsc.br\/wp-content\/uploads\/2024\/12\/image2-1.jpg 1999w\" sizes=\"(max-width: 1200px) 100vw, 1200px\" \/><figcaption class=\"wp-element-caption\">Am\u00edcia Martins tamb\u00e9m participou da exposi\u00e7\u00e3o com fotografias do Departamento Art\u00edstico e Cultural, o DAC, que passou por uma importante reforma recentemente. <em>Foto: Raissa H\u00fcbner.<\/em><\/figcaption><\/figure>\n\n\n\n<p><\/p>\n","protected":false},"excerpt":{"rendered":"<p>Mostra re\u00fane 53 obras de professores e t\u00e9cnicos-administrativos e estar\u00e1 aberta para visita\u00e7\u00e3o at\u00e9 28 de novembro RAISSA H\u00dcBNER A 32\u00aa Exposi\u00e7\u00e3o de Artes Visuais dos Servidores da Universidade Federal de Santa Catarina (UFSC) celebra o talento art\u00edstico dos trabalhadores que, al\u00e9m de suas fun\u00e7\u00f5es profissionais, se dedicam \u00e0 arte como forma de express\u00e3o e [&hellip;]<\/p>\n","protected":false},"author":1,"featured_media":2024,"comment_status":"open","ping_status":"open","sticky":false,"template":"","format":"standard","meta":{"footnotes":""},"categories":[111,19,22],"tags":[],"class_list":["post-2023","post","type-post","status-publish","format-standard","has-post-thumbnail","hentry","category-cultura","category-noticias","category-ufsc"],"yoast_head":"<!-- This site is optimized with the Yoast SEO plugin v22.9 - https:\/\/yoast.com\/wordpress\/plugins\/seo\/ -->\n<title>Exposi\u00e7\u00e3o de artes valoriza talento e promove integra\u00e7\u00e3o entre servidores da UFSC - O Fatual<\/title>\n<meta name=\"robots\" content=\"index, follow, max-snippet:-1, max-image-preview:large, max-video-preview:-1\" \/>\n<link rel=\"canonical\" href=\"https:\/\/jornalofatual.ufsc.br\/index.php\/2024\/11\/22\/exposicao-de-artes-valoriza-talento-e-promove-integracao-entre-servidores-da-ufsc\/\" \/>\n<meta property=\"og:locale\" content=\"pt_BR\" \/>\n<meta property=\"og:type\" content=\"article\" \/>\n<meta property=\"og:title\" content=\"Exposi\u00e7\u00e3o de artes valoriza talento e promove integra\u00e7\u00e3o entre servidores da UFSC - O Fatual\" \/>\n<meta property=\"og:description\" content=\"Mostra re\u00fane 53 obras de professores e t\u00e9cnicos-administrativos e estar\u00e1 aberta para visita\u00e7\u00e3o at\u00e9 28 de novembro RAISSA H\u00dcBNER A 32\u00aa Exposi\u00e7\u00e3o de Artes Visuais dos Servidores da Universidade Federal de Santa Catarina (UFSC) celebra o talento art\u00edstico dos trabalhadores que, al\u00e9m de suas fun\u00e7\u00f5es profissionais, se dedicam \u00e0 arte como forma de express\u00e3o e [&hellip;]\" \/>\n<meta property=\"og:url\" content=\"https:\/\/jornalofatual.ufsc.br\/index.php\/2024\/11\/22\/exposicao-de-artes-valoriza-talento-e-promove-integracao-entre-servidores-da-ufsc\/\" \/>\n<meta property=\"og:site_name\" content=\"O Fatual\" \/>\n<meta property=\"article:published_time\" content=\"2024-11-22T17:45:04+00:00\" \/>\n<meta property=\"article:modified_time\" content=\"2024-12-05T17:51:58+00:00\" \/>\n<meta property=\"og:image\" content=\"http:\/\/jornalofatual.ufsc.br\/wp-content\/uploads\/2024\/12\/image1-2.jpg\" \/>\n\t<meta property=\"og:image:width\" content=\"1999\" \/>\n\t<meta property=\"og:image:height\" content=\"1500\" \/>\n\t<meta property=\"og:image:type\" content=\"image\/jpeg\" \/>\n<meta name=\"author\" content=\"O Fatual UFSC\" \/>\n<meta name=\"twitter:card\" content=\"summary_large_image\" \/>\n<meta name=\"twitter:label1\" content=\"Escrito por\" \/>\n\t<meta name=\"twitter:data1\" content=\"O Fatual UFSC\" \/>\n\t<meta name=\"twitter:label2\" content=\"Est. tempo de leitura\" \/>\n\t<meta name=\"twitter:data2\" content=\"4 minutos\" \/>\n<script type=\"application\/ld+json\" class=\"yoast-schema-graph\">{\"@context\":\"https:\/\/schema.org\",\"@graph\":[{\"@type\":\"WebPage\",\"@id\":\"https:\/\/jornalofatual.ufsc.br\/index.php\/2024\/11\/22\/exposicao-de-artes-valoriza-talento-e-promove-integracao-entre-servidores-da-ufsc\/\",\"url\":\"https:\/\/jornalofatual.ufsc.br\/index.php\/2024\/11\/22\/exposicao-de-artes-valoriza-talento-e-promove-integracao-entre-servidores-da-ufsc\/\",\"name\":\"Exposi\u00e7\u00e3o de artes valoriza talento e promove integra\u00e7\u00e3o entre servidores da UFSC - O Fatual\",\"isPartOf\":{\"@id\":\"https:\/\/jornalofatual.ufsc.br\/#website\"},\"primaryImageOfPage\":{\"@id\":\"https:\/\/jornalofatual.ufsc.br\/index.php\/2024\/11\/22\/exposicao-de-artes-valoriza-talento-e-promove-integracao-entre-servidores-da-ufsc\/#primaryimage\"},\"image\":{\"@id\":\"https:\/\/jornalofatual.ufsc.br\/index.php\/2024\/11\/22\/exposicao-de-artes-valoriza-talento-e-promove-integracao-entre-servidores-da-ufsc\/#primaryimage\"},\"thumbnailUrl\":\"https:\/\/jornalofatual.ufsc.br\/wp-content\/uploads\/2024\/12\/image1-2.jpg\",\"datePublished\":\"2024-11-22T17:45:04+00:00\",\"dateModified\":\"2024-12-05T17:51:58+00:00\",\"author\":{\"@id\":\"https:\/\/jornalofatual.ufsc.br\/#\/schema\/person\/7c4da290bbeac2ab587bf3bd9b2796c5\"},\"breadcrumb\":{\"@id\":\"https:\/\/jornalofatual.ufsc.br\/index.php\/2024\/11\/22\/exposicao-de-artes-valoriza-talento-e-promove-integracao-entre-servidores-da-ufsc\/#breadcrumb\"},\"inLanguage\":\"pt-BR\",\"potentialAction\":[{\"@type\":\"ReadAction\",\"target\":[\"https:\/\/jornalofatual.ufsc.br\/index.php\/2024\/11\/22\/exposicao-de-artes-valoriza-talento-e-promove-integracao-entre-servidores-da-ufsc\/\"]}]},{\"@type\":\"ImageObject\",\"inLanguage\":\"pt-BR\",\"@id\":\"https:\/\/jornalofatual.ufsc.br\/index.php\/2024\/11\/22\/exposicao-de-artes-valoriza-talento-e-promove-integracao-entre-servidores-da-ufsc\/#primaryimage\",\"url\":\"https:\/\/jornalofatual.ufsc.br\/wp-content\/uploads\/2024\/12\/image1-2.jpg\",\"contentUrl\":\"https:\/\/jornalofatual.ufsc.br\/wp-content\/uploads\/2024\/12\/image1-2.jpg\",\"width\":1999,\"height\":1500},{\"@type\":\"BreadcrumbList\",\"@id\":\"https:\/\/jornalofatual.ufsc.br\/index.php\/2024\/11\/22\/exposicao-de-artes-valoriza-talento-e-promove-integracao-entre-servidores-da-ufsc\/#breadcrumb\",\"itemListElement\":[{\"@type\":\"ListItem\",\"position\":1,\"name\":\"In\u00edcio\",\"item\":\"https:\/\/jornalofatual.ufsc.br\/\"},{\"@type\":\"ListItem\",\"position\":2,\"name\":\"Exposi\u00e7\u00e3o de artes valoriza talento e promove integra\u00e7\u00e3o entre servidores da UFSC\"}]},{\"@type\":\"WebSite\",\"@id\":\"https:\/\/jornalofatual.ufsc.br\/#website\",\"url\":\"https:\/\/jornalofatual.ufsc.br\/\",\"name\":\"O Fatual\",\"description\":\"Jornalismo UFSC\",\"potentialAction\":[{\"@type\":\"SearchAction\",\"target\":{\"@type\":\"EntryPoint\",\"urlTemplate\":\"https:\/\/jornalofatual.ufsc.br\/?s={search_term_string}\"},\"query-input\":\"required name=search_term_string\"}],\"inLanguage\":\"pt-BR\"},{\"@type\":\"Person\",\"@id\":\"https:\/\/jornalofatual.ufsc.br\/#\/schema\/person\/7c4da290bbeac2ab587bf3bd9b2796c5\",\"name\":\"O Fatual UFSC\",\"image\":{\"@type\":\"ImageObject\",\"inLanguage\":\"pt-BR\",\"@id\":\"https:\/\/jornalofatual.ufsc.br\/#\/schema\/person\/image\/\",\"url\":\"https:\/\/secure.gravatar.com\/avatar\/77a2965911ca4aaeddc636b7e775b7bb05b7e4b5d5ad85a27d016b6a781b2b04?s=96&d=mm&r=g\",\"contentUrl\":\"https:\/\/secure.gravatar.com\/avatar\/77a2965911ca4aaeddc636b7e775b7bb05b7e4b5d5ad85a27d016b6a781b2b04?s=96&d=mm&r=g\",\"caption\":\"O Fatual UFSC\"},\"sameAs\":[\"https:\/\/jornalofatual.ufsc.br\",\"https:\/\/www.instagram.com\/jornalofatual\/\"],\"url\":\"https:\/\/jornalofatual.ufsc.br\/index.php\/author\/jornalofactualgmail-com\/\"}]}<\/script>\n<!-- \/ Yoast SEO plugin. -->","yoast_head_json":{"title":"Exposi\u00e7\u00e3o de artes valoriza talento e promove integra\u00e7\u00e3o entre servidores da UFSC - O Fatual","robots":{"index":"index","follow":"follow","max-snippet":"max-snippet:-1","max-image-preview":"max-image-preview:large","max-video-preview":"max-video-preview:-1"},"canonical":"https:\/\/jornalofatual.ufsc.br\/index.php\/2024\/11\/22\/exposicao-de-artes-valoriza-talento-e-promove-integracao-entre-servidores-da-ufsc\/","og_locale":"pt_BR","og_type":"article","og_title":"Exposi\u00e7\u00e3o de artes valoriza talento e promove integra\u00e7\u00e3o entre servidores da UFSC - O Fatual","og_description":"Mostra re\u00fane 53 obras de professores e t\u00e9cnicos-administrativos e estar\u00e1 aberta para visita\u00e7\u00e3o at\u00e9 28 de novembro RAISSA H\u00dcBNER A 32\u00aa Exposi\u00e7\u00e3o de Artes Visuais dos Servidores da Universidade Federal de Santa Catarina (UFSC) celebra o talento art\u00edstico dos trabalhadores que, al\u00e9m de suas fun\u00e7\u00f5es profissionais, se dedicam \u00e0 arte como forma de express\u00e3o e [&hellip;]","og_url":"https:\/\/jornalofatual.ufsc.br\/index.php\/2024\/11\/22\/exposicao-de-artes-valoriza-talento-e-promove-integracao-entre-servidores-da-ufsc\/","og_site_name":"O Fatual","article_published_time":"2024-11-22T17:45:04+00:00","article_modified_time":"2024-12-05T17:51:58+00:00","og_image":[{"width":1999,"height":1500,"url":"http:\/\/jornalofatual.ufsc.br\/wp-content\/uploads\/2024\/12\/image1-2.jpg","type":"image\/jpeg"}],"author":"O Fatual UFSC","twitter_card":"summary_large_image","twitter_misc":{"Escrito por":"O Fatual UFSC","Est. tempo de leitura":"4 minutos"},"schema":{"@context":"https:\/\/schema.org","@graph":[{"@type":"WebPage","@id":"https:\/\/jornalofatual.ufsc.br\/index.php\/2024\/11\/22\/exposicao-de-artes-valoriza-talento-e-promove-integracao-entre-servidores-da-ufsc\/","url":"https:\/\/jornalofatual.ufsc.br\/index.php\/2024\/11\/22\/exposicao-de-artes-valoriza-talento-e-promove-integracao-entre-servidores-da-ufsc\/","name":"Exposi\u00e7\u00e3o de artes valoriza talento e promove integra\u00e7\u00e3o entre servidores da UFSC - O Fatual","isPartOf":{"@id":"https:\/\/jornalofatual.ufsc.br\/#website"},"primaryImageOfPage":{"@id":"https:\/\/jornalofatual.ufsc.br\/index.php\/2024\/11\/22\/exposicao-de-artes-valoriza-talento-e-promove-integracao-entre-servidores-da-ufsc\/#primaryimage"},"image":{"@id":"https:\/\/jornalofatual.ufsc.br\/index.php\/2024\/11\/22\/exposicao-de-artes-valoriza-talento-e-promove-integracao-entre-servidores-da-ufsc\/#primaryimage"},"thumbnailUrl":"https:\/\/jornalofatual.ufsc.br\/wp-content\/uploads\/2024\/12\/image1-2.jpg","datePublished":"2024-11-22T17:45:04+00:00","dateModified":"2024-12-05T17:51:58+00:00","author":{"@id":"https:\/\/jornalofatual.ufsc.br\/#\/schema\/person\/7c4da290bbeac2ab587bf3bd9b2796c5"},"breadcrumb":{"@id":"https:\/\/jornalofatual.ufsc.br\/index.php\/2024\/11\/22\/exposicao-de-artes-valoriza-talento-e-promove-integracao-entre-servidores-da-ufsc\/#breadcrumb"},"inLanguage":"pt-BR","potentialAction":[{"@type":"ReadAction","target":["https:\/\/jornalofatual.ufsc.br\/index.php\/2024\/11\/22\/exposicao-de-artes-valoriza-talento-e-promove-integracao-entre-servidores-da-ufsc\/"]}]},{"@type":"ImageObject","inLanguage":"pt-BR","@id":"https:\/\/jornalofatual.ufsc.br\/index.php\/2024\/11\/22\/exposicao-de-artes-valoriza-talento-e-promove-integracao-entre-servidores-da-ufsc\/#primaryimage","url":"https:\/\/jornalofatual.ufsc.br\/wp-content\/uploads\/2024\/12\/image1-2.jpg","contentUrl":"https:\/\/jornalofatual.ufsc.br\/wp-content\/uploads\/2024\/12\/image1-2.jpg","width":1999,"height":1500},{"@type":"BreadcrumbList","@id":"https:\/\/jornalofatual.ufsc.br\/index.php\/2024\/11\/22\/exposicao-de-artes-valoriza-talento-e-promove-integracao-entre-servidores-da-ufsc\/#breadcrumb","itemListElement":[{"@type":"ListItem","position":1,"name":"In\u00edcio","item":"https:\/\/jornalofatual.ufsc.br\/"},{"@type":"ListItem","position":2,"name":"Exposi\u00e7\u00e3o de artes valoriza talento e promove integra\u00e7\u00e3o entre servidores da UFSC"}]},{"@type":"WebSite","@id":"https:\/\/jornalofatual.ufsc.br\/#website","url":"https:\/\/jornalofatual.ufsc.br\/","name":"O Fatual","description":"Jornalismo UFSC","potentialAction":[{"@type":"SearchAction","target":{"@type":"EntryPoint","urlTemplate":"https:\/\/jornalofatual.ufsc.br\/?s={search_term_string}"},"query-input":"required name=search_term_string"}],"inLanguage":"pt-BR"},{"@type":"Person","@id":"https:\/\/jornalofatual.ufsc.br\/#\/schema\/person\/7c4da290bbeac2ab587bf3bd9b2796c5","name":"O Fatual UFSC","image":{"@type":"ImageObject","inLanguage":"pt-BR","@id":"https:\/\/jornalofatual.ufsc.br\/#\/schema\/person\/image\/","url":"https:\/\/secure.gravatar.com\/avatar\/77a2965911ca4aaeddc636b7e775b7bb05b7e4b5d5ad85a27d016b6a781b2b04?s=96&d=mm&r=g","contentUrl":"https:\/\/secure.gravatar.com\/avatar\/77a2965911ca4aaeddc636b7e775b7bb05b7e4b5d5ad85a27d016b6a781b2b04?s=96&d=mm&r=g","caption":"O Fatual UFSC"},"sameAs":["https:\/\/jornalofatual.ufsc.br","https:\/\/www.instagram.com\/jornalofatual\/"],"url":"https:\/\/jornalofatual.ufsc.br\/index.php\/author\/jornalofactualgmail-com\/"}]}},"_links":{"self":[{"href":"https:\/\/jornalofatual.ufsc.br\/index.php\/wp-json\/wp\/v2\/posts\/2023","targetHints":{"allow":["GET"]}}],"collection":[{"href":"https:\/\/jornalofatual.ufsc.br\/index.php\/wp-json\/wp\/v2\/posts"}],"about":[{"href":"https:\/\/jornalofatual.ufsc.br\/index.php\/wp-json\/wp\/v2\/types\/post"}],"author":[{"embeddable":true,"href":"https:\/\/jornalofatual.ufsc.br\/index.php\/wp-json\/wp\/v2\/users\/1"}],"replies":[{"embeddable":true,"href":"https:\/\/jornalofatual.ufsc.br\/index.php\/wp-json\/wp\/v2\/comments?post=2023"}],"version-history":[{"count":1,"href":"https:\/\/jornalofatual.ufsc.br\/index.php\/wp-json\/wp\/v2\/posts\/2023\/revisions"}],"predecessor-version":[{"id":2027,"href":"https:\/\/jornalofatual.ufsc.br\/index.php\/wp-json\/wp\/v2\/posts\/2023\/revisions\/2027"}],"wp:featuredmedia":[{"embeddable":true,"href":"https:\/\/jornalofatual.ufsc.br\/index.php\/wp-json\/wp\/v2\/media\/2024"}],"wp:attachment":[{"href":"https:\/\/jornalofatual.ufsc.br\/index.php\/wp-json\/wp\/v2\/media?parent=2023"}],"wp:term":[{"taxonomy":"category","embeddable":true,"href":"https:\/\/jornalofatual.ufsc.br\/index.php\/wp-json\/wp\/v2\/categories?post=2023"},{"taxonomy":"post_tag","embeddable":true,"href":"https:\/\/jornalofatual.ufsc.br\/index.php\/wp-json\/wp\/v2\/tags?post=2023"}],"curies":[{"name":"wp","href":"https:\/\/api.w.org\/{rel}","templated":true}]}}