{"id":1959,"date":"2024-10-31T11:59:24","date_gmt":"2024-10-31T14:59:24","guid":{"rendered":"https:\/\/jornalofatual.ufsc.br\/?p=1959"},"modified":"2024-10-31T12:00:34","modified_gmt":"2024-10-31T15:00:34","slug":"a-margem-da-ilha-loucos-pecadores-e-criminosos","status":"publish","type":"post","link":"https:\/\/jornalofatual.ufsc.br\/index.php\/2024\/10\/31\/a-margem-da-ilha-loucos-pecadores-e-criminosos\/","title":{"rendered":"\u00c0 margem da ilha: loucos, pecadores e criminosos?"},"content":{"rendered":"\n<h2 class=\"wp-block-heading\">As pol\u00edticas p\u00fablicas para usu\u00e1rios de drogas em Florian\u00f3polis<\/h2>\n\n\n\n<figure class=\"wp-block-embed is-type-rich is-provider-soundcloud wp-block-embed-soundcloud\"><div class=\"wp-block-embed__wrapper\">\n<iframe title=\"\u00c0 margem da ilha: loucos, pecadores e criminosos? by Nathaly Bittencourt\" width=\"640\" height=\"400\" scrolling=\"no\" frameborder=\"no\" src=\"https:\/\/w.soundcloud.com\/player\/?visual=true&#038;url=https%3A%2F%2Fapi.soundcloud.com%2Ftracks%2F1946329287&#038;show_artwork=true&#038;maxheight=960&#038;maxwidth=640\"><\/iframe>\n<\/div><figcaption class=\"wp-element-caption\">O programa &#8220;\u00c0 margem da ilha: loucos, pecadores e criminosos? As pol\u00edticas p\u00fablicas para usu\u00e1rios de drogas em Florian\u00f3polis&#8221; foi produzido como trabalho final para a disciplina de Estado, Pol\u00edticas P\u00fablicas e de Comunica\u00e7\u00e3o, do primeiro semestre de 2024, do curso de Jornalismo da Universidade Federal de Santa Catarina. M\u00fasicas de Legi\u00e3o Urbana, Gilberto Gil e The Animals. \u00c1udios de Bom Dia SC, Balan\u00e7o Geral e Fant\u00e1stico. Roteiro, edi\u00e7\u00e3o e locu\u00e7\u00e3o por Fernanda Zwirtes e Nathaly Bittencourt. Orienta\u00e7\u00e3o t\u00e9cnica de Crizan Izauro.<\/figcaption><\/figure>\n\n\n\n<p><\/p>\n","protected":false},"excerpt":{"rendered":"<p>As pol\u00edticas p\u00fablicas para usu\u00e1rios de drogas em Florian\u00f3polis<\/p>\n","protected":false},"author":1,"featured_media":1960,"comment_status":"open","ping_status":"open","sticky":false,"template":"","format":"standard","meta":{"footnotes":""},"categories":[146],"tags":[],"class_list":["post-1959","post","type-post","status-publish","format-standard","has-post-thumbnail","hentry","category-podcasts"],"yoast_head":"<!-- This site is optimized with the Yoast SEO plugin v22.9 - https:\/\/yoast.com\/wordpress\/plugins\/seo\/ -->\n<title>\u00c0 margem da ilha: loucos, pecadores e criminosos? - O Fatual<\/title>\n<meta name=\"robots\" content=\"index, follow, max-snippet:-1, max-image-preview:large, max-video-preview:-1\" \/>\n<link rel=\"canonical\" href=\"https:\/\/jornalofatual.ufsc.br\/index.php\/2024\/10\/31\/a-margem-da-ilha-loucos-pecadores-e-criminosos\/\" \/>\n<meta property=\"og:locale\" content=\"pt_BR\" \/>\n<meta property=\"og:type\" content=\"article\" \/>\n<meta property=\"og:title\" content=\"\u00c0 margem da ilha: loucos, pecadores e criminosos? - O Fatual\" \/>\n<meta property=\"og:description\" content=\"As pol\u00edticas p\u00fablicas para usu\u00e1rios de drogas em Florian\u00f3polis\" \/>\n<meta property=\"og:url\" content=\"https:\/\/jornalofatual.ufsc.br\/index.php\/2024\/10\/31\/a-margem-da-ilha-loucos-pecadores-e-criminosos\/\" \/>\n<meta property=\"og:site_name\" content=\"O Fatual\" \/>\n<meta property=\"article:published_time\" content=\"2024-10-31T14:59:24+00:00\" \/>\n<meta property=\"article:modified_time\" content=\"2024-10-31T15:00:34+00:00\" \/>\n<meta property=\"og:image\" content=\"http:\/\/jornalofatual.ufsc.br\/wp-content\/uploads\/2024\/10\/Texto-do-seu-paragrafo.png\" \/>\n\t<meta property=\"og:image:width\" content=\"640\" \/>\n\t<meta property=\"og:image:height\" content=\"640\" \/>\n\t<meta property=\"og:image:type\" content=\"image\/png\" \/>\n<meta name=\"author\" content=\"O Fatual UFSC\" \/>\n<meta name=\"twitter:card\" content=\"summary_large_image\" \/>\n<meta name=\"twitter:label1\" content=\"Escrito por\" \/>\n\t<meta name=\"twitter:data1\" content=\"O Fatual UFSC\" \/>\n\t<meta name=\"twitter:label2\" content=\"Est. tempo de leitura\" \/>\n\t<meta name=\"twitter:data2\" content=\"1 minuto\" \/>\n<script type=\"application\/ld+json\" class=\"yoast-schema-graph\">{\"@context\":\"https:\/\/schema.org\",\"@graph\":[{\"@type\":\"WebPage\",\"@id\":\"https:\/\/jornalofatual.ufsc.br\/index.php\/2024\/10\/31\/a-margem-da-ilha-loucos-pecadores-e-criminosos\/\",\"url\":\"https:\/\/jornalofatual.ufsc.br\/index.php\/2024\/10\/31\/a-margem-da-ilha-loucos-pecadores-e-criminosos\/\",\"name\":\"\u00c0 margem da ilha: loucos, pecadores e criminosos? - O Fatual\",\"isPartOf\":{\"@id\":\"https:\/\/jornalofatual.ufsc.br\/#website\"},\"primaryImageOfPage\":{\"@id\":\"https:\/\/jornalofatual.ufsc.br\/index.php\/2024\/10\/31\/a-margem-da-ilha-loucos-pecadores-e-criminosos\/#primaryimage\"},\"image\":{\"@id\":\"https:\/\/jornalofatual.ufsc.br\/index.php\/2024\/10\/31\/a-margem-da-ilha-loucos-pecadores-e-criminosos\/#primaryimage\"},\"thumbnailUrl\":\"https:\/\/jornalofatual.ufsc.br\/wp-content\/uploads\/2024\/10\/Texto-do-seu-paragrafo.png\",\"datePublished\":\"2024-10-31T14:59:24+00:00\",\"dateModified\":\"2024-10-31T15:00:34+00:00\",\"author\":{\"@id\":\"https:\/\/jornalofatual.ufsc.br\/#\/schema\/person\/7c4da290bbeac2ab587bf3bd9b2796c5\"},\"breadcrumb\":{\"@id\":\"https:\/\/jornalofatual.ufsc.br\/index.php\/2024\/10\/31\/a-margem-da-ilha-loucos-pecadores-e-criminosos\/#breadcrumb\"},\"inLanguage\":\"pt-BR\",\"potentialAction\":[{\"@type\":\"ReadAction\",\"target\":[\"https:\/\/jornalofatual.ufsc.br\/index.php\/2024\/10\/31\/a-margem-da-ilha-loucos-pecadores-e-criminosos\/\"]}]},{\"@type\":\"ImageObject\",\"inLanguage\":\"pt-BR\",\"@id\":\"https:\/\/jornalofatual.ufsc.br\/index.php\/2024\/10\/31\/a-margem-da-ilha-loucos-pecadores-e-criminosos\/#primaryimage\",\"url\":\"https:\/\/jornalofatual.ufsc.br\/wp-content\/uploads\/2024\/10\/Texto-do-seu-paragrafo.png\",\"contentUrl\":\"https:\/\/jornalofatual.ufsc.br\/wp-content\/uploads\/2024\/10\/Texto-do-seu-paragrafo.png\",\"width\":1080,\"height\":1080},{\"@type\":\"BreadcrumbList\",\"@id\":\"https:\/\/jornalofatual.ufsc.br\/index.php\/2024\/10\/31\/a-margem-da-ilha-loucos-pecadores-e-criminosos\/#breadcrumb\",\"itemListElement\":[{\"@type\":\"ListItem\",\"position\":1,\"name\":\"In\u00edcio\",\"item\":\"https:\/\/jornalofatual.ufsc.br\/\"},{\"@type\":\"ListItem\",\"position\":2,\"name\":\"\u00c0 margem da ilha: loucos, pecadores e criminosos?\"}]},{\"@type\":\"WebSite\",\"@id\":\"https:\/\/jornalofatual.ufsc.br\/#website\",\"url\":\"https:\/\/jornalofatual.ufsc.br\/\",\"name\":\"O Fatual\",\"description\":\"Jornalismo UFSC\",\"potentialAction\":[{\"@type\":\"SearchAction\",\"target\":{\"@type\":\"EntryPoint\",\"urlTemplate\":\"https:\/\/jornalofatual.ufsc.br\/?s={search_term_string}\"},\"query-input\":\"required name=search_term_string\"}],\"inLanguage\":\"pt-BR\"},{\"@type\":\"Person\",\"@id\":\"https:\/\/jornalofatual.ufsc.br\/#\/schema\/person\/7c4da290bbeac2ab587bf3bd9b2796c5\",\"name\":\"O Fatual UFSC\",\"image\":{\"@type\":\"ImageObject\",\"inLanguage\":\"pt-BR\",\"@id\":\"https:\/\/jornalofatual.ufsc.br\/#\/schema\/person\/image\/\",\"url\":\"https:\/\/secure.gravatar.com\/avatar\/77a2965911ca4aaeddc636b7e775b7bb05b7e4b5d5ad85a27d016b6a781b2b04?s=96&d=mm&r=g\",\"contentUrl\":\"https:\/\/secure.gravatar.com\/avatar\/77a2965911ca4aaeddc636b7e775b7bb05b7e4b5d5ad85a27d016b6a781b2b04?s=96&d=mm&r=g\",\"caption\":\"O Fatual UFSC\"},\"sameAs\":[\"https:\/\/jornalofatual.ufsc.br\",\"https:\/\/www.instagram.com\/jornalofatual\/\"],\"url\":\"https:\/\/jornalofatual.ufsc.br\/index.php\/author\/jornalofactualgmail-com\/\"}]}<\/script>\n<!-- \/ Yoast SEO plugin. -->","yoast_head_json":{"title":"\u00c0 margem da ilha: loucos, pecadores e criminosos? - O Fatual","robots":{"index":"index","follow":"follow","max-snippet":"max-snippet:-1","max-image-preview":"max-image-preview:large","max-video-preview":"max-video-preview:-1"},"canonical":"https:\/\/jornalofatual.ufsc.br\/index.php\/2024\/10\/31\/a-margem-da-ilha-loucos-pecadores-e-criminosos\/","og_locale":"pt_BR","og_type":"article","og_title":"\u00c0 margem da ilha: loucos, pecadores e criminosos? - O Fatual","og_description":"As pol\u00edticas p\u00fablicas para usu\u00e1rios de drogas em Florian\u00f3polis","og_url":"https:\/\/jornalofatual.ufsc.br\/index.php\/2024\/10\/31\/a-margem-da-ilha-loucos-pecadores-e-criminosos\/","og_site_name":"O Fatual","article_published_time":"2024-10-31T14:59:24+00:00","article_modified_time":"2024-10-31T15:00:34+00:00","og_image":[{"url":"http:\/\/jornalofatual.ufsc.br\/wp-content\/uploads\/2024\/10\/Texto-do-seu-paragrafo.png","width":640,"height":640,"type":"image\/png"}],"author":"O Fatual UFSC","twitter_card":"summary_large_image","twitter_misc":{"Escrito por":"O Fatual UFSC","Est. tempo de leitura":"1 minuto"},"schema":{"@context":"https:\/\/schema.org","@graph":[{"@type":"WebPage","@id":"https:\/\/jornalofatual.ufsc.br\/index.php\/2024\/10\/31\/a-margem-da-ilha-loucos-pecadores-e-criminosos\/","url":"https:\/\/jornalofatual.ufsc.br\/index.php\/2024\/10\/31\/a-margem-da-ilha-loucos-pecadores-e-criminosos\/","name":"\u00c0 margem da ilha: loucos, pecadores e criminosos? - O Fatual","isPartOf":{"@id":"https:\/\/jornalofatual.ufsc.br\/#website"},"primaryImageOfPage":{"@id":"https:\/\/jornalofatual.ufsc.br\/index.php\/2024\/10\/31\/a-margem-da-ilha-loucos-pecadores-e-criminosos\/#primaryimage"},"image":{"@id":"https:\/\/jornalofatual.ufsc.br\/index.php\/2024\/10\/31\/a-margem-da-ilha-loucos-pecadores-e-criminosos\/#primaryimage"},"thumbnailUrl":"https:\/\/jornalofatual.ufsc.br\/wp-content\/uploads\/2024\/10\/Texto-do-seu-paragrafo.png","datePublished":"2024-10-31T14:59:24+00:00","dateModified":"2024-10-31T15:00:34+00:00","author":{"@id":"https:\/\/jornalofatual.ufsc.br\/#\/schema\/person\/7c4da290bbeac2ab587bf3bd9b2796c5"},"breadcrumb":{"@id":"https:\/\/jornalofatual.ufsc.br\/index.php\/2024\/10\/31\/a-margem-da-ilha-loucos-pecadores-e-criminosos\/#breadcrumb"},"inLanguage":"pt-BR","potentialAction":[{"@type":"ReadAction","target":["https:\/\/jornalofatual.ufsc.br\/index.php\/2024\/10\/31\/a-margem-da-ilha-loucos-pecadores-e-criminosos\/"]}]},{"@type":"ImageObject","inLanguage":"pt-BR","@id":"https:\/\/jornalofatual.ufsc.br\/index.php\/2024\/10\/31\/a-margem-da-ilha-loucos-pecadores-e-criminosos\/#primaryimage","url":"https:\/\/jornalofatual.ufsc.br\/wp-content\/uploads\/2024\/10\/Texto-do-seu-paragrafo.png","contentUrl":"https:\/\/jornalofatual.ufsc.br\/wp-content\/uploads\/2024\/10\/Texto-do-seu-paragrafo.png","width":1080,"height":1080},{"@type":"BreadcrumbList","@id":"https:\/\/jornalofatual.ufsc.br\/index.php\/2024\/10\/31\/a-margem-da-ilha-loucos-pecadores-e-criminosos\/#breadcrumb","itemListElement":[{"@type":"ListItem","position":1,"name":"In\u00edcio","item":"https:\/\/jornalofatual.ufsc.br\/"},{"@type":"ListItem","position":2,"name":"\u00c0 margem da ilha: loucos, pecadores e criminosos?"}]},{"@type":"WebSite","@id":"https:\/\/jornalofatual.ufsc.br\/#website","url":"https:\/\/jornalofatual.ufsc.br\/","name":"O Fatual","description":"Jornalismo UFSC","potentialAction":[{"@type":"SearchAction","target":{"@type":"EntryPoint","urlTemplate":"https:\/\/jornalofatual.ufsc.br\/?s={search_term_string}"},"query-input":"required name=search_term_string"}],"inLanguage":"pt-BR"},{"@type":"Person","@id":"https:\/\/jornalofatual.ufsc.br\/#\/schema\/person\/7c4da290bbeac2ab587bf3bd9b2796c5","name":"O Fatual UFSC","image":{"@type":"ImageObject","inLanguage":"pt-BR","@id":"https:\/\/jornalofatual.ufsc.br\/#\/schema\/person\/image\/","url":"https:\/\/secure.gravatar.com\/avatar\/77a2965911ca4aaeddc636b7e775b7bb05b7e4b5d5ad85a27d016b6a781b2b04?s=96&d=mm&r=g","contentUrl":"https:\/\/secure.gravatar.com\/avatar\/77a2965911ca4aaeddc636b7e775b7bb05b7e4b5d5ad85a27d016b6a781b2b04?s=96&d=mm&r=g","caption":"O Fatual UFSC"},"sameAs":["https:\/\/jornalofatual.ufsc.br","https:\/\/www.instagram.com\/jornalofatual\/"],"url":"https:\/\/jornalofatual.ufsc.br\/index.php\/author\/jornalofactualgmail-com\/"}]}},"_links":{"self":[{"href":"https:\/\/jornalofatual.ufsc.br\/index.php\/wp-json\/wp\/v2\/posts\/1959","targetHints":{"allow":["GET"]}}],"collection":[{"href":"https:\/\/jornalofatual.ufsc.br\/index.php\/wp-json\/wp\/v2\/posts"}],"about":[{"href":"https:\/\/jornalofatual.ufsc.br\/index.php\/wp-json\/wp\/v2\/types\/post"}],"author":[{"embeddable":true,"href":"https:\/\/jornalofatual.ufsc.br\/index.php\/wp-json\/wp\/v2\/users\/1"}],"replies":[{"embeddable":true,"href":"https:\/\/jornalofatual.ufsc.br\/index.php\/wp-json\/wp\/v2\/comments?post=1959"}],"version-history":[{"count":2,"href":"https:\/\/jornalofatual.ufsc.br\/index.php\/wp-json\/wp\/v2\/posts\/1959\/revisions"}],"predecessor-version":[{"id":1962,"href":"https:\/\/jornalofatual.ufsc.br\/index.php\/wp-json\/wp\/v2\/posts\/1959\/revisions\/1962"}],"wp:featuredmedia":[{"embeddable":true,"href":"https:\/\/jornalofatual.ufsc.br\/index.php\/wp-json\/wp\/v2\/media\/1960"}],"wp:attachment":[{"href":"https:\/\/jornalofatual.ufsc.br\/index.php\/wp-json\/wp\/v2\/media?parent=1959"}],"wp:term":[{"taxonomy":"category","embeddable":true,"href":"https:\/\/jornalofatual.ufsc.br\/index.php\/wp-json\/wp\/v2\/categories?post=1959"},{"taxonomy":"post_tag","embeddable":true,"href":"https:\/\/jornalofatual.ufsc.br\/index.php\/wp-json\/wp\/v2\/tags?post=1959"}],"curies":[{"name":"wp","href":"https:\/\/api.w.org\/{rel}","templated":true}]}}