{"id":1927,"date":"2024-10-13T15:17:48","date_gmt":"2024-10-13T18:17:48","guid":{"rendered":"https:\/\/jornalofatual.ufsc.br\/?p=1927"},"modified":"2024-10-18T15:26:46","modified_gmt":"2024-10-18T18:26:46","slug":"nao-corre-menino-espetaculo-de-florianopolis-que-aborda-violencia-policial-a-jovens-negros-esteve-em-cartaz-no-rio-de-janeiro","status":"publish","type":"post","link":"https:\/\/jornalofatual.ufsc.br\/index.php\/2024\/10\/13\/nao-corre-menino-espetaculo-de-florianopolis-que-aborda-violencia-policial-a-jovens-negros-esteve-em-cartaz-no-rio-de-janeiro\/","title":{"rendered":"\u201cN\u00e3o Corre, Menino!\u201d espet\u00e1culo de Florian\u00f3polis que aborda viol\u00eancia policial a jovens negros esteve em cartaz no Rio de Janeiro"},"content":{"rendered":"\n<p><strong><em>Pe\u00e7a do grupo Cia Nosso Olhar conta a hist\u00f3ria de menino v\u00edtima de bala perdida e tem epis\u00f3dio ocorrido na inf\u00e2ncia do diretor como uma das fontes de inspira\u00e7\u00e3o<\/em><\/strong><\/p>\n\n\n\n<div style=\"height:32px\" aria-hidden=\"true\" class=\"wp-block-spacer\"><\/div>\n\n\n\n<p><strong>ANDR\u00c9 LUIS FARIAS<\/strong><\/p>\n\n\n\n<p>O espet\u00e1culo \u201cN\u00e3o Corre, Menino!\u201d denuncia a viol\u00eancia contra crian\u00e7as negras e perif\u00e9ricas no Brasil e faz uma cr\u00edtica ao racismo e \u00e0 viol\u00eancia desproporcional que \u00e9 utilizada pela pol\u00edcia nas periferias. A pe\u00e7a \u00e9 uma produ\u00e7\u00e3o do grupo teatral Cia Nosso Olhar, de Florian\u00f3polis, e esteve em cartaz no Rio de Janeiro, com uma temporada no Sesc Tijuca, de 5 a 29 de setembro.<\/p>\n\n\n\n<p>\u201cDesde que o Brasil existe, existe o genoc\u00eddio com os corpos negros\u201d, afirma Leandro Batz, dramaturgista e ator do espet\u00e1culo. O enredo conta a hist\u00f3ria real de Eduardo da Silva Santos, um menino de 11 anos v\u00edtima de bala perdida. O mon\u00f3logo explora o racismo no Brasil, onde a cada 12 minutos uma pessoa negra \u00e9 assassinada, e destaca a brutalidade enfrentada por crian\u00e7as negras e perif\u00e9ricas.<\/p>\n\n\n\n<p>Leandro compartilhou suas experi\u00eancias junto com seu irm\u00e3o e sua m\u00e3e quando crian\u00e7a. \u201cNum s\u00e1bado de manh\u00e3, faz\u00edamos compras eu, meu irm\u00e3o, minha m\u00e3e e uma tia. Precis\u00e1vamos ligar pro meu pai em um telefone p\u00fablico, e eu e meu irm\u00e3o corremos em dire\u00e7\u00e3o ao telefone. Uma viatura da pol\u00edcia militar apareceu no meio do cal\u00e7ad\u00e3o e jogou o carro em dire\u00e7\u00e3o ao meu irm\u00e3o, que foi jogado com os bra\u00e7os abertos em cima do cap\u00f4 do carro tendo uma arma apontada para sua cabe\u00e7a\u201d, afirmou.<\/p>\n\n\n\n<p>Os policiais justificaram a abordagem dizendo que estavam procurando uma pessoa que havia roubado uma loja, e o irm\u00e3o de Leandro vestia um casaco amarelo, a mesma cor descrita como da roupa do ladr\u00e3o.<\/p>\n\n\n\n<hr class=\"wp-block-separator has-alpha-channel-opacity\"\/>\n\n\n\n<h4 class=\"wp-block-heading\">\u201cPara a pol\u00edcia, menino preto correndo \u00e9 bandido\u201d, reflete Batz.<\/h4>\n\n\n\n<hr class=\"wp-block-separator has-alpha-channel-opacity\"\/>\n\n\n\n<p>O nome do espet\u00e1culo tamb\u00e9m \u00e9 relacionado a experi\u00eancias de sua inf\u00e2ncia, quando sua m\u00e3e falava para ele e seu irm\u00e3o a frase \u201cN\u00e3o corre, menino!\u201d.<\/p>\n\n\n\n<p>O ator explica a import\u00e2ncia de se apresentar no Rio de Janeiro, em um local onde as pessoas se sentiram representadas assistindo suas realidades. \u201cN\u00f3s fizemos apresenta\u00e7\u00f5es na zona norte do Rio de Janeiro, e foi incr\u00edvel, o teatro estava lotado, e \u00e9 muito legal ver as pessoas se sentindo impactadas, se identificando, vendo a sua realidade ali. E principalmente por um final que d\u00e1 esperan\u00e7a\u201d, afirma.<\/p>\n\n\n\n<p>Com exibi\u00e7\u00f5es de quinta a domingo, o espet\u00e1culo contou com 16 apresenta\u00e7\u00f5es e audi\u00eancia de celebridades como o ator Nando Cunha, e a presidenta da Funda\u00e7\u00e3o Nacional da Arte (Funarte), Maria Marighella. \u201cN\u00e3o corre menino\u201d surgiu durante a pandemia, com encontros para debate de temas raciais. A pe\u00e7a \u00e9 uma realiza\u00e7\u00e3o do coletivo teatral independente Cia Nosso Olhar, que aborda pesquisa e desenvolvimento da arte negra e da negritude em Florian\u00f3polis.<\/p>\n\n\n\n<figure class=\"wp-block-image size-full\"><img fetchpriority=\"high\" decoding=\"async\" width=\"888\" height=\"592\" src=\"https:\/\/jornalofatual.ufsc.br\/wp-content\/uploads\/2024\/10\/image1-2.png\" alt=\"\" class=\"wp-image-1929\" srcset=\"https:\/\/jornalofatual.ufsc.br\/wp-content\/uploads\/2024\/10\/image1-2.png 888w, https:\/\/jornalofatual.ufsc.br\/wp-content\/uploads\/2024\/10\/image1-2-300x200.png 300w, https:\/\/jornalofatual.ufsc.br\/wp-content\/uploads\/2024\/10\/image1-2-768x512.png 768w\" sizes=\"(max-width: 888px) 100vw, 888px\" \/><figcaption class=\"wp-element-caption\">Leandro Batz atuando em \u201cN\u00e3o Corre, Menino!\u201d<em>. Foto: Reprodu\u00e7\u00e3o Instagram \/ @cianossoolhar<\/em><\/figcaption><\/figure>\n\n\n\n<p><\/p>\n","protected":false},"excerpt":{"rendered":"<p>Pe\u00e7a do grupo Cia Nosso Olhar conta a hist\u00f3ria de menino v\u00edtima de bala perdida e tem epis\u00f3dio ocorrido na inf\u00e2ncia do diretor como uma das fontes de inspira\u00e7\u00e3o ANDR\u00c9 LUIS FARIAS O espet\u00e1culo \u201cN\u00e3o Corre, Menino!\u201d denuncia a viol\u00eancia contra crian\u00e7as negras e perif\u00e9ricas no Brasil e faz uma cr\u00edtica ao racismo e \u00e0 [&hellip;]<\/p>\n","protected":false},"author":1,"featured_media":1929,"comment_status":"open","ping_status":"open","sticky":false,"template":"","format":"standard","meta":{"footnotes":""},"categories":[111,19],"tags":[],"class_list":["post-1927","post","type-post","status-publish","format-standard","has-post-thumbnail","hentry","category-cultura","category-noticias"],"yoast_head":"<!-- This site is optimized with the Yoast SEO plugin v22.9 - https:\/\/yoast.com\/wordpress\/plugins\/seo\/ -->\n<title>\u201cN\u00e3o Corre, Menino!\u201d espet\u00e1culo de Florian\u00f3polis que aborda viol\u00eancia policial a jovens negros esteve em cartaz no Rio de Janeiro - O Fatual<\/title>\n<meta name=\"robots\" content=\"index, follow, max-snippet:-1, max-image-preview:large, max-video-preview:-1\" \/>\n<link rel=\"canonical\" href=\"https:\/\/jornalofatual.ufsc.br\/index.php\/2024\/10\/13\/nao-corre-menino-espetaculo-de-florianopolis-que-aborda-violencia-policial-a-jovens-negros-esteve-em-cartaz-no-rio-de-janeiro\/\" \/>\n<meta property=\"og:locale\" content=\"pt_BR\" \/>\n<meta property=\"og:type\" content=\"article\" \/>\n<meta property=\"og:title\" content=\"\u201cN\u00e3o Corre, Menino!\u201d espet\u00e1culo de Florian\u00f3polis que aborda viol\u00eancia policial a jovens negros esteve em cartaz no Rio de Janeiro - O Fatual\" \/>\n<meta property=\"og:description\" content=\"Pe\u00e7a do grupo Cia Nosso Olhar conta a hist\u00f3ria de menino v\u00edtima de bala perdida e tem epis\u00f3dio ocorrido na inf\u00e2ncia do diretor como uma das fontes de inspira\u00e7\u00e3o ANDR\u00c9 LUIS FARIAS O espet\u00e1culo \u201cN\u00e3o Corre, Menino!\u201d denuncia a viol\u00eancia contra crian\u00e7as negras e perif\u00e9ricas no Brasil e faz uma cr\u00edtica ao racismo e \u00e0 [&hellip;]\" \/>\n<meta property=\"og:url\" content=\"https:\/\/jornalofatual.ufsc.br\/index.php\/2024\/10\/13\/nao-corre-menino-espetaculo-de-florianopolis-que-aborda-violencia-policial-a-jovens-negros-esteve-em-cartaz-no-rio-de-janeiro\/\" \/>\n<meta property=\"og:site_name\" content=\"O Fatual\" \/>\n<meta property=\"article:published_time\" content=\"2024-10-13T18:17:48+00:00\" \/>\n<meta property=\"article:modified_time\" content=\"2024-10-18T18:26:46+00:00\" \/>\n<meta property=\"og:image\" content=\"http:\/\/jornalofatual.ufsc.br\/wp-content\/uploads\/2024\/10\/image1-2.png\" \/>\n\t<meta property=\"og:image:width\" content=\"888\" \/>\n\t<meta property=\"og:image:height\" content=\"592\" \/>\n\t<meta property=\"og:image:type\" content=\"image\/png\" \/>\n<meta name=\"author\" content=\"O Fatual UFSC\" \/>\n<meta name=\"twitter:card\" content=\"summary_large_image\" \/>\n<meta name=\"twitter:label1\" content=\"Escrito por\" \/>\n\t<meta name=\"twitter:data1\" content=\"O Fatual UFSC\" \/>\n\t<meta name=\"twitter:label2\" content=\"Est. tempo de leitura\" \/>\n\t<meta name=\"twitter:data2\" content=\"3 minutos\" \/>\n<script type=\"application\/ld+json\" class=\"yoast-schema-graph\">{\"@context\":\"https:\/\/schema.org\",\"@graph\":[{\"@type\":\"WebPage\",\"@id\":\"https:\/\/jornalofatual.ufsc.br\/index.php\/2024\/10\/13\/nao-corre-menino-espetaculo-de-florianopolis-que-aborda-violencia-policial-a-jovens-negros-esteve-em-cartaz-no-rio-de-janeiro\/\",\"url\":\"https:\/\/jornalofatual.ufsc.br\/index.php\/2024\/10\/13\/nao-corre-menino-espetaculo-de-florianopolis-que-aborda-violencia-policial-a-jovens-negros-esteve-em-cartaz-no-rio-de-janeiro\/\",\"name\":\"\u201cN\u00e3o Corre, Menino!\u201d espet\u00e1culo de Florian\u00f3polis que aborda viol\u00eancia policial a jovens negros esteve em cartaz no Rio de Janeiro - O Fatual\",\"isPartOf\":{\"@id\":\"https:\/\/jornalofatual.ufsc.br\/#website\"},\"primaryImageOfPage\":{\"@id\":\"https:\/\/jornalofatual.ufsc.br\/index.php\/2024\/10\/13\/nao-corre-menino-espetaculo-de-florianopolis-que-aborda-violencia-policial-a-jovens-negros-esteve-em-cartaz-no-rio-de-janeiro\/#primaryimage\"},\"image\":{\"@id\":\"https:\/\/jornalofatual.ufsc.br\/index.php\/2024\/10\/13\/nao-corre-menino-espetaculo-de-florianopolis-que-aborda-violencia-policial-a-jovens-negros-esteve-em-cartaz-no-rio-de-janeiro\/#primaryimage\"},\"thumbnailUrl\":\"https:\/\/jornalofatual.ufsc.br\/wp-content\/uploads\/2024\/10\/image1-2.png\",\"datePublished\":\"2024-10-13T18:17:48+00:00\",\"dateModified\":\"2024-10-18T18:26:46+00:00\",\"author\":{\"@id\":\"https:\/\/jornalofatual.ufsc.br\/#\/schema\/person\/7c4da290bbeac2ab587bf3bd9b2796c5\"},\"breadcrumb\":{\"@id\":\"https:\/\/jornalofatual.ufsc.br\/index.php\/2024\/10\/13\/nao-corre-menino-espetaculo-de-florianopolis-que-aborda-violencia-policial-a-jovens-negros-esteve-em-cartaz-no-rio-de-janeiro\/#breadcrumb\"},\"inLanguage\":\"pt-BR\",\"potentialAction\":[{\"@type\":\"ReadAction\",\"target\":[\"https:\/\/jornalofatual.ufsc.br\/index.php\/2024\/10\/13\/nao-corre-menino-espetaculo-de-florianopolis-que-aborda-violencia-policial-a-jovens-negros-esteve-em-cartaz-no-rio-de-janeiro\/\"]}]},{\"@type\":\"ImageObject\",\"inLanguage\":\"pt-BR\",\"@id\":\"https:\/\/jornalofatual.ufsc.br\/index.php\/2024\/10\/13\/nao-corre-menino-espetaculo-de-florianopolis-que-aborda-violencia-policial-a-jovens-negros-esteve-em-cartaz-no-rio-de-janeiro\/#primaryimage\",\"url\":\"https:\/\/jornalofatual.ufsc.br\/wp-content\/uploads\/2024\/10\/image1-2.png\",\"contentUrl\":\"https:\/\/jornalofatual.ufsc.br\/wp-content\/uploads\/2024\/10\/image1-2.png\",\"width\":888,\"height\":592},{\"@type\":\"BreadcrumbList\",\"@id\":\"https:\/\/jornalofatual.ufsc.br\/index.php\/2024\/10\/13\/nao-corre-menino-espetaculo-de-florianopolis-que-aborda-violencia-policial-a-jovens-negros-esteve-em-cartaz-no-rio-de-janeiro\/#breadcrumb\",\"itemListElement\":[{\"@type\":\"ListItem\",\"position\":1,\"name\":\"In\u00edcio\",\"item\":\"https:\/\/jornalofatual.ufsc.br\/\"},{\"@type\":\"ListItem\",\"position\":2,\"name\":\"\u201cN\u00e3o Corre, Menino!\u201d espet\u00e1culo de Florian\u00f3polis que aborda viol\u00eancia policial a jovens negros esteve em cartaz no Rio de Janeiro\"}]},{\"@type\":\"WebSite\",\"@id\":\"https:\/\/jornalofatual.ufsc.br\/#website\",\"url\":\"https:\/\/jornalofatual.ufsc.br\/\",\"name\":\"O Fatual\",\"description\":\"Jornalismo UFSC\",\"potentialAction\":[{\"@type\":\"SearchAction\",\"target\":{\"@type\":\"EntryPoint\",\"urlTemplate\":\"https:\/\/jornalofatual.ufsc.br\/?s={search_term_string}\"},\"query-input\":\"required name=search_term_string\"}],\"inLanguage\":\"pt-BR\"},{\"@type\":\"Person\",\"@id\":\"https:\/\/jornalofatual.ufsc.br\/#\/schema\/person\/7c4da290bbeac2ab587bf3bd9b2796c5\",\"name\":\"O Fatual UFSC\",\"image\":{\"@type\":\"ImageObject\",\"inLanguage\":\"pt-BR\",\"@id\":\"https:\/\/jornalofatual.ufsc.br\/#\/schema\/person\/image\/\",\"url\":\"https:\/\/secure.gravatar.com\/avatar\/77a2965911ca4aaeddc636b7e775b7bb05b7e4b5d5ad85a27d016b6a781b2b04?s=96&d=mm&r=g\",\"contentUrl\":\"https:\/\/secure.gravatar.com\/avatar\/77a2965911ca4aaeddc636b7e775b7bb05b7e4b5d5ad85a27d016b6a781b2b04?s=96&d=mm&r=g\",\"caption\":\"O Fatual UFSC\"},\"sameAs\":[\"https:\/\/jornalofatual.ufsc.br\",\"https:\/\/www.instagram.com\/jornalofatual\/\"],\"url\":\"https:\/\/jornalofatual.ufsc.br\/index.php\/author\/jornalofactualgmail-com\/\"}]}<\/script>\n<!-- \/ Yoast SEO plugin. -->","yoast_head_json":{"title":"\u201cN\u00e3o Corre, Menino!\u201d espet\u00e1culo de Florian\u00f3polis que aborda viol\u00eancia policial a jovens negros esteve em cartaz no Rio de Janeiro - O Fatual","robots":{"index":"index","follow":"follow","max-snippet":"max-snippet:-1","max-image-preview":"max-image-preview:large","max-video-preview":"max-video-preview:-1"},"canonical":"https:\/\/jornalofatual.ufsc.br\/index.php\/2024\/10\/13\/nao-corre-menino-espetaculo-de-florianopolis-que-aborda-violencia-policial-a-jovens-negros-esteve-em-cartaz-no-rio-de-janeiro\/","og_locale":"pt_BR","og_type":"article","og_title":"\u201cN\u00e3o Corre, Menino!\u201d espet\u00e1culo de Florian\u00f3polis que aborda viol\u00eancia policial a jovens negros esteve em cartaz no Rio de Janeiro - O Fatual","og_description":"Pe\u00e7a do grupo Cia Nosso Olhar conta a hist\u00f3ria de menino v\u00edtima de bala perdida e tem epis\u00f3dio ocorrido na inf\u00e2ncia do diretor como uma das fontes de inspira\u00e7\u00e3o ANDR\u00c9 LUIS FARIAS O espet\u00e1culo \u201cN\u00e3o Corre, Menino!\u201d denuncia a viol\u00eancia contra crian\u00e7as negras e perif\u00e9ricas no Brasil e faz uma cr\u00edtica ao racismo e \u00e0 [&hellip;]","og_url":"https:\/\/jornalofatual.ufsc.br\/index.php\/2024\/10\/13\/nao-corre-menino-espetaculo-de-florianopolis-que-aborda-violencia-policial-a-jovens-negros-esteve-em-cartaz-no-rio-de-janeiro\/","og_site_name":"O Fatual","article_published_time":"2024-10-13T18:17:48+00:00","article_modified_time":"2024-10-18T18:26:46+00:00","og_image":[{"width":888,"height":592,"url":"http:\/\/jornalofatual.ufsc.br\/wp-content\/uploads\/2024\/10\/image1-2.png","type":"image\/png"}],"author":"O Fatual UFSC","twitter_card":"summary_large_image","twitter_misc":{"Escrito por":"O Fatual UFSC","Est. tempo de leitura":"3 minutos"},"schema":{"@context":"https:\/\/schema.org","@graph":[{"@type":"WebPage","@id":"https:\/\/jornalofatual.ufsc.br\/index.php\/2024\/10\/13\/nao-corre-menino-espetaculo-de-florianopolis-que-aborda-violencia-policial-a-jovens-negros-esteve-em-cartaz-no-rio-de-janeiro\/","url":"https:\/\/jornalofatual.ufsc.br\/index.php\/2024\/10\/13\/nao-corre-menino-espetaculo-de-florianopolis-que-aborda-violencia-policial-a-jovens-negros-esteve-em-cartaz-no-rio-de-janeiro\/","name":"\u201cN\u00e3o Corre, Menino!\u201d espet\u00e1culo de Florian\u00f3polis que aborda viol\u00eancia policial a jovens negros esteve em cartaz no Rio de Janeiro - O Fatual","isPartOf":{"@id":"https:\/\/jornalofatual.ufsc.br\/#website"},"primaryImageOfPage":{"@id":"https:\/\/jornalofatual.ufsc.br\/index.php\/2024\/10\/13\/nao-corre-menino-espetaculo-de-florianopolis-que-aborda-violencia-policial-a-jovens-negros-esteve-em-cartaz-no-rio-de-janeiro\/#primaryimage"},"image":{"@id":"https:\/\/jornalofatual.ufsc.br\/index.php\/2024\/10\/13\/nao-corre-menino-espetaculo-de-florianopolis-que-aborda-violencia-policial-a-jovens-negros-esteve-em-cartaz-no-rio-de-janeiro\/#primaryimage"},"thumbnailUrl":"https:\/\/jornalofatual.ufsc.br\/wp-content\/uploads\/2024\/10\/image1-2.png","datePublished":"2024-10-13T18:17:48+00:00","dateModified":"2024-10-18T18:26:46+00:00","author":{"@id":"https:\/\/jornalofatual.ufsc.br\/#\/schema\/person\/7c4da290bbeac2ab587bf3bd9b2796c5"},"breadcrumb":{"@id":"https:\/\/jornalofatual.ufsc.br\/index.php\/2024\/10\/13\/nao-corre-menino-espetaculo-de-florianopolis-que-aborda-violencia-policial-a-jovens-negros-esteve-em-cartaz-no-rio-de-janeiro\/#breadcrumb"},"inLanguage":"pt-BR","potentialAction":[{"@type":"ReadAction","target":["https:\/\/jornalofatual.ufsc.br\/index.php\/2024\/10\/13\/nao-corre-menino-espetaculo-de-florianopolis-que-aborda-violencia-policial-a-jovens-negros-esteve-em-cartaz-no-rio-de-janeiro\/"]}]},{"@type":"ImageObject","inLanguage":"pt-BR","@id":"https:\/\/jornalofatual.ufsc.br\/index.php\/2024\/10\/13\/nao-corre-menino-espetaculo-de-florianopolis-que-aborda-violencia-policial-a-jovens-negros-esteve-em-cartaz-no-rio-de-janeiro\/#primaryimage","url":"https:\/\/jornalofatual.ufsc.br\/wp-content\/uploads\/2024\/10\/image1-2.png","contentUrl":"https:\/\/jornalofatual.ufsc.br\/wp-content\/uploads\/2024\/10\/image1-2.png","width":888,"height":592},{"@type":"BreadcrumbList","@id":"https:\/\/jornalofatual.ufsc.br\/index.php\/2024\/10\/13\/nao-corre-menino-espetaculo-de-florianopolis-que-aborda-violencia-policial-a-jovens-negros-esteve-em-cartaz-no-rio-de-janeiro\/#breadcrumb","itemListElement":[{"@type":"ListItem","position":1,"name":"In\u00edcio","item":"https:\/\/jornalofatual.ufsc.br\/"},{"@type":"ListItem","position":2,"name":"\u201cN\u00e3o Corre, Menino!\u201d espet\u00e1culo de Florian\u00f3polis que aborda viol\u00eancia policial a jovens negros esteve em cartaz no Rio de Janeiro"}]},{"@type":"WebSite","@id":"https:\/\/jornalofatual.ufsc.br\/#website","url":"https:\/\/jornalofatual.ufsc.br\/","name":"O Fatual","description":"Jornalismo UFSC","potentialAction":[{"@type":"SearchAction","target":{"@type":"EntryPoint","urlTemplate":"https:\/\/jornalofatual.ufsc.br\/?s={search_term_string}"},"query-input":"required name=search_term_string"}],"inLanguage":"pt-BR"},{"@type":"Person","@id":"https:\/\/jornalofatual.ufsc.br\/#\/schema\/person\/7c4da290bbeac2ab587bf3bd9b2796c5","name":"O Fatual UFSC","image":{"@type":"ImageObject","inLanguage":"pt-BR","@id":"https:\/\/jornalofatual.ufsc.br\/#\/schema\/person\/image\/","url":"https:\/\/secure.gravatar.com\/avatar\/77a2965911ca4aaeddc636b7e775b7bb05b7e4b5d5ad85a27d016b6a781b2b04?s=96&d=mm&r=g","contentUrl":"https:\/\/secure.gravatar.com\/avatar\/77a2965911ca4aaeddc636b7e775b7bb05b7e4b5d5ad85a27d016b6a781b2b04?s=96&d=mm&r=g","caption":"O Fatual UFSC"},"sameAs":["https:\/\/jornalofatual.ufsc.br","https:\/\/www.instagram.com\/jornalofatual\/"],"url":"https:\/\/jornalofatual.ufsc.br\/index.php\/author\/jornalofactualgmail-com\/"}]}},"_links":{"self":[{"href":"https:\/\/jornalofatual.ufsc.br\/index.php\/wp-json\/wp\/v2\/posts\/1927","targetHints":{"allow":["GET"]}}],"collection":[{"href":"https:\/\/jornalofatual.ufsc.br\/index.php\/wp-json\/wp\/v2\/posts"}],"about":[{"href":"https:\/\/jornalofatual.ufsc.br\/index.php\/wp-json\/wp\/v2\/types\/post"}],"author":[{"embeddable":true,"href":"https:\/\/jornalofatual.ufsc.br\/index.php\/wp-json\/wp\/v2\/users\/1"}],"replies":[{"embeddable":true,"href":"https:\/\/jornalofatual.ufsc.br\/index.php\/wp-json\/wp\/v2\/comments?post=1927"}],"version-history":[{"count":1,"href":"https:\/\/jornalofatual.ufsc.br\/index.php\/wp-json\/wp\/v2\/posts\/1927\/revisions"}],"predecessor-version":[{"id":1930,"href":"https:\/\/jornalofatual.ufsc.br\/index.php\/wp-json\/wp\/v2\/posts\/1927\/revisions\/1930"}],"wp:featuredmedia":[{"embeddable":true,"href":"https:\/\/jornalofatual.ufsc.br\/index.php\/wp-json\/wp\/v2\/media\/1929"}],"wp:attachment":[{"href":"https:\/\/jornalofatual.ufsc.br\/index.php\/wp-json\/wp\/v2\/media?parent=1927"}],"wp:term":[{"taxonomy":"category","embeddable":true,"href":"https:\/\/jornalofatual.ufsc.br\/index.php\/wp-json\/wp\/v2\/categories?post=1927"},{"taxonomy":"post_tag","embeddable":true,"href":"https:\/\/jornalofatual.ufsc.br\/index.php\/wp-json\/wp\/v2\/tags?post=1927"}],"curies":[{"name":"wp","href":"https:\/\/api.w.org\/{rel}","templated":true}]}}