{"id":1832,"date":"2024-10-01T14:22:52","date_gmt":"2024-10-01T17:22:52","guid":{"rendered":"https:\/\/jornalofatual.ufsc.br\/?p=1832"},"modified":"2024-10-01T14:22:54","modified_gmt":"2024-10-01T17:22:54","slug":"psicologas-da-ufsc-promovem-terapia-em-grupo-para-universitarios-com-tdah","status":"publish","type":"post","link":"https:\/\/jornalofatual.ufsc.br\/index.php\/2024\/10\/01\/psicologas-da-ufsc-promovem-terapia-em-grupo-para-universitarios-com-tdah\/","title":{"rendered":"Psic\u00f3logas da UFSC promovem terapia em grupo para universit\u00e1rios com TDAH"},"content":{"rendered":"\n<h4 class=\"wp-block-heading\"><em>Encontros s\u00e3o gratuitos e acontecem \u00e0s quintas-feiras no Centro de Filosofia e Ci\u00eancias Humanas<\/em><\/h4>\n\n\n\n<div style=\"height:32px\" aria-hidden=\"true\" class=\"wp-block-spacer\"><\/div>\n\n\n\n<p><strong>DAVI MARIANO<\/strong><\/p>\n\n\n\n<p>O Laborat\u00f3rio de Psicologia B\u00e1sica e Aplicada (LPCOG) do Programa de P\u00f3s-Gradua\u00e7\u00e3o em Psicologia (PPGP) est\u00e1 realizando encontros de terapia em grupo para alunos que possuem Transtorno do D\u00e9ficit de Aten\u00e7\u00e3o com Hiperatividade (TDAH), a partir do segundo semestre de 2024. A atividade foi desenvolvida para estudantes da Universidade Federal de Santa Catarina (UFSC) e iniciou no come\u00e7o de setembro.<\/p>\n\n\n\n<p>Foram oferecidas 15 vagas, de forma gratuita, para duas turmas nas quintas-feiras, \u00e0 tarde e \u00e0 noite. Os quatro encontros, de duas horas cada, ocorrem no Centro de Filosofia e Ci\u00eancias Humanas (CFH) no Campus Trindade da UFSC. O projeto foi desenvolvido em parceria com o Programa de Transtornos de D\u00e9ficit de Aten\u00e7\u00e3o (PRODAH) da Universidade Federal do Rio Grande do Sul (UFRGS) e \u00e9 coordenado pelas psic\u00f3logas Fernanda Machado Lopes e J\u00e9ssica Alves.<\/p>\n\n\n\n<p>Segundo J\u00e9ssica, a iniciativa surgiu a partir de uma demanda da pr\u00f3pria universidade, e a t\u00e9cnica escolhida para os encontros \u00e9 a Terapia Cognitivo-Comportamental (TCC). \u201cO TCC \u00e9 o m\u00e9todo mais eficaz para pacientes com TDAH na fase adulta, auxiliando o paciente a entender melhor o pr\u00f3prio funcionamento cognitivo, suas emo\u00e7\u00f5es e comportamentos\u201d. A psic\u00f3loga afirma que ser\u00e3o abordadas estrat\u00e9gias para se adaptar e lidar com os problemas decorrentes do TDAH.<\/p>\n\n\n\n<p>A t\u00e9cnica TCC visa ajudar os discentes a longo prazo, a partir da melhora das atividades cotidianas. Viver com um transtorno de aten\u00e7\u00e3o pode ser complexo, causando problemas de concentra\u00e7\u00e3o e autoestima baixa, afirma Helo\u00edsa Morimoto, estudante de Jornalismo que atende \u00e0 terapia. Ela afirma que os encontros atingiram suas expectativas, mas \u00e9 um processo demorado em que \u00e9 necess\u00e1rio manter a calma e n\u00e3o esperar avan\u00e7os imediatos.<\/p>\n\n\n\n<figure class=\"wp-block-image size-full\"><img fetchpriority=\"high\" decoding=\"async\" width=\"1200\" height=\"977\" src=\"http:\/\/jornalofatual.ufsc.br\/wp-content\/uploads\/2024\/10\/image1-1.jpg\" alt=\"\" class=\"wp-image-1833\" srcset=\"https:\/\/jornalofatual.ufsc.br\/wp-content\/uploads\/2024\/10\/image1-1.jpg 1200w, https:\/\/jornalofatual.ufsc.br\/wp-content\/uploads\/2024\/10\/image1-1-300x244.jpg 300w, https:\/\/jornalofatual.ufsc.br\/wp-content\/uploads\/2024\/10\/image1-1-768x625.jpg 768w\" sizes=\"(max-width: 1200px) 100vw, 1200px\" \/><figcaption class=\"wp-element-caption\">Centro de Filosofia e Ci\u00eancias Humanas (CFH) da Universidade Federal de Santa Catarina (UFSC). <em>Foto: Reprodu\u00e7\u00e3o CFH UFSC<\/em><\/figcaption><\/figure>\n","protected":false},"excerpt":{"rendered":"<p>Encontros s\u00e3o gratuitos e acontecem \u00e0s quintas-feiras no Centro de Filosofia e Ci\u00eancias Humanas DAVI MARIANO O Laborat\u00f3rio de Psicologia B\u00e1sica e Aplicada (LPCOG) do Programa de P\u00f3s-Gradua\u00e7\u00e3o em Psicologia (PPGP) est\u00e1 realizando encontros de terapia em grupo para alunos que possuem Transtorno do D\u00e9ficit de Aten\u00e7\u00e3o com Hiperatividade (TDAH), a partir do segundo semestre [&hellip;]<\/p>\n","protected":false},"author":1,"featured_media":1833,"comment_status":"open","ping_status":"open","sticky":false,"template":"","format":"standard","meta":{"footnotes":""},"categories":[19,113,22],"tags":[],"class_list":["post-1832","post","type-post","status-publish","format-standard","has-post-thumbnail","hentry","category-noticias","category-saude","category-ufsc"],"yoast_head":"<!-- This site is optimized with the Yoast SEO plugin v22.9 - https:\/\/yoast.com\/wordpress\/plugins\/seo\/ -->\n<title>Psic\u00f3logas da UFSC promovem terapia em grupo para universit\u00e1rios com TDAH - O Fatual<\/title>\n<meta name=\"robots\" content=\"index, follow, max-snippet:-1, max-image-preview:large, max-video-preview:-1\" \/>\n<link rel=\"canonical\" href=\"https:\/\/jornalofatual.ufsc.br\/index.php\/2024\/10\/01\/psicologas-da-ufsc-promovem-terapia-em-grupo-para-universitarios-com-tdah\/\" \/>\n<meta property=\"og:locale\" content=\"pt_BR\" \/>\n<meta property=\"og:type\" content=\"article\" \/>\n<meta property=\"og:title\" content=\"Psic\u00f3logas da UFSC promovem terapia em grupo para universit\u00e1rios com TDAH - O Fatual\" \/>\n<meta property=\"og:description\" content=\"Encontros s\u00e3o gratuitos e acontecem \u00e0s quintas-feiras no Centro de Filosofia e Ci\u00eancias Humanas DAVI MARIANO O Laborat\u00f3rio de Psicologia B\u00e1sica e Aplicada (LPCOG) do Programa de P\u00f3s-Gradua\u00e7\u00e3o em Psicologia (PPGP) est\u00e1 realizando encontros de terapia em grupo para alunos que possuem Transtorno do D\u00e9ficit de Aten\u00e7\u00e3o com Hiperatividade (TDAH), a partir do segundo semestre [&hellip;]\" \/>\n<meta property=\"og:url\" content=\"https:\/\/jornalofatual.ufsc.br\/index.php\/2024\/10\/01\/psicologas-da-ufsc-promovem-terapia-em-grupo-para-universitarios-com-tdah\/\" \/>\n<meta property=\"og:site_name\" content=\"O Fatual\" \/>\n<meta property=\"article:published_time\" content=\"2024-10-01T17:22:52+00:00\" \/>\n<meta property=\"article:modified_time\" content=\"2024-10-01T17:22:54+00:00\" \/>\n<meta property=\"og:image\" content=\"http:\/\/jornalofatual.ufsc.br\/wp-content\/uploads\/2024\/10\/image1-1.jpg\" \/>\n\t<meta property=\"og:image:width\" content=\"1200\" \/>\n\t<meta property=\"og:image:height\" content=\"977\" \/>\n\t<meta property=\"og:image:type\" content=\"image\/jpeg\" \/>\n<meta name=\"author\" content=\"O Fatual UFSC\" \/>\n<meta name=\"twitter:card\" content=\"summary_large_image\" \/>\n<meta name=\"twitter:label1\" content=\"Escrito por\" \/>\n\t<meta name=\"twitter:data1\" content=\"O Fatual UFSC\" \/>\n\t<meta name=\"twitter:label2\" content=\"Est. tempo de leitura\" \/>\n\t<meta name=\"twitter:data2\" content=\"3 minutos\" \/>\n<script type=\"application\/ld+json\" class=\"yoast-schema-graph\">{\"@context\":\"https:\/\/schema.org\",\"@graph\":[{\"@type\":\"WebPage\",\"@id\":\"https:\/\/jornalofatual.ufsc.br\/index.php\/2024\/10\/01\/psicologas-da-ufsc-promovem-terapia-em-grupo-para-universitarios-com-tdah\/\",\"url\":\"https:\/\/jornalofatual.ufsc.br\/index.php\/2024\/10\/01\/psicologas-da-ufsc-promovem-terapia-em-grupo-para-universitarios-com-tdah\/\",\"name\":\"Psic\u00f3logas da UFSC promovem terapia em grupo para universit\u00e1rios com TDAH - O Fatual\",\"isPartOf\":{\"@id\":\"https:\/\/jornalofatual.ufsc.br\/#website\"},\"primaryImageOfPage\":{\"@id\":\"https:\/\/jornalofatual.ufsc.br\/index.php\/2024\/10\/01\/psicologas-da-ufsc-promovem-terapia-em-grupo-para-universitarios-com-tdah\/#primaryimage\"},\"image\":{\"@id\":\"https:\/\/jornalofatual.ufsc.br\/index.php\/2024\/10\/01\/psicologas-da-ufsc-promovem-terapia-em-grupo-para-universitarios-com-tdah\/#primaryimage\"},\"thumbnailUrl\":\"https:\/\/jornalofatual.ufsc.br\/wp-content\/uploads\/2024\/10\/image1-1.jpg\",\"datePublished\":\"2024-10-01T17:22:52+00:00\",\"dateModified\":\"2024-10-01T17:22:54+00:00\",\"author\":{\"@id\":\"https:\/\/jornalofatual.ufsc.br\/#\/schema\/person\/7c4da290bbeac2ab587bf3bd9b2796c5\"},\"breadcrumb\":{\"@id\":\"https:\/\/jornalofatual.ufsc.br\/index.php\/2024\/10\/01\/psicologas-da-ufsc-promovem-terapia-em-grupo-para-universitarios-com-tdah\/#breadcrumb\"},\"inLanguage\":\"pt-BR\",\"potentialAction\":[{\"@type\":\"ReadAction\",\"target\":[\"https:\/\/jornalofatual.ufsc.br\/index.php\/2024\/10\/01\/psicologas-da-ufsc-promovem-terapia-em-grupo-para-universitarios-com-tdah\/\"]}]},{\"@type\":\"ImageObject\",\"inLanguage\":\"pt-BR\",\"@id\":\"https:\/\/jornalofatual.ufsc.br\/index.php\/2024\/10\/01\/psicologas-da-ufsc-promovem-terapia-em-grupo-para-universitarios-com-tdah\/#primaryimage\",\"url\":\"https:\/\/jornalofatual.ufsc.br\/wp-content\/uploads\/2024\/10\/image1-1.jpg\",\"contentUrl\":\"https:\/\/jornalofatual.ufsc.br\/wp-content\/uploads\/2024\/10\/image1-1.jpg\",\"width\":1200,\"height\":977},{\"@type\":\"BreadcrumbList\",\"@id\":\"https:\/\/jornalofatual.ufsc.br\/index.php\/2024\/10\/01\/psicologas-da-ufsc-promovem-terapia-em-grupo-para-universitarios-com-tdah\/#breadcrumb\",\"itemListElement\":[{\"@type\":\"ListItem\",\"position\":1,\"name\":\"In\u00edcio\",\"item\":\"https:\/\/jornalofatual.ufsc.br\/\"},{\"@type\":\"ListItem\",\"position\":2,\"name\":\"Psic\u00f3logas da UFSC promovem terapia em grupo para universit\u00e1rios com TDAH\"}]},{\"@type\":\"WebSite\",\"@id\":\"https:\/\/jornalofatual.ufsc.br\/#website\",\"url\":\"https:\/\/jornalofatual.ufsc.br\/\",\"name\":\"O Fatual\",\"description\":\"Jornalismo UFSC\",\"potentialAction\":[{\"@type\":\"SearchAction\",\"target\":{\"@type\":\"EntryPoint\",\"urlTemplate\":\"https:\/\/jornalofatual.ufsc.br\/?s={search_term_string}\"},\"query-input\":\"required name=search_term_string\"}],\"inLanguage\":\"pt-BR\"},{\"@type\":\"Person\",\"@id\":\"https:\/\/jornalofatual.ufsc.br\/#\/schema\/person\/7c4da290bbeac2ab587bf3bd9b2796c5\",\"name\":\"O Fatual UFSC\",\"image\":{\"@type\":\"ImageObject\",\"inLanguage\":\"pt-BR\",\"@id\":\"https:\/\/jornalofatual.ufsc.br\/#\/schema\/person\/image\/\",\"url\":\"https:\/\/secure.gravatar.com\/avatar\/77a2965911ca4aaeddc636b7e775b7bb05b7e4b5d5ad85a27d016b6a781b2b04?s=96&d=mm&r=g\",\"contentUrl\":\"https:\/\/secure.gravatar.com\/avatar\/77a2965911ca4aaeddc636b7e775b7bb05b7e4b5d5ad85a27d016b6a781b2b04?s=96&d=mm&r=g\",\"caption\":\"O Fatual UFSC\"},\"sameAs\":[\"https:\/\/jornalofatual.ufsc.br\",\"https:\/\/www.instagram.com\/jornalofatual\/\"],\"url\":\"https:\/\/jornalofatual.ufsc.br\/index.php\/author\/jornalofactualgmail-com\/\"}]}<\/script>\n<!-- \/ Yoast SEO plugin. -->","yoast_head_json":{"title":"Psic\u00f3logas da UFSC promovem terapia em grupo para universit\u00e1rios com TDAH - O Fatual","robots":{"index":"index","follow":"follow","max-snippet":"max-snippet:-1","max-image-preview":"max-image-preview:large","max-video-preview":"max-video-preview:-1"},"canonical":"https:\/\/jornalofatual.ufsc.br\/index.php\/2024\/10\/01\/psicologas-da-ufsc-promovem-terapia-em-grupo-para-universitarios-com-tdah\/","og_locale":"pt_BR","og_type":"article","og_title":"Psic\u00f3logas da UFSC promovem terapia em grupo para universit\u00e1rios com TDAH - O Fatual","og_description":"Encontros s\u00e3o gratuitos e acontecem \u00e0s quintas-feiras no Centro de Filosofia e Ci\u00eancias Humanas DAVI MARIANO O Laborat\u00f3rio de Psicologia B\u00e1sica e Aplicada (LPCOG) do Programa de P\u00f3s-Gradua\u00e7\u00e3o em Psicologia (PPGP) est\u00e1 realizando encontros de terapia em grupo para alunos que possuem Transtorno do D\u00e9ficit de Aten\u00e7\u00e3o com Hiperatividade (TDAH), a partir do segundo semestre [&hellip;]","og_url":"https:\/\/jornalofatual.ufsc.br\/index.php\/2024\/10\/01\/psicologas-da-ufsc-promovem-terapia-em-grupo-para-universitarios-com-tdah\/","og_site_name":"O Fatual","article_published_time":"2024-10-01T17:22:52+00:00","article_modified_time":"2024-10-01T17:22:54+00:00","og_image":[{"width":1200,"height":977,"url":"http:\/\/jornalofatual.ufsc.br\/wp-content\/uploads\/2024\/10\/image1-1.jpg","type":"image\/jpeg"}],"author":"O Fatual UFSC","twitter_card":"summary_large_image","twitter_misc":{"Escrito por":"O Fatual UFSC","Est. tempo de leitura":"3 minutos"},"schema":{"@context":"https:\/\/schema.org","@graph":[{"@type":"WebPage","@id":"https:\/\/jornalofatual.ufsc.br\/index.php\/2024\/10\/01\/psicologas-da-ufsc-promovem-terapia-em-grupo-para-universitarios-com-tdah\/","url":"https:\/\/jornalofatual.ufsc.br\/index.php\/2024\/10\/01\/psicologas-da-ufsc-promovem-terapia-em-grupo-para-universitarios-com-tdah\/","name":"Psic\u00f3logas da UFSC promovem terapia em grupo para universit\u00e1rios com TDAH - O Fatual","isPartOf":{"@id":"https:\/\/jornalofatual.ufsc.br\/#website"},"primaryImageOfPage":{"@id":"https:\/\/jornalofatual.ufsc.br\/index.php\/2024\/10\/01\/psicologas-da-ufsc-promovem-terapia-em-grupo-para-universitarios-com-tdah\/#primaryimage"},"image":{"@id":"https:\/\/jornalofatual.ufsc.br\/index.php\/2024\/10\/01\/psicologas-da-ufsc-promovem-terapia-em-grupo-para-universitarios-com-tdah\/#primaryimage"},"thumbnailUrl":"https:\/\/jornalofatual.ufsc.br\/wp-content\/uploads\/2024\/10\/image1-1.jpg","datePublished":"2024-10-01T17:22:52+00:00","dateModified":"2024-10-01T17:22:54+00:00","author":{"@id":"https:\/\/jornalofatual.ufsc.br\/#\/schema\/person\/7c4da290bbeac2ab587bf3bd9b2796c5"},"breadcrumb":{"@id":"https:\/\/jornalofatual.ufsc.br\/index.php\/2024\/10\/01\/psicologas-da-ufsc-promovem-terapia-em-grupo-para-universitarios-com-tdah\/#breadcrumb"},"inLanguage":"pt-BR","potentialAction":[{"@type":"ReadAction","target":["https:\/\/jornalofatual.ufsc.br\/index.php\/2024\/10\/01\/psicologas-da-ufsc-promovem-terapia-em-grupo-para-universitarios-com-tdah\/"]}]},{"@type":"ImageObject","inLanguage":"pt-BR","@id":"https:\/\/jornalofatual.ufsc.br\/index.php\/2024\/10\/01\/psicologas-da-ufsc-promovem-terapia-em-grupo-para-universitarios-com-tdah\/#primaryimage","url":"https:\/\/jornalofatual.ufsc.br\/wp-content\/uploads\/2024\/10\/image1-1.jpg","contentUrl":"https:\/\/jornalofatual.ufsc.br\/wp-content\/uploads\/2024\/10\/image1-1.jpg","width":1200,"height":977},{"@type":"BreadcrumbList","@id":"https:\/\/jornalofatual.ufsc.br\/index.php\/2024\/10\/01\/psicologas-da-ufsc-promovem-terapia-em-grupo-para-universitarios-com-tdah\/#breadcrumb","itemListElement":[{"@type":"ListItem","position":1,"name":"In\u00edcio","item":"https:\/\/jornalofatual.ufsc.br\/"},{"@type":"ListItem","position":2,"name":"Psic\u00f3logas da UFSC promovem terapia em grupo para universit\u00e1rios com TDAH"}]},{"@type":"WebSite","@id":"https:\/\/jornalofatual.ufsc.br\/#website","url":"https:\/\/jornalofatual.ufsc.br\/","name":"O Fatual","description":"Jornalismo UFSC","potentialAction":[{"@type":"SearchAction","target":{"@type":"EntryPoint","urlTemplate":"https:\/\/jornalofatual.ufsc.br\/?s={search_term_string}"},"query-input":"required name=search_term_string"}],"inLanguage":"pt-BR"},{"@type":"Person","@id":"https:\/\/jornalofatual.ufsc.br\/#\/schema\/person\/7c4da290bbeac2ab587bf3bd9b2796c5","name":"O Fatual UFSC","image":{"@type":"ImageObject","inLanguage":"pt-BR","@id":"https:\/\/jornalofatual.ufsc.br\/#\/schema\/person\/image\/","url":"https:\/\/secure.gravatar.com\/avatar\/77a2965911ca4aaeddc636b7e775b7bb05b7e4b5d5ad85a27d016b6a781b2b04?s=96&d=mm&r=g","contentUrl":"https:\/\/secure.gravatar.com\/avatar\/77a2965911ca4aaeddc636b7e775b7bb05b7e4b5d5ad85a27d016b6a781b2b04?s=96&d=mm&r=g","caption":"O Fatual UFSC"},"sameAs":["https:\/\/jornalofatual.ufsc.br","https:\/\/www.instagram.com\/jornalofatual\/"],"url":"https:\/\/jornalofatual.ufsc.br\/index.php\/author\/jornalofactualgmail-com\/"}]}},"_links":{"self":[{"href":"https:\/\/jornalofatual.ufsc.br\/index.php\/wp-json\/wp\/v2\/posts\/1832","targetHints":{"allow":["GET"]}}],"collection":[{"href":"https:\/\/jornalofatual.ufsc.br\/index.php\/wp-json\/wp\/v2\/posts"}],"about":[{"href":"https:\/\/jornalofatual.ufsc.br\/index.php\/wp-json\/wp\/v2\/types\/post"}],"author":[{"embeddable":true,"href":"https:\/\/jornalofatual.ufsc.br\/index.php\/wp-json\/wp\/v2\/users\/1"}],"replies":[{"embeddable":true,"href":"https:\/\/jornalofatual.ufsc.br\/index.php\/wp-json\/wp\/v2\/comments?post=1832"}],"version-history":[{"count":1,"href":"https:\/\/jornalofatual.ufsc.br\/index.php\/wp-json\/wp\/v2\/posts\/1832\/revisions"}],"predecessor-version":[{"id":1834,"href":"https:\/\/jornalofatual.ufsc.br\/index.php\/wp-json\/wp\/v2\/posts\/1832\/revisions\/1834"}],"wp:featuredmedia":[{"embeddable":true,"href":"https:\/\/jornalofatual.ufsc.br\/index.php\/wp-json\/wp\/v2\/media\/1833"}],"wp:attachment":[{"href":"https:\/\/jornalofatual.ufsc.br\/index.php\/wp-json\/wp\/v2\/media?parent=1832"}],"wp:term":[{"taxonomy":"category","embeddable":true,"href":"https:\/\/jornalofatual.ufsc.br\/index.php\/wp-json\/wp\/v2\/categories?post=1832"},{"taxonomy":"post_tag","embeddable":true,"href":"https:\/\/jornalofatual.ufsc.br\/index.php\/wp-json\/wp\/v2\/tags?post=1832"}],"curies":[{"name":"wp","href":"https:\/\/api.w.org\/{rel}","templated":true}]}}