{"id":1758,"date":"2024-07-29T19:45:20","date_gmt":"2024-07-29T22:45:20","guid":{"rendered":"https:\/\/jornalofatual.ufsc.br\/?p=1758"},"modified":"2024-08-03T19:50:01","modified_gmt":"2024-08-03T22:50:01","slug":"projeto-da-ufsc-lanca-livro-infantil-sobre-astrofisica-britanica","status":"publish","type":"post","link":"https:\/\/jornalofatual.ufsc.br\/index.php\/2024\/07\/29\/projeto-da-ufsc-lanca-livro-infantil-sobre-astrofisica-britanica\/","title":{"rendered":"Projeto da UFSC lan\u00e7a livro infantil sobre astrof\u00edsica brit\u00e2nica"},"content":{"rendered":"\n<h4 class=\"wp-block-heading\"><em>A Hist\u00f3ria da Estrela \u00e9 primeira obra da s\u00e9rie Meninas Brilhantes<\/em><\/h4>\n\n\n\n<div style=\"height:32px\" aria-hidden=\"true\" class=\"wp-block-spacer\"><\/div>\n\n\n\n<p><strong>VALENTINA ORLANDI<\/strong><\/p>\n\n\n\n<p>O projeto de extens\u00e3o Meninas na Ci\u00eancia, do Departamento de F\u00edsica da Universidade Federal de Santa Catarina (UFSC), lan\u00e7a nesta quarta-feira (31) o livro <em>A Hist\u00f3ria de Estrela<\/em>, no <em>hall<\/em> da reitoria do campus Trindade, em Florian\u00f3polis. O evento \u00e9 uma parceria com o Fazendo G\u00eanero 13 e ocorre das 9h \u00e0s 18h.&nbsp;<\/p>\n\n\n\n<p>A obra de divulga\u00e7\u00e3o cient\u00edfica e literatura infanto-juvenil aborda o papel do g\u00eanero nas ci\u00eancias, abrindo a s\u00e9rie Meninas Brilhantes, e estar\u00e1 dispon\u00edvel no site da editora Inverso. O p\u00fablico-alvo s\u00e3o jovens entre 17 e 18 anos, na fase da escolha de carreira ou curso de gradua\u00e7\u00e3o.&nbsp;<\/p>\n\n\n\n<p>O Meninas na Ci\u00eancia estuda as trajet\u00f3rias e carreiras de cientistas, para debater o papel das mulheres na ci\u00eancia. A elabora\u00e7\u00e3o do livro teve como partida o estudo realizado sobre a astrof\u00edsica brit\u00e2nica Jocelyn Bell Burnell, que, em 1967, descobriu os primeiros pulsares no espa\u00e7o.<\/p>\n\n\n\n<p>A obra conta a hist\u00f3ria de Estrela, uma jovem fascinada por astronomia que, durante a trama, conhece a trajet\u00f3ria de Jocelyn e busca dar visibilidade ao trabalho da cientista. Na narrativa, a jovem busca compartilhar suas viv\u00eancias na ci\u00eancia e dar voz a outras meninas e mulheres.<\/p>\n\n\n\n<p>A coordenadora do projeto, Gabriela Kaiana Ferreira, diz que uma das maiores dificuldades foi a falta de parceria e apoio. \u201cConseguir transformar a linguagem acad\u00eamica em uma linguagem voltada ao p\u00fablico infanto-juvenil foi outra dificuldade\u201d, ressalta. <em>A Hist\u00f3ria da Estrela<\/em> ser\u00e1 lan\u00e7ado ap\u00f3s oito meses de produ\u00e7\u00e3o.&nbsp;<\/p>\n\n\n\n<p>Segundo Roberta Rodrigues, estudante do Col\u00e9gio de Aplica\u00e7\u00e3o da UFSC e uma das escritoras do livro, a tem\u00e1tica da inclus\u00e3o feminina no cen\u00e1rio cient\u00edfico \u00e9 importante pois d\u00e1 visibilidade a um grupo pouco representado. <\/p>\n\n\n\n<hr class=\"wp-block-separator has-alpha-channel-opacity\"\/>\n\n\n\n<h4 class=\"wp-block-heading\">\u201cEspero que os leitores possam se inspirar nas hist\u00f3rias das cientistas e que, assim como Estrela, percebam que o c\u00e9u n\u00e3o \u00e9 o limite para os seus sonhos\u201d, diz Roberta.<\/h4>\n\n\n\n<hr class=\"wp-block-separator has-alpha-channel-opacity\"\/>\n\n\n\n<p>A sequ\u00eancia da s\u00e9rie Meninas Brilhantes j\u00e1 est\u00e1 sendo planejada. As novas edi\u00e7\u00f5es ser\u00e3o inspiradas na astr\u00f4noma estadunidense Vera Rubin e devem ser publicadas em 2025.\u00a0\u201cA criatividade que usamos na primeira publica\u00e7\u00e3o \u00e9 cont\u00ednua e vai nos acompanhar em todas as hist\u00f3rias\u201d, conclui Gabriela.<\/p>\n\n\n\n<figure class=\"wp-block-image size-full is-resized\"><img fetchpriority=\"high\" decoding=\"async\" width=\"835\" height=\"1121\" src=\"https:\/\/jornalofatual.ufsc.br\/wp-content\/uploads\/2024\/08\/image.jpeg\" alt=\"\" class=\"wp-image-1759\" style=\"width:447px;height:auto\" srcset=\"https:\/\/jornalofatual.ufsc.br\/wp-content\/uploads\/2024\/08\/image.jpeg 835w, https:\/\/jornalofatual.ufsc.br\/wp-content\/uploads\/2024\/08\/image-223x300.jpeg 223w, https:\/\/jornalofatual.ufsc.br\/wp-content\/uploads\/2024\/08\/image-768x1031.jpeg 768w\" sizes=\"(max-width: 835px) 100vw, 835px\" \/><figcaption class=\"wp-element-caption\">Capa do livro <em>A Hist\u00f3ria de Estrela. Foto: Reprodu\u00e7\u00e3o<\/em><\/figcaption><\/figure>\n","protected":false},"excerpt":{"rendered":"<p>A Hist\u00f3ria da Estrela \u00e9 primeira obra da s\u00e9rie Meninas Brilhantes VALENTINA ORLANDI O projeto de extens\u00e3o Meninas na Ci\u00eancia, do Departamento de F\u00edsica da Universidade Federal de Santa Catarina (UFSC), lan\u00e7a nesta quarta-feira (31) o livro A Hist\u00f3ria de Estrela, no hall da reitoria do campus Trindade, em Florian\u00f3polis. O evento \u00e9 uma parceria [&hellip;]<\/p>\n","protected":false},"author":1,"featured_media":1759,"comment_status":"open","ping_status":"open","sticky":false,"template":"","format":"standard","meta":{"footnotes":""},"categories":[19,22],"tags":[],"class_list":["post-1758","post","type-post","status-publish","format-standard","has-post-thumbnail","hentry","category-noticias","category-ufsc"],"yoast_head":"<!-- This site is optimized with the Yoast SEO plugin v22.9 - https:\/\/yoast.com\/wordpress\/plugins\/seo\/ -->\n<title>Projeto da UFSC lan\u00e7a livro infantil sobre astrof\u00edsica brit\u00e2nica - O Fatual<\/title>\n<meta name=\"robots\" content=\"index, follow, max-snippet:-1, max-image-preview:large, max-video-preview:-1\" \/>\n<link rel=\"canonical\" href=\"https:\/\/jornalofatual.ufsc.br\/index.php\/2024\/07\/29\/projeto-da-ufsc-lanca-livro-infantil-sobre-astrofisica-britanica\/\" \/>\n<meta property=\"og:locale\" content=\"pt_BR\" \/>\n<meta property=\"og:type\" content=\"article\" \/>\n<meta property=\"og:title\" content=\"Projeto da UFSC lan\u00e7a livro infantil sobre astrof\u00edsica brit\u00e2nica - O Fatual\" \/>\n<meta property=\"og:description\" content=\"A Hist\u00f3ria da Estrela \u00e9 primeira obra da s\u00e9rie Meninas Brilhantes VALENTINA ORLANDI O projeto de extens\u00e3o Meninas na Ci\u00eancia, do Departamento de F\u00edsica da Universidade Federal de Santa Catarina (UFSC), lan\u00e7a nesta quarta-feira (31) o livro A Hist\u00f3ria de Estrela, no hall da reitoria do campus Trindade, em Florian\u00f3polis. O evento \u00e9 uma parceria [&hellip;]\" \/>\n<meta property=\"og:url\" content=\"https:\/\/jornalofatual.ufsc.br\/index.php\/2024\/07\/29\/projeto-da-ufsc-lanca-livro-infantil-sobre-astrofisica-britanica\/\" \/>\n<meta property=\"og:site_name\" content=\"O Fatual\" \/>\n<meta property=\"article:published_time\" content=\"2024-07-29T22:45:20+00:00\" \/>\n<meta property=\"article:modified_time\" content=\"2024-08-03T22:50:01+00:00\" \/>\n<meta property=\"og:image\" content=\"http:\/\/jornalofatual.ufsc.br\/wp-content\/uploads\/2024\/08\/image.jpeg\" \/>\n\t<meta property=\"og:image:width\" content=\"835\" \/>\n\t<meta property=\"og:image:height\" content=\"1121\" \/>\n\t<meta property=\"og:image:type\" content=\"image\/jpeg\" \/>\n<meta name=\"author\" content=\"O Fatual UFSC\" \/>\n<meta name=\"twitter:card\" content=\"summary_large_image\" \/>\n<meta name=\"twitter:label1\" content=\"Escrito por\" \/>\n\t<meta name=\"twitter:data1\" content=\"O Fatual UFSC\" \/>\n\t<meta name=\"twitter:label2\" content=\"Est. tempo de leitura\" \/>\n\t<meta name=\"twitter:data2\" content=\"3 minutos\" \/>\n<script type=\"application\/ld+json\" class=\"yoast-schema-graph\">{\"@context\":\"https:\/\/schema.org\",\"@graph\":[{\"@type\":\"WebPage\",\"@id\":\"https:\/\/jornalofatual.ufsc.br\/index.php\/2024\/07\/29\/projeto-da-ufsc-lanca-livro-infantil-sobre-astrofisica-britanica\/\",\"url\":\"https:\/\/jornalofatual.ufsc.br\/index.php\/2024\/07\/29\/projeto-da-ufsc-lanca-livro-infantil-sobre-astrofisica-britanica\/\",\"name\":\"Projeto da UFSC lan\u00e7a livro infantil sobre astrof\u00edsica brit\u00e2nica - O Fatual\",\"isPartOf\":{\"@id\":\"https:\/\/jornalofatual.ufsc.br\/#website\"},\"primaryImageOfPage\":{\"@id\":\"https:\/\/jornalofatual.ufsc.br\/index.php\/2024\/07\/29\/projeto-da-ufsc-lanca-livro-infantil-sobre-astrofisica-britanica\/#primaryimage\"},\"image\":{\"@id\":\"https:\/\/jornalofatual.ufsc.br\/index.php\/2024\/07\/29\/projeto-da-ufsc-lanca-livro-infantil-sobre-astrofisica-britanica\/#primaryimage\"},\"thumbnailUrl\":\"https:\/\/jornalofatual.ufsc.br\/wp-content\/uploads\/2024\/08\/image.jpeg\",\"datePublished\":\"2024-07-29T22:45:20+00:00\",\"dateModified\":\"2024-08-03T22:50:01+00:00\",\"author\":{\"@id\":\"https:\/\/jornalofatual.ufsc.br\/#\/schema\/person\/7c4da290bbeac2ab587bf3bd9b2796c5\"},\"breadcrumb\":{\"@id\":\"https:\/\/jornalofatual.ufsc.br\/index.php\/2024\/07\/29\/projeto-da-ufsc-lanca-livro-infantil-sobre-astrofisica-britanica\/#breadcrumb\"},\"inLanguage\":\"pt-BR\",\"potentialAction\":[{\"@type\":\"ReadAction\",\"target\":[\"https:\/\/jornalofatual.ufsc.br\/index.php\/2024\/07\/29\/projeto-da-ufsc-lanca-livro-infantil-sobre-astrofisica-britanica\/\"]}]},{\"@type\":\"ImageObject\",\"inLanguage\":\"pt-BR\",\"@id\":\"https:\/\/jornalofatual.ufsc.br\/index.php\/2024\/07\/29\/projeto-da-ufsc-lanca-livro-infantil-sobre-astrofisica-britanica\/#primaryimage\",\"url\":\"https:\/\/jornalofatual.ufsc.br\/wp-content\/uploads\/2024\/08\/image.jpeg\",\"contentUrl\":\"https:\/\/jornalofatual.ufsc.br\/wp-content\/uploads\/2024\/08\/image.jpeg\",\"width\":835,\"height\":1121},{\"@type\":\"BreadcrumbList\",\"@id\":\"https:\/\/jornalofatual.ufsc.br\/index.php\/2024\/07\/29\/projeto-da-ufsc-lanca-livro-infantil-sobre-astrofisica-britanica\/#breadcrumb\",\"itemListElement\":[{\"@type\":\"ListItem\",\"position\":1,\"name\":\"In\u00edcio\",\"item\":\"https:\/\/jornalofatual.ufsc.br\/\"},{\"@type\":\"ListItem\",\"position\":2,\"name\":\"Projeto da UFSC lan\u00e7a livro infantil sobre astrof\u00edsica brit\u00e2nica\"}]},{\"@type\":\"WebSite\",\"@id\":\"https:\/\/jornalofatual.ufsc.br\/#website\",\"url\":\"https:\/\/jornalofatual.ufsc.br\/\",\"name\":\"O Fatual\",\"description\":\"Jornalismo UFSC\",\"potentialAction\":[{\"@type\":\"SearchAction\",\"target\":{\"@type\":\"EntryPoint\",\"urlTemplate\":\"https:\/\/jornalofatual.ufsc.br\/?s={search_term_string}\"},\"query-input\":\"required name=search_term_string\"}],\"inLanguage\":\"pt-BR\"},{\"@type\":\"Person\",\"@id\":\"https:\/\/jornalofatual.ufsc.br\/#\/schema\/person\/7c4da290bbeac2ab587bf3bd9b2796c5\",\"name\":\"O Fatual UFSC\",\"image\":{\"@type\":\"ImageObject\",\"inLanguage\":\"pt-BR\",\"@id\":\"https:\/\/jornalofatual.ufsc.br\/#\/schema\/person\/image\/\",\"url\":\"https:\/\/secure.gravatar.com\/avatar\/77a2965911ca4aaeddc636b7e775b7bb05b7e4b5d5ad85a27d016b6a781b2b04?s=96&d=mm&r=g\",\"contentUrl\":\"https:\/\/secure.gravatar.com\/avatar\/77a2965911ca4aaeddc636b7e775b7bb05b7e4b5d5ad85a27d016b6a781b2b04?s=96&d=mm&r=g\",\"caption\":\"O Fatual UFSC\"},\"sameAs\":[\"https:\/\/jornalofatual.ufsc.br\",\"https:\/\/www.instagram.com\/jornalofatual\/\"],\"url\":\"https:\/\/jornalofatual.ufsc.br\/index.php\/author\/jornalofactualgmail-com\/\"}]}<\/script>\n<!-- \/ Yoast SEO plugin. -->","yoast_head_json":{"title":"Projeto da UFSC lan\u00e7a livro infantil sobre astrof\u00edsica brit\u00e2nica - O Fatual","robots":{"index":"index","follow":"follow","max-snippet":"max-snippet:-1","max-image-preview":"max-image-preview:large","max-video-preview":"max-video-preview:-1"},"canonical":"https:\/\/jornalofatual.ufsc.br\/index.php\/2024\/07\/29\/projeto-da-ufsc-lanca-livro-infantil-sobre-astrofisica-britanica\/","og_locale":"pt_BR","og_type":"article","og_title":"Projeto da UFSC lan\u00e7a livro infantil sobre astrof\u00edsica brit\u00e2nica - O Fatual","og_description":"A Hist\u00f3ria da Estrela \u00e9 primeira obra da s\u00e9rie Meninas Brilhantes VALENTINA ORLANDI O projeto de extens\u00e3o Meninas na Ci\u00eancia, do Departamento de F\u00edsica da Universidade Federal de Santa Catarina (UFSC), lan\u00e7a nesta quarta-feira (31) o livro A Hist\u00f3ria de Estrela, no hall da reitoria do campus Trindade, em Florian\u00f3polis. O evento \u00e9 uma parceria [&hellip;]","og_url":"https:\/\/jornalofatual.ufsc.br\/index.php\/2024\/07\/29\/projeto-da-ufsc-lanca-livro-infantil-sobre-astrofisica-britanica\/","og_site_name":"O Fatual","article_published_time":"2024-07-29T22:45:20+00:00","article_modified_time":"2024-08-03T22:50:01+00:00","og_image":[{"width":835,"height":1121,"url":"http:\/\/jornalofatual.ufsc.br\/wp-content\/uploads\/2024\/08\/image.jpeg","type":"image\/jpeg"}],"author":"O Fatual UFSC","twitter_card":"summary_large_image","twitter_misc":{"Escrito por":"O Fatual UFSC","Est. tempo de leitura":"3 minutos"},"schema":{"@context":"https:\/\/schema.org","@graph":[{"@type":"WebPage","@id":"https:\/\/jornalofatual.ufsc.br\/index.php\/2024\/07\/29\/projeto-da-ufsc-lanca-livro-infantil-sobre-astrofisica-britanica\/","url":"https:\/\/jornalofatual.ufsc.br\/index.php\/2024\/07\/29\/projeto-da-ufsc-lanca-livro-infantil-sobre-astrofisica-britanica\/","name":"Projeto da UFSC lan\u00e7a livro infantil sobre astrof\u00edsica brit\u00e2nica - O Fatual","isPartOf":{"@id":"https:\/\/jornalofatual.ufsc.br\/#website"},"primaryImageOfPage":{"@id":"https:\/\/jornalofatual.ufsc.br\/index.php\/2024\/07\/29\/projeto-da-ufsc-lanca-livro-infantil-sobre-astrofisica-britanica\/#primaryimage"},"image":{"@id":"https:\/\/jornalofatual.ufsc.br\/index.php\/2024\/07\/29\/projeto-da-ufsc-lanca-livro-infantil-sobre-astrofisica-britanica\/#primaryimage"},"thumbnailUrl":"https:\/\/jornalofatual.ufsc.br\/wp-content\/uploads\/2024\/08\/image.jpeg","datePublished":"2024-07-29T22:45:20+00:00","dateModified":"2024-08-03T22:50:01+00:00","author":{"@id":"https:\/\/jornalofatual.ufsc.br\/#\/schema\/person\/7c4da290bbeac2ab587bf3bd9b2796c5"},"breadcrumb":{"@id":"https:\/\/jornalofatual.ufsc.br\/index.php\/2024\/07\/29\/projeto-da-ufsc-lanca-livro-infantil-sobre-astrofisica-britanica\/#breadcrumb"},"inLanguage":"pt-BR","potentialAction":[{"@type":"ReadAction","target":["https:\/\/jornalofatual.ufsc.br\/index.php\/2024\/07\/29\/projeto-da-ufsc-lanca-livro-infantil-sobre-astrofisica-britanica\/"]}]},{"@type":"ImageObject","inLanguage":"pt-BR","@id":"https:\/\/jornalofatual.ufsc.br\/index.php\/2024\/07\/29\/projeto-da-ufsc-lanca-livro-infantil-sobre-astrofisica-britanica\/#primaryimage","url":"https:\/\/jornalofatual.ufsc.br\/wp-content\/uploads\/2024\/08\/image.jpeg","contentUrl":"https:\/\/jornalofatual.ufsc.br\/wp-content\/uploads\/2024\/08\/image.jpeg","width":835,"height":1121},{"@type":"BreadcrumbList","@id":"https:\/\/jornalofatual.ufsc.br\/index.php\/2024\/07\/29\/projeto-da-ufsc-lanca-livro-infantil-sobre-astrofisica-britanica\/#breadcrumb","itemListElement":[{"@type":"ListItem","position":1,"name":"In\u00edcio","item":"https:\/\/jornalofatual.ufsc.br\/"},{"@type":"ListItem","position":2,"name":"Projeto da UFSC lan\u00e7a livro infantil sobre astrof\u00edsica brit\u00e2nica"}]},{"@type":"WebSite","@id":"https:\/\/jornalofatual.ufsc.br\/#website","url":"https:\/\/jornalofatual.ufsc.br\/","name":"O Fatual","description":"Jornalismo UFSC","potentialAction":[{"@type":"SearchAction","target":{"@type":"EntryPoint","urlTemplate":"https:\/\/jornalofatual.ufsc.br\/?s={search_term_string}"},"query-input":"required name=search_term_string"}],"inLanguage":"pt-BR"},{"@type":"Person","@id":"https:\/\/jornalofatual.ufsc.br\/#\/schema\/person\/7c4da290bbeac2ab587bf3bd9b2796c5","name":"O Fatual UFSC","image":{"@type":"ImageObject","inLanguage":"pt-BR","@id":"https:\/\/jornalofatual.ufsc.br\/#\/schema\/person\/image\/","url":"https:\/\/secure.gravatar.com\/avatar\/77a2965911ca4aaeddc636b7e775b7bb05b7e4b5d5ad85a27d016b6a781b2b04?s=96&d=mm&r=g","contentUrl":"https:\/\/secure.gravatar.com\/avatar\/77a2965911ca4aaeddc636b7e775b7bb05b7e4b5d5ad85a27d016b6a781b2b04?s=96&d=mm&r=g","caption":"O Fatual UFSC"},"sameAs":["https:\/\/jornalofatual.ufsc.br","https:\/\/www.instagram.com\/jornalofatual\/"],"url":"https:\/\/jornalofatual.ufsc.br\/index.php\/author\/jornalofactualgmail-com\/"}]}},"_links":{"self":[{"href":"https:\/\/jornalofatual.ufsc.br\/index.php\/wp-json\/wp\/v2\/posts\/1758","targetHints":{"allow":["GET"]}}],"collection":[{"href":"https:\/\/jornalofatual.ufsc.br\/index.php\/wp-json\/wp\/v2\/posts"}],"about":[{"href":"https:\/\/jornalofatual.ufsc.br\/index.php\/wp-json\/wp\/v2\/types\/post"}],"author":[{"embeddable":true,"href":"https:\/\/jornalofatual.ufsc.br\/index.php\/wp-json\/wp\/v2\/users\/1"}],"replies":[{"embeddable":true,"href":"https:\/\/jornalofatual.ufsc.br\/index.php\/wp-json\/wp\/v2\/comments?post=1758"}],"version-history":[{"count":1,"href":"https:\/\/jornalofatual.ufsc.br\/index.php\/wp-json\/wp\/v2\/posts\/1758\/revisions"}],"predecessor-version":[{"id":1760,"href":"https:\/\/jornalofatual.ufsc.br\/index.php\/wp-json\/wp\/v2\/posts\/1758\/revisions\/1760"}],"wp:featuredmedia":[{"embeddable":true,"href":"https:\/\/jornalofatual.ufsc.br\/index.php\/wp-json\/wp\/v2\/media\/1759"}],"wp:attachment":[{"href":"https:\/\/jornalofatual.ufsc.br\/index.php\/wp-json\/wp\/v2\/media?parent=1758"}],"wp:term":[{"taxonomy":"category","embeddable":true,"href":"https:\/\/jornalofatual.ufsc.br\/index.php\/wp-json\/wp\/v2\/categories?post=1758"},{"taxonomy":"post_tag","embeddable":true,"href":"https:\/\/jornalofatual.ufsc.br\/index.php\/wp-json\/wp\/v2\/tags?post=1758"}],"curies":[{"name":"wp","href":"https:\/\/api.w.org\/{rel}","templated":true}]}}