{"id":1689,"date":"2024-07-19T16:23:56","date_gmt":"2024-07-19T19:23:56","guid":{"rendered":"https:\/\/jornalofatual.ufsc.br\/?p=1689"},"modified":"2024-07-19T16:24:00","modified_gmt":"2024-07-19T19:24:00","slug":"livro-produzido-no-curso-de-design-da-ufsc-e-finalista-de-evento-global","status":"publish","type":"post","link":"https:\/\/jornalofatual.ufsc.br\/index.php\/2024\/07\/19\/livro-produzido-no-curso-de-design-da-ufsc-e-finalista-de-evento-global\/","title":{"rendered":"Livro produzido no curso de Design da UFSC \u00e9 finalista de evento global"},"content":{"rendered":"\n<h4 class=\"wp-block-heading\"><em>O Sonho dos Meninos disputa premia\u00e7\u00e3o do Festival comKids 202<\/em>4<\/h4>\n\n\n\n<div style=\"height:32px\" aria-hidden=\"true\" class=\"wp-block-spacer\"><\/div>\n\n\n\n<p><strong>VIT\u00d3RIO FLEURY<\/strong><\/p>\n\n\n\n<p>Desenvolvido no curso de Design da Universidade Federal de Santa Catarina (UFSC), o projeto <em>O Sonho dos Meninos <\/em>est\u00e1 entre os quatro finalistas do Festival comKids 2024, na categoria livro digital. O evento \u00e9 reconhecido internacionalmente por premiar conte\u00fados interativos, destinados a crian\u00e7as e adolescentes, com \u00eanfase em responsabilidade social, desenvolvimento cultural e economia criativa na Am\u00e9rica Latina e Pen\u00ednsula Ib\u00e9rica. \u00c9 a segunda vez que as produ\u00e7\u00f5es dos alunos da disciplina de Publica\u00e7\u00f5es Digitais participam do festival.<\/p>\n\n\n\n<p>O livro relata um encontro on\u00edrico entre os artistas C\u00e2ndido Portinari e Franklin Cascaes. \u201cConstruir os elementos que simbolizam os dois artistas e transformar em algo que dialogasse com o cotidiano das crian\u00e7as na faixa de nove a dez anos era nosso principal objetivo\u201d, explica Cleber da Luz Monteiro, estudante de Design da UFSC. Retratados como meninos, Portinari e Cascaes compartilham suas artes e inspira\u00e7\u00f5es, oferecendo uma proposta interativa, com textos verbais, ilustra\u00e7\u00f5es, m\u00fasicas, efeitos sonoros e links externos.<\/p>\n\n\n\n<p>\u201cFoi um grande desafio fazer este projeto com as limita\u00e7\u00f5es que n\u00f3s t\u00ednhamos, mas \u00e9 gratificante ver o resultado e as propor\u00e7\u00f5es que ele est\u00e1 tomando\u201d, destaca La\u00eds dos Santos da Silva, tamb\u00e9m estudante de Design da UFSC. A produ\u00e7\u00e3o de <em>O Sonho dos Meninos<\/em> iniciou de uma parceria com o Grupo de Estudos e Pesquisas Inf\u00e2ncia, Literatura e Educa\u00e7\u00e3o (UFSC), o Projeto Portinari, do Rio de Janeiro, o Museu Casa de Portinari, de Brodowski e o Equipe Museu de Arqueologia e Etnologia (MArquE), da UFSC.<\/p>\n\n\n\n<p>Escrita pela professora Maria Eliza Chierighini, do N\u00facleo de Desenvolvimento Infantil (NDI), a obra envolveu oficinas para a adapta\u00e7\u00e3o do texto original ao digital, incluindo materiais multim\u00eddias.<\/p>\n\n\n\n<p>O livro foi criado pelos estudantes Cleber da Luz Monteiro, Giovana Aparecida dos Santos, La\u00eds dos Santos da Silva e Nicole Alves Guglielmetti, sob a orienta\u00e7\u00e3o dos professores Douglas Menegazzi (Ilustra\u00e7\u00e3o e Design de Intera\u00e7\u00e3o), Mary Vonni Me\u00fcrer (Design Editorial) e Cristina Colombo (Design de M\u00eddias Locativas). O projeto tamb\u00e9m contou com a assessoria educacional e liter\u00e1ria da professora Caroline Machado (NDI\/UFSC).<\/p>\n\n\n\n<p>A premia\u00e7\u00e3o do Festival comKids 2024 ocorrer\u00e1 entre 12 e 17 de agosto, na Faculdade ESPM, em S\u00e3o Paulo, com transmiss\u00e3o ao vivo no canal comKids, no YouTube. A apresenta\u00e7\u00e3o dos finalistas da categoria livro digital ser\u00e1 no dia 13 de agosto, \u00e0s 14h. A premia\u00e7\u00e3o encerrar\u00e1 no evento, no dia 16, \u00e0s 14h, tamb\u00e9m na ESPM. A vota\u00e7\u00e3o ser\u00e1 feita por voto popular on-line, e a inscri\u00e7\u00e3o est\u00e1 aberta no portal comKids.<\/p>\n\n\n\n<figure class=\"wp-block-image size-full\"><img fetchpriority=\"high\" decoding=\"async\" width=\"1041\" height=\"781\" src=\"http:\/\/jornalofatual.ufsc.br\/wp-content\/uploads\/2024\/07\/WhatsApp-Image-2024-07-11-at-16.51.11.jpeg\" alt=\"\" class=\"wp-image-1656\" srcset=\"https:\/\/jornalofatual.ufsc.br\/wp-content\/uploads\/2024\/07\/WhatsApp-Image-2024-07-11-at-16.51.11.jpeg 1041w, https:\/\/jornalofatual.ufsc.br\/wp-content\/uploads\/2024\/07\/WhatsApp-Image-2024-07-11-at-16.51.11-300x225.jpeg 300w, https:\/\/jornalofatual.ufsc.br\/wp-content\/uploads\/2024\/07\/WhatsApp-Image-2024-07-11-at-16.51.11-768x576.jpeg 768w\" sizes=\"(max-width: 1041px) 100vw, 1041px\" \/><figcaption class=\"wp-element-caption\"><em>Foto: Reprodu\u00e7\u00e3o<\/em><\/figcaption><\/figure>\n","protected":false},"excerpt":{"rendered":"<p>O Sonho dos Meninos disputa premia\u00e7\u00e3o do Festival comKids 2024 VIT\u00d3RIO FLEURY Desenvolvido no curso de Design da Universidade Federal de Santa Catarina (UFSC), o projeto O Sonho dos Meninos est\u00e1 entre os quatro finalistas do Festival comKids 2024, na categoria livro digital. O evento \u00e9 reconhecido internacionalmente por premiar conte\u00fados interativos, destinados a crian\u00e7as [&hellip;]<\/p>\n","protected":false},"author":1,"featured_media":1656,"comment_status":"open","ping_status":"open","sticky":false,"template":"","format":"standard","meta":{"footnotes":""},"categories":[19,22],"tags":[],"class_list":["post-1689","post","type-post","status-publish","format-standard","has-post-thumbnail","hentry","category-noticias","category-ufsc"],"yoast_head":"<!-- This site is optimized with the Yoast SEO plugin v22.9 - https:\/\/yoast.com\/wordpress\/plugins\/seo\/ -->\n<title>Livro produzido no curso de Design da UFSC \u00e9 finalista de evento global - O Fatual<\/title>\n<meta name=\"robots\" content=\"index, follow, max-snippet:-1, max-image-preview:large, max-video-preview:-1\" \/>\n<link rel=\"canonical\" href=\"https:\/\/jornalofatual.ufsc.br\/index.php\/2024\/07\/19\/livro-produzido-no-curso-de-design-da-ufsc-e-finalista-de-evento-global\/\" \/>\n<meta property=\"og:locale\" content=\"pt_BR\" \/>\n<meta property=\"og:type\" content=\"article\" \/>\n<meta property=\"og:title\" content=\"Livro produzido no curso de Design da UFSC \u00e9 finalista de evento global - O Fatual\" \/>\n<meta property=\"og:description\" content=\"O Sonho dos Meninos disputa premia\u00e7\u00e3o do Festival comKids 2024 VIT\u00d3RIO FLEURY Desenvolvido no curso de Design da Universidade Federal de Santa Catarina (UFSC), o projeto O Sonho dos Meninos est\u00e1 entre os quatro finalistas do Festival comKids 2024, na categoria livro digital. O evento \u00e9 reconhecido internacionalmente por premiar conte\u00fados interativos, destinados a crian\u00e7as [&hellip;]\" \/>\n<meta property=\"og:url\" content=\"https:\/\/jornalofatual.ufsc.br\/index.php\/2024\/07\/19\/livro-produzido-no-curso-de-design-da-ufsc-e-finalista-de-evento-global\/\" \/>\n<meta property=\"og:site_name\" content=\"O Fatual\" \/>\n<meta property=\"article:published_time\" content=\"2024-07-19T19:23:56+00:00\" \/>\n<meta property=\"article:modified_time\" content=\"2024-07-19T19:24:00+00:00\" \/>\n<meta property=\"og:image\" content=\"http:\/\/jornalofatual.ufsc.br\/wp-content\/uploads\/2024\/07\/WhatsApp-Image-2024-07-11-at-16.51.11.jpeg\" \/>\n\t<meta property=\"og:image:width\" content=\"1041\" \/>\n\t<meta property=\"og:image:height\" content=\"781\" \/>\n\t<meta property=\"og:image:type\" content=\"image\/jpeg\" \/>\n<meta name=\"author\" content=\"O Fatual UFSC\" \/>\n<meta name=\"twitter:card\" content=\"summary_large_image\" \/>\n<meta name=\"twitter:label1\" content=\"Escrito por\" \/>\n\t<meta name=\"twitter:data1\" content=\"O Fatual UFSC\" \/>\n\t<meta name=\"twitter:label2\" content=\"Est. tempo de leitura\" \/>\n\t<meta name=\"twitter:data2\" content=\"3 minutos\" \/>\n<script type=\"application\/ld+json\" class=\"yoast-schema-graph\">{\"@context\":\"https:\/\/schema.org\",\"@graph\":[{\"@type\":\"WebPage\",\"@id\":\"https:\/\/jornalofatual.ufsc.br\/index.php\/2024\/07\/19\/livro-produzido-no-curso-de-design-da-ufsc-e-finalista-de-evento-global\/\",\"url\":\"https:\/\/jornalofatual.ufsc.br\/index.php\/2024\/07\/19\/livro-produzido-no-curso-de-design-da-ufsc-e-finalista-de-evento-global\/\",\"name\":\"Livro produzido no curso de Design da UFSC \u00e9 finalista de evento global - O Fatual\",\"isPartOf\":{\"@id\":\"https:\/\/jornalofatual.ufsc.br\/#website\"},\"primaryImageOfPage\":{\"@id\":\"https:\/\/jornalofatual.ufsc.br\/index.php\/2024\/07\/19\/livro-produzido-no-curso-de-design-da-ufsc-e-finalista-de-evento-global\/#primaryimage\"},\"image\":{\"@id\":\"https:\/\/jornalofatual.ufsc.br\/index.php\/2024\/07\/19\/livro-produzido-no-curso-de-design-da-ufsc-e-finalista-de-evento-global\/#primaryimage\"},\"thumbnailUrl\":\"https:\/\/jornalofatual.ufsc.br\/wp-content\/uploads\/2024\/07\/WhatsApp-Image-2024-07-11-at-16.51.11.jpeg\",\"datePublished\":\"2024-07-19T19:23:56+00:00\",\"dateModified\":\"2024-07-19T19:24:00+00:00\",\"author\":{\"@id\":\"https:\/\/jornalofatual.ufsc.br\/#\/schema\/person\/7c4da290bbeac2ab587bf3bd9b2796c5\"},\"breadcrumb\":{\"@id\":\"https:\/\/jornalofatual.ufsc.br\/index.php\/2024\/07\/19\/livro-produzido-no-curso-de-design-da-ufsc-e-finalista-de-evento-global\/#breadcrumb\"},\"inLanguage\":\"pt-BR\",\"potentialAction\":[{\"@type\":\"ReadAction\",\"target\":[\"https:\/\/jornalofatual.ufsc.br\/index.php\/2024\/07\/19\/livro-produzido-no-curso-de-design-da-ufsc-e-finalista-de-evento-global\/\"]}]},{\"@type\":\"ImageObject\",\"inLanguage\":\"pt-BR\",\"@id\":\"https:\/\/jornalofatual.ufsc.br\/index.php\/2024\/07\/19\/livro-produzido-no-curso-de-design-da-ufsc-e-finalista-de-evento-global\/#primaryimage\",\"url\":\"https:\/\/jornalofatual.ufsc.br\/wp-content\/uploads\/2024\/07\/WhatsApp-Image-2024-07-11-at-16.51.11.jpeg\",\"contentUrl\":\"https:\/\/jornalofatual.ufsc.br\/wp-content\/uploads\/2024\/07\/WhatsApp-Image-2024-07-11-at-16.51.11.jpeg\",\"width\":1041,\"height\":781},{\"@type\":\"BreadcrumbList\",\"@id\":\"https:\/\/jornalofatual.ufsc.br\/index.php\/2024\/07\/19\/livro-produzido-no-curso-de-design-da-ufsc-e-finalista-de-evento-global\/#breadcrumb\",\"itemListElement\":[{\"@type\":\"ListItem\",\"position\":1,\"name\":\"In\u00edcio\",\"item\":\"https:\/\/jornalofatual.ufsc.br\/\"},{\"@type\":\"ListItem\",\"position\":2,\"name\":\"Livro produzido no curso de Design da UFSC \u00e9 finalista de evento global\"}]},{\"@type\":\"WebSite\",\"@id\":\"https:\/\/jornalofatual.ufsc.br\/#website\",\"url\":\"https:\/\/jornalofatual.ufsc.br\/\",\"name\":\"O Fatual\",\"description\":\"Jornalismo UFSC\",\"potentialAction\":[{\"@type\":\"SearchAction\",\"target\":{\"@type\":\"EntryPoint\",\"urlTemplate\":\"https:\/\/jornalofatual.ufsc.br\/?s={search_term_string}\"},\"query-input\":\"required name=search_term_string\"}],\"inLanguage\":\"pt-BR\"},{\"@type\":\"Person\",\"@id\":\"https:\/\/jornalofatual.ufsc.br\/#\/schema\/person\/7c4da290bbeac2ab587bf3bd9b2796c5\",\"name\":\"O Fatual UFSC\",\"image\":{\"@type\":\"ImageObject\",\"inLanguage\":\"pt-BR\",\"@id\":\"https:\/\/jornalofatual.ufsc.br\/#\/schema\/person\/image\/\",\"url\":\"https:\/\/secure.gravatar.com\/avatar\/77a2965911ca4aaeddc636b7e775b7bb05b7e4b5d5ad85a27d016b6a781b2b04?s=96&d=mm&r=g\",\"contentUrl\":\"https:\/\/secure.gravatar.com\/avatar\/77a2965911ca4aaeddc636b7e775b7bb05b7e4b5d5ad85a27d016b6a781b2b04?s=96&d=mm&r=g\",\"caption\":\"O Fatual UFSC\"},\"sameAs\":[\"https:\/\/jornalofatual.ufsc.br\",\"https:\/\/www.instagram.com\/jornalofatual\/\"],\"url\":\"https:\/\/jornalofatual.ufsc.br\/index.php\/author\/jornalofactualgmail-com\/\"}]}<\/script>\n<!-- \/ Yoast SEO plugin. -->","yoast_head_json":{"title":"Livro produzido no curso de Design da UFSC \u00e9 finalista de evento global - O Fatual","robots":{"index":"index","follow":"follow","max-snippet":"max-snippet:-1","max-image-preview":"max-image-preview:large","max-video-preview":"max-video-preview:-1"},"canonical":"https:\/\/jornalofatual.ufsc.br\/index.php\/2024\/07\/19\/livro-produzido-no-curso-de-design-da-ufsc-e-finalista-de-evento-global\/","og_locale":"pt_BR","og_type":"article","og_title":"Livro produzido no curso de Design da UFSC \u00e9 finalista de evento global - O Fatual","og_description":"O Sonho dos Meninos disputa premia\u00e7\u00e3o do Festival comKids 2024 VIT\u00d3RIO FLEURY Desenvolvido no curso de Design da Universidade Federal de Santa Catarina (UFSC), o projeto O Sonho dos Meninos est\u00e1 entre os quatro finalistas do Festival comKids 2024, na categoria livro digital. O evento \u00e9 reconhecido internacionalmente por premiar conte\u00fados interativos, destinados a crian\u00e7as [&hellip;]","og_url":"https:\/\/jornalofatual.ufsc.br\/index.php\/2024\/07\/19\/livro-produzido-no-curso-de-design-da-ufsc-e-finalista-de-evento-global\/","og_site_name":"O Fatual","article_published_time":"2024-07-19T19:23:56+00:00","article_modified_time":"2024-07-19T19:24:00+00:00","og_image":[{"width":1041,"height":781,"url":"http:\/\/jornalofatual.ufsc.br\/wp-content\/uploads\/2024\/07\/WhatsApp-Image-2024-07-11-at-16.51.11.jpeg","type":"image\/jpeg"}],"author":"O Fatual UFSC","twitter_card":"summary_large_image","twitter_misc":{"Escrito por":"O Fatual UFSC","Est. tempo de leitura":"3 minutos"},"schema":{"@context":"https:\/\/schema.org","@graph":[{"@type":"WebPage","@id":"https:\/\/jornalofatual.ufsc.br\/index.php\/2024\/07\/19\/livro-produzido-no-curso-de-design-da-ufsc-e-finalista-de-evento-global\/","url":"https:\/\/jornalofatual.ufsc.br\/index.php\/2024\/07\/19\/livro-produzido-no-curso-de-design-da-ufsc-e-finalista-de-evento-global\/","name":"Livro produzido no curso de Design da UFSC \u00e9 finalista de evento global - O Fatual","isPartOf":{"@id":"https:\/\/jornalofatual.ufsc.br\/#website"},"primaryImageOfPage":{"@id":"https:\/\/jornalofatual.ufsc.br\/index.php\/2024\/07\/19\/livro-produzido-no-curso-de-design-da-ufsc-e-finalista-de-evento-global\/#primaryimage"},"image":{"@id":"https:\/\/jornalofatual.ufsc.br\/index.php\/2024\/07\/19\/livro-produzido-no-curso-de-design-da-ufsc-e-finalista-de-evento-global\/#primaryimage"},"thumbnailUrl":"https:\/\/jornalofatual.ufsc.br\/wp-content\/uploads\/2024\/07\/WhatsApp-Image-2024-07-11-at-16.51.11.jpeg","datePublished":"2024-07-19T19:23:56+00:00","dateModified":"2024-07-19T19:24:00+00:00","author":{"@id":"https:\/\/jornalofatual.ufsc.br\/#\/schema\/person\/7c4da290bbeac2ab587bf3bd9b2796c5"},"breadcrumb":{"@id":"https:\/\/jornalofatual.ufsc.br\/index.php\/2024\/07\/19\/livro-produzido-no-curso-de-design-da-ufsc-e-finalista-de-evento-global\/#breadcrumb"},"inLanguage":"pt-BR","potentialAction":[{"@type":"ReadAction","target":["https:\/\/jornalofatual.ufsc.br\/index.php\/2024\/07\/19\/livro-produzido-no-curso-de-design-da-ufsc-e-finalista-de-evento-global\/"]}]},{"@type":"ImageObject","inLanguage":"pt-BR","@id":"https:\/\/jornalofatual.ufsc.br\/index.php\/2024\/07\/19\/livro-produzido-no-curso-de-design-da-ufsc-e-finalista-de-evento-global\/#primaryimage","url":"https:\/\/jornalofatual.ufsc.br\/wp-content\/uploads\/2024\/07\/WhatsApp-Image-2024-07-11-at-16.51.11.jpeg","contentUrl":"https:\/\/jornalofatual.ufsc.br\/wp-content\/uploads\/2024\/07\/WhatsApp-Image-2024-07-11-at-16.51.11.jpeg","width":1041,"height":781},{"@type":"BreadcrumbList","@id":"https:\/\/jornalofatual.ufsc.br\/index.php\/2024\/07\/19\/livro-produzido-no-curso-de-design-da-ufsc-e-finalista-de-evento-global\/#breadcrumb","itemListElement":[{"@type":"ListItem","position":1,"name":"In\u00edcio","item":"https:\/\/jornalofatual.ufsc.br\/"},{"@type":"ListItem","position":2,"name":"Livro produzido no curso de Design da UFSC \u00e9 finalista de evento global"}]},{"@type":"WebSite","@id":"https:\/\/jornalofatual.ufsc.br\/#website","url":"https:\/\/jornalofatual.ufsc.br\/","name":"O Fatual","description":"Jornalismo UFSC","potentialAction":[{"@type":"SearchAction","target":{"@type":"EntryPoint","urlTemplate":"https:\/\/jornalofatual.ufsc.br\/?s={search_term_string}"},"query-input":"required name=search_term_string"}],"inLanguage":"pt-BR"},{"@type":"Person","@id":"https:\/\/jornalofatual.ufsc.br\/#\/schema\/person\/7c4da290bbeac2ab587bf3bd9b2796c5","name":"O Fatual UFSC","image":{"@type":"ImageObject","inLanguage":"pt-BR","@id":"https:\/\/jornalofatual.ufsc.br\/#\/schema\/person\/image\/","url":"https:\/\/secure.gravatar.com\/avatar\/77a2965911ca4aaeddc636b7e775b7bb05b7e4b5d5ad85a27d016b6a781b2b04?s=96&d=mm&r=g","contentUrl":"https:\/\/secure.gravatar.com\/avatar\/77a2965911ca4aaeddc636b7e775b7bb05b7e4b5d5ad85a27d016b6a781b2b04?s=96&d=mm&r=g","caption":"O Fatual UFSC"},"sameAs":["https:\/\/jornalofatual.ufsc.br","https:\/\/www.instagram.com\/jornalofatual\/"],"url":"https:\/\/jornalofatual.ufsc.br\/index.php\/author\/jornalofactualgmail-com\/"}]}},"_links":{"self":[{"href":"https:\/\/jornalofatual.ufsc.br\/index.php\/wp-json\/wp\/v2\/posts\/1689","targetHints":{"allow":["GET"]}}],"collection":[{"href":"https:\/\/jornalofatual.ufsc.br\/index.php\/wp-json\/wp\/v2\/posts"}],"about":[{"href":"https:\/\/jornalofatual.ufsc.br\/index.php\/wp-json\/wp\/v2\/types\/post"}],"author":[{"embeddable":true,"href":"https:\/\/jornalofatual.ufsc.br\/index.php\/wp-json\/wp\/v2\/users\/1"}],"replies":[{"embeddable":true,"href":"https:\/\/jornalofatual.ufsc.br\/index.php\/wp-json\/wp\/v2\/comments?post=1689"}],"version-history":[{"count":1,"href":"https:\/\/jornalofatual.ufsc.br\/index.php\/wp-json\/wp\/v2\/posts\/1689\/revisions"}],"predecessor-version":[{"id":1690,"href":"https:\/\/jornalofatual.ufsc.br\/index.php\/wp-json\/wp\/v2\/posts\/1689\/revisions\/1690"}],"wp:featuredmedia":[{"embeddable":true,"href":"https:\/\/jornalofatual.ufsc.br\/index.php\/wp-json\/wp\/v2\/media\/1656"}],"wp:attachment":[{"href":"https:\/\/jornalofatual.ufsc.br\/index.php\/wp-json\/wp\/v2\/media?parent=1689"}],"wp:term":[{"taxonomy":"category","embeddable":true,"href":"https:\/\/jornalofatual.ufsc.br\/index.php\/wp-json\/wp\/v2\/categories?post=1689"},{"taxonomy":"post_tag","embeddable":true,"href":"https:\/\/jornalofatual.ufsc.br\/index.php\/wp-json\/wp\/v2\/tags?post=1689"}],"curies":[{"name":"wp","href":"https:\/\/api.w.org\/{rel}","templated":true}]}}