{"id":1349,"date":"2024-05-24T19:09:16","date_gmt":"2024-05-24T22:09:16","guid":{"rendered":"https:\/\/jornalofatual.ufsc.br\/?p=1349"},"modified":"2024-05-24T19:09:18","modified_gmt":"2024-05-24T22:09:18","slug":"servidores-do-hu-ufsc-retornam-ao-trabalho-e-pedem-eleicoes-diretas-para-superintendente","status":"publish","type":"post","link":"https:\/\/jornalofatual.ufsc.br\/index.php\/2024\/05\/24\/servidores-do-hu-ufsc-retornam-ao-trabalho-e-pedem-eleicoes-diretas-para-superintendente\/","title":{"rendered":"Servidores do HU-UFSC retornam ao trabalho e pedem elei\u00e7\u00f5es diretas para superintendente\u00a0"},"content":{"rendered":"\n<h4 class=\"wp-block-heading\"><em>Por decis\u00e3o judicial, trabalhadores retomam atividades, mas apoiam greve e reivindicam demiss\u00e3o do superintendente Spyros<\/em><\/h4>\n\n\n\n<div style=\"height:32px\" aria-hidden=\"true\" class=\"wp-block-spacer\"><\/div>\n\n\n\n<p><strong>AMANDA MONIQUE, FERNANDA ZWIRTES E NATHALY BITTENCOURT<\/strong><\/p>\n\n\n\n<p>Sobrecarregados e sem valoriza\u00e7\u00e3o na carreira, os 213 trabalhadores do Hospital Universit\u00e1rio (HU) da Universidade Federal de Santa Catarina (UFSC) que participavam da greve ao lado dos T\u00e9cnicos-Administrativos em Educa\u00e7\u00e3o (TAEs) retornaram \u00e0s atividades na \u00faltima semana. O movimento aconteceu ap\u00f3s uma decis\u00e3o judicial, deferida pelo Tribunal Regional Federal da 4\u00ba Regi\u00e3o (TRF4) em 9 de maio, que determinou a volta imediata dos grevistas ao trabalho. Mesmo com o retorno \u00e0s atividades, os servidores do HU continuam participando das atividades da greve, iniciada em 11 de mar\u00e7o e que j\u00e1 dura 74 dias.&nbsp;<\/p>\n\n\n\n<p>Nesta quinta-feira (23), os TAEs da UFSC e trabalhadores do HU rejeitaram a proposta oferecida na 5\u00aa rodada de negocia\u00e7\u00e3o da Mesa Espec\u00edfica e Tempor\u00e1ria, realizada ter\u00e7a-feira (21), em Bras\u00edlia (DF). A decis\u00e3o ocorreu em Assembleia, em frente a reitoria do campus Trindade, em Florian\u00f3polis.&nbsp;<\/p>\n\n\n\n<p>A Uni\u00e3o, em di\u00e1logo com a Federa\u00e7\u00e3o de Sindicato de Trabalhadores T\u00e9cnico-Administrativos em Institui\u00e7\u00f5es de Ensino Superior P\u00fablicas do Brasil (Fasubra),&nbsp; manteve a proposta de 0% de reajuste salarial para 2024, contra a principal demanda da categoria de um reajuste neste ano. Em 2025, prop\u00f4s um aumento de 9% e, em 2026, de 5%.&nbsp;<\/p>\n\n\n\n<p>\u201cEssa proposta \u00e9 um esc\u00e1rnio com nossa categoria, precisamos cobrar a Fasubra\u201d, afirmou Renato Milis, integrante do comando de greve dos TAEs, em reuni\u00e3o com os trabalhadores do HU. O sal\u00e1rio dos t\u00e9cnicos est\u00e1 congelado desde 2016, com defasagem de aproximadamente 40%.&nbsp;<\/p>\n\n\n\n<p>Como os TAEs, em \u00e2mbito nacional, os servidores do HU reivindicam reestrutura\u00e7\u00e3o de carreira e recomposi\u00e7\u00e3o salarial. Como pauta local, requisitam a volta das elei\u00e7\u00f5es diretas para superintendente, que n\u00e3o ocorrem desde 2012, e a sa\u00edda do atual superintendente Spyros Cardoso Dimatos.<\/p>\n\n\n\n<p>Durante a assembleia, foi aprovada a outorga aos trabalhadores do HU para deliberar sobre a proposta de acordo de retomada dos servi\u00e7os na unidade. A \u00faltima decis\u00e3o judicial determinou a volta das atividades de 100% dos servidores p\u00fablicos do hospital, sob pena de multa de R$ 20 mil por dia. A resolu\u00e7\u00e3o partiu ap\u00f3s recurso da Empresa Brasileira de Servi\u00e7os Hospitalares (Ebserh), respons\u00e1vel pela administra\u00e7\u00e3o do hospital, em resposta \u00e0 derrubada da a\u00e7\u00e3o judicial anterior, que determinava o retorno de 80% da for\u00e7a de trabalho \u00e0s atividades.&nbsp;<\/p>\n\n\n\n<p>O argumento que baseou a resolu\u00e7\u00e3o foi a declara\u00e7\u00e3o de emerg\u00eancia em sa\u00fade p\u00fablica em Santa Catarina devido \u00e0 S\u00edndrome Respirat\u00f3ria Aguda Grave (SRAG) e a situa\u00e7\u00e3o de emerg\u00eancia clim\u00e1tica no Rio Grande do Sul. Confira trecho do processo abaixo:<\/p>\n\n\n\n<p><em>\u201cAssim, de forma excepcional, defiro o pedido para determinar o retorno \u00e0s atividades de 100% dos servidores p\u00fablicos da UFSC lotados no Hospital Universit\u00e1rio de Santa Catarina &#8211; HU-UFSC, sob pena de multa di\u00e1ria de RS 20.000,00 (vinte mil reais), em caso de descumprimento\u201d<\/em>.<\/p>\n\n\n\n<p>De acordo com o recurso movido pela Ebserh, a decis\u00e3o anterior foi descumprida e teria ocasionado o fechamento de leitos e unidades de emerg\u00eancia no HU. Segundo o comando de greve dos TAEs, essa informa\u00e7\u00e3o n\u00e3o reflete o que aconteceu no per\u00edodo. Os t\u00e9cnicos afirmam que, durante a paralisa\u00e7\u00e3o, somente a Cl\u00ednica 1 do HU teve suas atividades totalmente interrompidas, e a Cl\u00ednica 2 funcionou com 50% de sua capacidade.&nbsp;<\/p>\n\n\n\n<p>Eduardo Garcia, membro do Comando de Greve e coordenador administrativo do Sindicato de Trabalhadores em Educa\u00e7\u00e3o da UFSC (Sintufsc), alega que, diferente do que foi afirmado pela Ebserh, os setores emergenciais, que legalmente devem funcionar, nunca ficaram desassistidos. <\/p>\n\n\n\n<hr class=\"wp-block-separator has-alpha-channel-opacity\"\/>\n\n\n\n<h4 class=\"wp-block-heading\">\u201cOficialmente, ainda estamos em greve. Seguimos recorrendo juridicamente e pedimos a sa\u00edda do superintendente\u201d, disse.\u00a0<\/h4>\n\n\n\n<hr class=\"wp-block-separator has-alpha-channel-opacity\"\/>\n\n\n\n<p>As tentativas de judicializa\u00e7\u00e3o do movimento grevista partiram da gest\u00e3o de Spyros, que foi indicado para o cargo de superintendente pelo reitor, Irineu Manoel de Souza, em mar\u00e7o de 2023. Segundo o Comando de Greve, ele se reuniu somente uma vez com os TAEs, no in\u00edcio da greve, em mar\u00e7o. Logo ap\u00f3s essa reuni\u00e3o, a categoria teria recebido a primeira intima\u00e7\u00e3o judicial. Os servidores reivindicam\u00a0 que o superintendente do HU seja eleito pelos pr\u00f3prios t\u00e9cnicos e, ap\u00f3s a escolha, indicado pelo reitor para a Ebserh.<\/p>\n\n\n<div class=\"wp-block-image\">\n<figure class=\"aligncenter size-full\"><img fetchpriority=\"high\" decoding=\"async\" width=\"738\" height=\"556\" src=\"https:\/\/jornalofatual.ufsc.br\/wp-content\/uploads\/2024\/05\/imagem_2024-05-24_190333576.png\" alt=\"\" class=\"wp-image-1350\" srcset=\"https:\/\/jornalofatual.ufsc.br\/wp-content\/uploads\/2024\/05\/imagem_2024-05-24_190333576.png 738w, https:\/\/jornalofatual.ufsc.br\/wp-content\/uploads\/2024\/05\/imagem_2024-05-24_190333576-300x226.png 300w\" sizes=\"(max-width: 738px) 100vw, 738px\" \/><figcaption class=\"wp-element-caption\">Cortejo f\u00fanebre de retorno dos trabalhadores em greve ao HU-UFSC. No arranjo de flores est\u00e1 escrito \u201cHospital Universit\u00e1rio Fora Spyros\u201d<em>. Foto: Reprodu\u00e7\u00e3o\/Sintufsc<\/em><br><\/figcaption><\/figure>\n<\/div>\n\n\n<p>Atualmente, a nomea\u00e7\u00e3o do superintendente \u00e9 feita por indica\u00e7\u00e3o do reitor da UFSC e a Ebserh determina a aceita\u00e7\u00e3o.&nbsp; A pauta das elei\u00e7\u00f5es diretas inclui a paridade de voto entre os dois regimes de trabalho no HU &#8211; o Regime Jur\u00eddico \u00danico (RJU), regido pela Universidade, e de Consolida\u00e7\u00e3o das Leis de Trabalho (CLT), gerido pela Ebserh. Atualmente, cerca de 800 profissionais do HU s\u00e3o de RJU, enquanto os outros 900 trabalhadores em regime CLT s\u00e3o empregados pela Ebserh. Ambos n\u00e3o votam em uma elei\u00e7\u00e3o desde 2012.<\/p>\n\n\n\n<hr class=\"wp-block-separator has-alpha-channel-opacity\"\/>\n\n\n\n<h4 class=\"wp-block-heading\">\u201cTodos os diretores de centro da UFSC s\u00e3o eleitos, entendemos que o HU tamb\u00e9m tem esse direito\u201d, defende Jakeline Becker, contadora do hospital.&nbsp;<\/h4>\n\n\n\n<hr class=\"wp-block-separator has-alpha-channel-opacity\"\/>\n\n\n\n<p><strong><em>O Fatual<\/em><\/strong> tentou contato com o superintendente Spyros Dimatos, que n\u00e3o concedeu entrevista, pois encontra-se de f\u00e9rias.<\/p>\n\n\n\n<h3 class=\"wp-block-heading\"><strong>Precariza\u00e7\u00e3o do espa\u00e7o f\u00edsico e situa\u00e7\u00e3o dos estudantes <\/strong><\/h3>\n\n\n\n<p>\u201cEstava no corredor do HU e vi um idoso cair a 200 metros de mim, por conta de um vazamento d\u2019\u00e1gua\u201d, relata a graduanda de Enfermagem Carmem da Silva<strong>*<\/strong>. Al\u00e9m dos problemas de encana\u00e7\u00e3o e eletricidade, o hospital apresenta goteiras, alagamentos, falta de aparelhos de ar-condicionado, janelas desprotegidas e salas interditadas.\u00a0<\/p>\n\n\n<div class=\"wp-block-image\">\n<figure class=\"aligncenter size-full is-resized\"><img decoding=\"async\" width=\"677\" height=\"390\" src=\"https:\/\/jornalofatual.ufsc.br\/wp-content\/uploads\/2024\/05\/imagem_2024-05-24_190624164.png\" alt=\"\" class=\"wp-image-1351\" style=\"width:803px;height:auto\" srcset=\"https:\/\/jornalofatual.ufsc.br\/wp-content\/uploads\/2024\/05\/imagem_2024-05-24_190624164.png 677w, https:\/\/jornalofatual.ufsc.br\/wp-content\/uploads\/2024\/05\/imagem_2024-05-24_190624164-300x173.png 300w\" sizes=\"(max-width: 677px) 100vw, 677px\" \/><figcaption class=\"wp-element-caption\">A emerg\u00eancia do HU atende mais de 53 mil pessoas por ano. <em>Foto: Nathaly Bittencourt<\/em><\/figcaption><\/figure>\n<\/div>\n\n\n<p>Os estudantes de Enfermagem, em greve desde 8 de maio, continuam parcialmente seus est\u00e1gios no HU e tamb\u00e9m se sentem sobrecarregados. Carmem* relata que, em caso de falta de funcion\u00e1rios, a administra\u00e7\u00e3o conta com a m\u00e3o de obra dos bolsistas e estagi\u00e1rios. Ela explica que enquanto um enfermeiro experiente pode cuidar de, por exemplo, 15 pacientes, um estudante consegue administrar o cuidado de apenas um e exigir mais que isso causa exaust\u00e3o. \u201cO aluno est\u00e1 ali para aprender e n\u00e3o para render trabalho\u201d, argumenta.&nbsp;<\/p>\n\n\n\n<p>A falta de materiais n\u00e3o \u00e9 um problema citado pela entrevistada, mas ela aponta que, com investimento em curativos mais tecnol\u00f3gicos, pacientes poderiam sair do hospital at\u00e9 uma semana antes. \u201cAlguns pacientes precisam de curativos mais elaborados. Curativos melhores reduziriam o tempo de interna\u00e7\u00e3o e, consequentemente, os gastos tamb\u00e9m\u201d, diz.&nbsp;<\/p>\n\n\n\n<p>Mesmo com o retorno dos servidores do HU, os estudantes permanecem em greve.&nbsp;<\/p>\n\n\n\n<blockquote class=\"wp-block-quote is-layout-flow wp-block-quote-is-layout-flow\">\n<p>*O nome Carmem da Silva \u00e9 fict\u00edcio. A estudante preferiu n\u00e3o se identificar.<\/p>\n<\/blockquote>\n\n\n<div class=\"wp-block-image\">\n<figure class=\"aligncenter size-full is-resized\"><img decoding=\"async\" width=\"717\" height=\"447\" src=\"https:\/\/jornalofatual.ufsc.br\/wp-content\/uploads\/2024\/05\/imagem_2024-05-24_190747814.png\" alt=\"\" class=\"wp-image-1352\" style=\"width:796px;height:auto\" srcset=\"https:\/\/jornalofatual.ufsc.br\/wp-content\/uploads\/2024\/05\/imagem_2024-05-24_190747814.png 717w, https:\/\/jornalofatual.ufsc.br\/wp-content\/uploads\/2024\/05\/imagem_2024-05-24_190747814-300x187.png 300w\" sizes=\"(max-width: 717px) 100vw, 717px\" \/><figcaption class=\"wp-element-caption\">O HU-UFSC completou 43 anos de inaugura\u00e7\u00e3o em 2 de maio. <em>Foto: Nathaly Bittencourt<\/em><\/figcaption><\/figure>\n<\/div>","protected":false},"excerpt":{"rendered":"<p>Por decis\u00e3o judicial, trabalhadores retomam atividades, mas apoiam greve e reivindicam demiss\u00e3o do superintendente Spyros AMANDA MONIQUE, FERNANDA ZWIRTES E NATHALY BITTENCOURT Sobrecarregados e sem valoriza\u00e7\u00e3o na carreira, os 213 trabalhadores do Hospital Universit\u00e1rio (HU) da Universidade Federal de Santa Catarina (UFSC) que participavam da greve ao lado dos T\u00e9cnicos-Administrativos em Educa\u00e7\u00e3o (TAEs) retornaram \u00e0s [&hellip;]<\/p>\n","protected":false},"author":1,"featured_media":1352,"comment_status":"open","ping_status":"open","sticky":false,"template":"","format":"standard","meta":{"footnotes":""},"categories":[149,150],"tags":[],"class_list":["post-1349","post","type-post","status-publish","format-standard","has-post-thumbnail","hentry","category-coberturas","category-greve-nacional-da-educacao"],"yoast_head":"<!-- This site is optimized with the Yoast SEO plugin v22.9 - https:\/\/yoast.com\/wordpress\/plugins\/seo\/ -->\n<title>Servidores do HU-UFSC retornam ao trabalho e pedem elei\u00e7\u00f5es diretas para superintendente\u00a0 - O Fatual<\/title>\n<meta name=\"robots\" content=\"index, follow, max-snippet:-1, max-image-preview:large, max-video-preview:-1\" \/>\n<link rel=\"canonical\" href=\"https:\/\/jornalofatual.ufsc.br\/index.php\/2024\/05\/24\/servidores-do-hu-ufsc-retornam-ao-trabalho-e-pedem-eleicoes-diretas-para-superintendente\/\" \/>\n<meta property=\"og:locale\" content=\"pt_BR\" \/>\n<meta property=\"og:type\" content=\"article\" \/>\n<meta property=\"og:title\" content=\"Servidores do HU-UFSC retornam ao trabalho e pedem elei\u00e7\u00f5es diretas para superintendente\u00a0 - O Fatual\" \/>\n<meta property=\"og:description\" content=\"Por decis\u00e3o judicial, trabalhadores retomam atividades, mas apoiam greve e reivindicam demiss\u00e3o do superintendente Spyros AMANDA MONIQUE, FERNANDA ZWIRTES E NATHALY BITTENCOURT Sobrecarregados e sem valoriza\u00e7\u00e3o na carreira, os 213 trabalhadores do Hospital Universit\u00e1rio (HU) da Universidade Federal de Santa Catarina (UFSC) que participavam da greve ao lado dos T\u00e9cnicos-Administrativos em Educa\u00e7\u00e3o (TAEs) retornaram \u00e0s [&hellip;]\" \/>\n<meta property=\"og:url\" content=\"https:\/\/jornalofatual.ufsc.br\/index.php\/2024\/05\/24\/servidores-do-hu-ufsc-retornam-ao-trabalho-e-pedem-eleicoes-diretas-para-superintendente\/\" \/>\n<meta property=\"og:site_name\" content=\"O Fatual\" \/>\n<meta property=\"article:published_time\" content=\"2024-05-24T22:09:16+00:00\" \/>\n<meta property=\"article:modified_time\" content=\"2024-05-24T22:09:18+00:00\" \/>\n<meta property=\"og:image\" content=\"http:\/\/jornalofatual.ufsc.br\/wp-content\/uploads\/2024\/05\/imagem_2024-05-24_190747814.png\" \/>\n\t<meta property=\"og:image:width\" content=\"717\" \/>\n\t<meta property=\"og:image:height\" content=\"447\" \/>\n\t<meta property=\"og:image:type\" content=\"image\/png\" \/>\n<meta name=\"author\" content=\"O Fatual UFSC\" \/>\n<meta name=\"twitter:card\" content=\"summary_large_image\" \/>\n<meta name=\"twitter:label1\" content=\"Escrito por\" \/>\n\t<meta name=\"twitter:data1\" content=\"O Fatual UFSC\" \/>\n\t<meta name=\"twitter:label2\" content=\"Est. tempo de leitura\" \/>\n\t<meta name=\"twitter:data2\" content=\"7 minutos\" \/>\n<script type=\"application\/ld+json\" class=\"yoast-schema-graph\">{\"@context\":\"https:\/\/schema.org\",\"@graph\":[{\"@type\":\"WebPage\",\"@id\":\"https:\/\/jornalofatual.ufsc.br\/index.php\/2024\/05\/24\/servidores-do-hu-ufsc-retornam-ao-trabalho-e-pedem-eleicoes-diretas-para-superintendente\/\",\"url\":\"https:\/\/jornalofatual.ufsc.br\/index.php\/2024\/05\/24\/servidores-do-hu-ufsc-retornam-ao-trabalho-e-pedem-eleicoes-diretas-para-superintendente\/\",\"name\":\"Servidores do HU-UFSC retornam ao trabalho e pedem elei\u00e7\u00f5es diretas para superintendente\u00a0 - O Fatual\",\"isPartOf\":{\"@id\":\"https:\/\/jornalofatual.ufsc.br\/#website\"},\"primaryImageOfPage\":{\"@id\":\"https:\/\/jornalofatual.ufsc.br\/index.php\/2024\/05\/24\/servidores-do-hu-ufsc-retornam-ao-trabalho-e-pedem-eleicoes-diretas-para-superintendente\/#primaryimage\"},\"image\":{\"@id\":\"https:\/\/jornalofatual.ufsc.br\/index.php\/2024\/05\/24\/servidores-do-hu-ufsc-retornam-ao-trabalho-e-pedem-eleicoes-diretas-para-superintendente\/#primaryimage\"},\"thumbnailUrl\":\"https:\/\/jornalofatual.ufsc.br\/wp-content\/uploads\/2024\/05\/imagem_2024-05-24_190747814.png\",\"datePublished\":\"2024-05-24T22:09:16+00:00\",\"dateModified\":\"2024-05-24T22:09:18+00:00\",\"author\":{\"@id\":\"https:\/\/jornalofatual.ufsc.br\/#\/schema\/person\/7c4da290bbeac2ab587bf3bd9b2796c5\"},\"breadcrumb\":{\"@id\":\"https:\/\/jornalofatual.ufsc.br\/index.php\/2024\/05\/24\/servidores-do-hu-ufsc-retornam-ao-trabalho-e-pedem-eleicoes-diretas-para-superintendente\/#breadcrumb\"},\"inLanguage\":\"pt-BR\",\"potentialAction\":[{\"@type\":\"ReadAction\",\"target\":[\"https:\/\/jornalofatual.ufsc.br\/index.php\/2024\/05\/24\/servidores-do-hu-ufsc-retornam-ao-trabalho-e-pedem-eleicoes-diretas-para-superintendente\/\"]}]},{\"@type\":\"ImageObject\",\"inLanguage\":\"pt-BR\",\"@id\":\"https:\/\/jornalofatual.ufsc.br\/index.php\/2024\/05\/24\/servidores-do-hu-ufsc-retornam-ao-trabalho-e-pedem-eleicoes-diretas-para-superintendente\/#primaryimage\",\"url\":\"https:\/\/jornalofatual.ufsc.br\/wp-content\/uploads\/2024\/05\/imagem_2024-05-24_190747814.png\",\"contentUrl\":\"https:\/\/jornalofatual.ufsc.br\/wp-content\/uploads\/2024\/05\/imagem_2024-05-24_190747814.png\",\"width\":717,\"height\":447},{\"@type\":\"BreadcrumbList\",\"@id\":\"https:\/\/jornalofatual.ufsc.br\/index.php\/2024\/05\/24\/servidores-do-hu-ufsc-retornam-ao-trabalho-e-pedem-eleicoes-diretas-para-superintendente\/#breadcrumb\",\"itemListElement\":[{\"@type\":\"ListItem\",\"position\":1,\"name\":\"In\u00edcio\",\"item\":\"https:\/\/jornalofatual.ufsc.br\/\"},{\"@type\":\"ListItem\",\"position\":2,\"name\":\"Servidores do HU-UFSC retornam ao trabalho e pedem elei\u00e7\u00f5es diretas para superintendente\u00a0\"}]},{\"@type\":\"WebSite\",\"@id\":\"https:\/\/jornalofatual.ufsc.br\/#website\",\"url\":\"https:\/\/jornalofatual.ufsc.br\/\",\"name\":\"O Fatual\",\"description\":\"Jornalismo UFSC\",\"potentialAction\":[{\"@type\":\"SearchAction\",\"target\":{\"@type\":\"EntryPoint\",\"urlTemplate\":\"https:\/\/jornalofatual.ufsc.br\/?s={search_term_string}\"},\"query-input\":\"required name=search_term_string\"}],\"inLanguage\":\"pt-BR\"},{\"@type\":\"Person\",\"@id\":\"https:\/\/jornalofatual.ufsc.br\/#\/schema\/person\/7c4da290bbeac2ab587bf3bd9b2796c5\",\"name\":\"O Fatual UFSC\",\"image\":{\"@type\":\"ImageObject\",\"inLanguage\":\"pt-BR\",\"@id\":\"https:\/\/jornalofatual.ufsc.br\/#\/schema\/person\/image\/\",\"url\":\"https:\/\/secure.gravatar.com\/avatar\/77a2965911ca4aaeddc636b7e775b7bb05b7e4b5d5ad85a27d016b6a781b2b04?s=96&d=mm&r=g\",\"contentUrl\":\"https:\/\/secure.gravatar.com\/avatar\/77a2965911ca4aaeddc636b7e775b7bb05b7e4b5d5ad85a27d016b6a781b2b04?s=96&d=mm&r=g\",\"caption\":\"O Fatual UFSC\"},\"sameAs\":[\"https:\/\/jornalofatual.ufsc.br\",\"https:\/\/www.instagram.com\/jornalofatual\/\"],\"url\":\"https:\/\/jornalofatual.ufsc.br\/index.php\/author\/jornalofactualgmail-com\/\"}]}<\/script>\n<!-- \/ Yoast SEO plugin. -->","yoast_head_json":{"title":"Servidores do HU-UFSC retornam ao trabalho e pedem elei\u00e7\u00f5es diretas para superintendente\u00a0 - O Fatual","robots":{"index":"index","follow":"follow","max-snippet":"max-snippet:-1","max-image-preview":"max-image-preview:large","max-video-preview":"max-video-preview:-1"},"canonical":"https:\/\/jornalofatual.ufsc.br\/index.php\/2024\/05\/24\/servidores-do-hu-ufsc-retornam-ao-trabalho-e-pedem-eleicoes-diretas-para-superintendente\/","og_locale":"pt_BR","og_type":"article","og_title":"Servidores do HU-UFSC retornam ao trabalho e pedem elei\u00e7\u00f5es diretas para superintendente\u00a0 - O Fatual","og_description":"Por decis\u00e3o judicial, trabalhadores retomam atividades, mas apoiam greve e reivindicam demiss\u00e3o do superintendente Spyros AMANDA MONIQUE, FERNANDA ZWIRTES E NATHALY BITTENCOURT Sobrecarregados e sem valoriza\u00e7\u00e3o na carreira, os 213 trabalhadores do Hospital Universit\u00e1rio (HU) da Universidade Federal de Santa Catarina (UFSC) que participavam da greve ao lado dos T\u00e9cnicos-Administrativos em Educa\u00e7\u00e3o (TAEs) retornaram \u00e0s [&hellip;]","og_url":"https:\/\/jornalofatual.ufsc.br\/index.php\/2024\/05\/24\/servidores-do-hu-ufsc-retornam-ao-trabalho-e-pedem-eleicoes-diretas-para-superintendente\/","og_site_name":"O Fatual","article_published_time":"2024-05-24T22:09:16+00:00","article_modified_time":"2024-05-24T22:09:18+00:00","og_image":[{"width":717,"height":447,"url":"http:\/\/jornalofatual.ufsc.br\/wp-content\/uploads\/2024\/05\/imagem_2024-05-24_190747814.png","type":"image\/png"}],"author":"O Fatual UFSC","twitter_card":"summary_large_image","twitter_misc":{"Escrito por":"O Fatual UFSC","Est. tempo de leitura":"7 minutos"},"schema":{"@context":"https:\/\/schema.org","@graph":[{"@type":"WebPage","@id":"https:\/\/jornalofatual.ufsc.br\/index.php\/2024\/05\/24\/servidores-do-hu-ufsc-retornam-ao-trabalho-e-pedem-eleicoes-diretas-para-superintendente\/","url":"https:\/\/jornalofatual.ufsc.br\/index.php\/2024\/05\/24\/servidores-do-hu-ufsc-retornam-ao-trabalho-e-pedem-eleicoes-diretas-para-superintendente\/","name":"Servidores do HU-UFSC retornam ao trabalho e pedem elei\u00e7\u00f5es diretas para superintendente\u00a0 - O Fatual","isPartOf":{"@id":"https:\/\/jornalofatual.ufsc.br\/#website"},"primaryImageOfPage":{"@id":"https:\/\/jornalofatual.ufsc.br\/index.php\/2024\/05\/24\/servidores-do-hu-ufsc-retornam-ao-trabalho-e-pedem-eleicoes-diretas-para-superintendente\/#primaryimage"},"image":{"@id":"https:\/\/jornalofatual.ufsc.br\/index.php\/2024\/05\/24\/servidores-do-hu-ufsc-retornam-ao-trabalho-e-pedem-eleicoes-diretas-para-superintendente\/#primaryimage"},"thumbnailUrl":"https:\/\/jornalofatual.ufsc.br\/wp-content\/uploads\/2024\/05\/imagem_2024-05-24_190747814.png","datePublished":"2024-05-24T22:09:16+00:00","dateModified":"2024-05-24T22:09:18+00:00","author":{"@id":"https:\/\/jornalofatual.ufsc.br\/#\/schema\/person\/7c4da290bbeac2ab587bf3bd9b2796c5"},"breadcrumb":{"@id":"https:\/\/jornalofatual.ufsc.br\/index.php\/2024\/05\/24\/servidores-do-hu-ufsc-retornam-ao-trabalho-e-pedem-eleicoes-diretas-para-superintendente\/#breadcrumb"},"inLanguage":"pt-BR","potentialAction":[{"@type":"ReadAction","target":["https:\/\/jornalofatual.ufsc.br\/index.php\/2024\/05\/24\/servidores-do-hu-ufsc-retornam-ao-trabalho-e-pedem-eleicoes-diretas-para-superintendente\/"]}]},{"@type":"ImageObject","inLanguage":"pt-BR","@id":"https:\/\/jornalofatual.ufsc.br\/index.php\/2024\/05\/24\/servidores-do-hu-ufsc-retornam-ao-trabalho-e-pedem-eleicoes-diretas-para-superintendente\/#primaryimage","url":"https:\/\/jornalofatual.ufsc.br\/wp-content\/uploads\/2024\/05\/imagem_2024-05-24_190747814.png","contentUrl":"https:\/\/jornalofatual.ufsc.br\/wp-content\/uploads\/2024\/05\/imagem_2024-05-24_190747814.png","width":717,"height":447},{"@type":"BreadcrumbList","@id":"https:\/\/jornalofatual.ufsc.br\/index.php\/2024\/05\/24\/servidores-do-hu-ufsc-retornam-ao-trabalho-e-pedem-eleicoes-diretas-para-superintendente\/#breadcrumb","itemListElement":[{"@type":"ListItem","position":1,"name":"In\u00edcio","item":"https:\/\/jornalofatual.ufsc.br\/"},{"@type":"ListItem","position":2,"name":"Servidores do HU-UFSC retornam ao trabalho e pedem elei\u00e7\u00f5es diretas para superintendente\u00a0"}]},{"@type":"WebSite","@id":"https:\/\/jornalofatual.ufsc.br\/#website","url":"https:\/\/jornalofatual.ufsc.br\/","name":"O Fatual","description":"Jornalismo UFSC","potentialAction":[{"@type":"SearchAction","target":{"@type":"EntryPoint","urlTemplate":"https:\/\/jornalofatual.ufsc.br\/?s={search_term_string}"},"query-input":"required name=search_term_string"}],"inLanguage":"pt-BR"},{"@type":"Person","@id":"https:\/\/jornalofatual.ufsc.br\/#\/schema\/person\/7c4da290bbeac2ab587bf3bd9b2796c5","name":"O Fatual UFSC","image":{"@type":"ImageObject","inLanguage":"pt-BR","@id":"https:\/\/jornalofatual.ufsc.br\/#\/schema\/person\/image\/","url":"https:\/\/secure.gravatar.com\/avatar\/77a2965911ca4aaeddc636b7e775b7bb05b7e4b5d5ad85a27d016b6a781b2b04?s=96&d=mm&r=g","contentUrl":"https:\/\/secure.gravatar.com\/avatar\/77a2965911ca4aaeddc636b7e775b7bb05b7e4b5d5ad85a27d016b6a781b2b04?s=96&d=mm&r=g","caption":"O Fatual UFSC"},"sameAs":["https:\/\/jornalofatual.ufsc.br","https:\/\/www.instagram.com\/jornalofatual\/"],"url":"https:\/\/jornalofatual.ufsc.br\/index.php\/author\/jornalofactualgmail-com\/"}]}},"_links":{"self":[{"href":"https:\/\/jornalofatual.ufsc.br\/index.php\/wp-json\/wp\/v2\/posts\/1349","targetHints":{"allow":["GET"]}}],"collection":[{"href":"https:\/\/jornalofatual.ufsc.br\/index.php\/wp-json\/wp\/v2\/posts"}],"about":[{"href":"https:\/\/jornalofatual.ufsc.br\/index.php\/wp-json\/wp\/v2\/types\/post"}],"author":[{"embeddable":true,"href":"https:\/\/jornalofatual.ufsc.br\/index.php\/wp-json\/wp\/v2\/users\/1"}],"replies":[{"embeddable":true,"href":"https:\/\/jornalofatual.ufsc.br\/index.php\/wp-json\/wp\/v2\/comments?post=1349"}],"version-history":[{"count":1,"href":"https:\/\/jornalofatual.ufsc.br\/index.php\/wp-json\/wp\/v2\/posts\/1349\/revisions"}],"predecessor-version":[{"id":1353,"href":"https:\/\/jornalofatual.ufsc.br\/index.php\/wp-json\/wp\/v2\/posts\/1349\/revisions\/1353"}],"wp:featuredmedia":[{"embeddable":true,"href":"https:\/\/jornalofatual.ufsc.br\/index.php\/wp-json\/wp\/v2\/media\/1352"}],"wp:attachment":[{"href":"https:\/\/jornalofatual.ufsc.br\/index.php\/wp-json\/wp\/v2\/media?parent=1349"}],"wp:term":[{"taxonomy":"category","embeddable":true,"href":"https:\/\/jornalofatual.ufsc.br\/index.php\/wp-json\/wp\/v2\/categories?post=1349"},{"taxonomy":"post_tag","embeddable":true,"href":"https:\/\/jornalofatual.ufsc.br\/index.php\/wp-json\/wp\/v2\/tags?post=1349"}],"curies":[{"name":"wp","href":"https:\/\/api.w.org\/{rel}","templated":true}]}}