{"id":1253,"date":"2024-05-17T14:51:09","date_gmt":"2024-05-17T17:51:09","guid":{"rendered":"https:\/\/jornalofatual.ufsc.br\/?p=1253"},"modified":"2024-05-19T00:48:36","modified_gmt":"2024-05-19T03:48:36","slug":"negar-a-greve-e-negacionismo-politico-afirma-economista-david-deccache-em-ato-unificado-da-greve-na-ufsc","status":"publish","type":"post","link":"https:\/\/jornalofatual.ufsc.br\/index.php\/2024\/05\/17\/negar-a-greve-e-negacionismo-politico-afirma-economista-david-deccache-em-ato-unificado-da-greve-na-ufsc\/","title":{"rendered":"\u201cNegar a greve \u00e9 negacionismo pol\u00edtico\u201d, afirma economista David Deccache em Ato Unificado da Greve na UFSC"},"content":{"rendered":"\n<h4 class=\"wp-block-heading\"><em>Ato organizado pelo Comando de Greve Unificado tratou sobre or\u00e7amento federal para universidades<\/em><\/h4>\n\n\n\n<div style=\"height:32px\" aria-hidden=\"true\" class=\"wp-block-spacer\"><\/div>\n\n\n\n<p><strong>FERNANDA ZWIRTES E IARA ROCHA<\/strong><\/p>\n\n\n\n<p>Cerca de 200 pessoas se reuniram para uma conversa com David Deccache, assessor econ\u00f4mico e doutor em Economia pela Universidade de Bras\u00edlia (UnB), no <em>hall<\/em> da reitoria da Universidade Federal de Santa Catarina (UFSC), em Florian\u00f3polis. O Ato Unificado aconteceu na quinta-feira (16), a partir das 14h, e foi organizado pelo Comando Unificado de Greve na UFSC para discutir o impacto do or\u00e7amento federal nas universidades p\u00fablicas.<\/p>\n\n\n\n<p>Na mesa de debate, estavam presentes os representantes dos comandos de greve dos t\u00e9cnicos-administrativos em educa\u00e7\u00e3o (TAEs), dos professores e dos p\u00f3s-graduandos.&nbsp;<\/p>\n\n\n\n<p>O docente e organizador do Ato, Henry Bill McQuade, argumentou que a discuss\u00e3o sobre o or\u00e7amento \u00e9 essencial para informar aqueles que participam da greve. \u201c\u00c9 fundamental que possamos qualificar o debate e entender em que situa\u00e7\u00e3o estamos com a universidade. Temos vivido uma precariza\u00e7\u00e3o das condi\u00e7\u00f5es de trabalho, de estudo, de pesquisa e at\u00e9 mesmo de extens\u00e3o\u201d, defendeu o professor.\u00a0<\/p>\n\n\n\n<p>Segundo David Deccache, a conjuntura econ\u00f4mica nacional dos \u00faltimos dez anos influencia no atual cen\u00e1rio da greve no pa\u00eds. O economista afirma que a pol\u00edtica do arcabou\u00e7o fiscal impacta diretamente na exist\u00eancia e valoriza\u00e7\u00e3o do piso da sa\u00fade, educa\u00e7\u00e3o e previd\u00eancia. \u201cTodas essas medidas de austeridade fiscal partem de um projeto de pa\u00eds que visa mercantilizar e sucatear os servi\u00e7os p\u00fablicos\u201d, criticou.&nbsp;<\/p>\n\n\n\n<p>O novo arcabou\u00e7o fiscal foi aprovado h\u00e1 quase um ano, em 23 de maio de 2023, pela C\u00e2mara de Deputados, e substituiu a pol\u00edtica anterior de teto de gastos, do governo Michel Temer. O projeto de lei tem como principal medida manter o crescimento de gastos do governo a 70% da varia\u00e7\u00e3o dos ganhos do ano anterior.&nbsp;<\/p>\n\n\n\n<p>Caso a meta fiscal for descumprida em um ano, o governo fica proibido de criar cargos, empregos ou fun\u00e7\u00f5es que impliquem no aumento de despesas, criar aux\u00edlios, reajustar despesas obrigat\u00f3rias e conceder ou ampliar incentivos fiscais. Se a situa\u00e7\u00e3o se repetir no ano subsequente, somam-se a essas medidas a proibi\u00e7\u00e3o de aumento e reajuste de pessoal, realiza\u00e7\u00e3o de concurso p\u00fablico e admiss\u00e3o de novos servidores.&nbsp;<\/p>\n\n\n\n<p>Neste um ano de funcionamento, o arcabou\u00e7o fiscal j\u00e1 afetou o funcionamento das universidades p\u00fablicas. Em 2024, o or\u00e7amento aprovado para despesas discricion\u00e1rias da UFSC &#8211; aquelas que n\u00e3o s\u00e3o obrigat\u00f3rias -, pela Lei de Diretrizes Or\u00e7ament\u00e1rias (LOA), foi de R$150,6 milh\u00f5es, o que projeta um d\u00e9ficit de R$30 milh\u00f5es para o ano vigente.\u00a0<\/p>\n\n\n\n<p>Na pr\u00e1tica, h\u00e1 menos dinheiro para despesas b\u00e1sicas, como \u00e1gua, luz, limpeza, bolsas estudantis, novas obras e manuten\u00e7\u00e3o da infraestrutura universit\u00e1ria. Al\u00e9m da parte estrutural, o baixo or\u00e7amento reflete a defasagem de reposi\u00e7\u00e3o salarial de t\u00e9cnicos e docentes, que s\u00e3o pautas priorit\u00e1rias da greve. \u201cSe n\u00e3o lutarmos agora, que h\u00e1 o desmonte progressivo dos servi\u00e7os p\u00fablicos, estaremos l\u00e1 na frente lutando contra o fim da educa\u00e7\u00e3o p\u00fablica\u201d, defendeu Deccache.\u00a0<\/p>\n\n\n\n<hr class=\"wp-block-separator has-alpha-channel-opacity\"\/>\n\n\n\n<h4 class=\"wp-block-heading\">\u201cNegar a greve \u00e9 negacionismo pol\u00edtico\u201d, completou.<\/h4>\n\n\n\n<hr class=\"wp-block-separator has-alpha-channel-opacity\"\/>\n\n\n\n<h3 class=\"wp-block-heading\"><strong>Situa\u00e7\u00e3o dos TAEs e professores<\/strong><\/h3>\n\n\n\n<p>O sal\u00e1rio dos TAEs est\u00e1 congelado desde 2016. No edital do \u00faltimo concurso para a categoria, lan\u00e7ado em 2023, o sal\u00e1rio base de um t\u00e9cnico-administrativo de n\u00edvel m\u00e9dio ou t\u00e9cnico era de R$2.446,96, e o de um t\u00e9cnico com n\u00edvel superior, R$4.180,66.<\/p>\n\n\n\n<p>\u201cO sal\u00e1rio ideal, com reajuste da infla\u00e7\u00e3o de quase 40%, seria de cerca de R$3.400,00. \u00c9 o m\u00ednimo que a gente espera\u201d, explica Eduardo Garcia, coordenador administrativo financeiro do Sindicato de Trabalhadores em Educa\u00e7\u00e3o da Universidade Federal de Santa Catarina (SINTUFSC), sobre o sal\u00e1rio dos t\u00e9cnicos com n\u00edvel m\u00e9dio e t\u00e9cnico.&nbsp;<\/p>\n\n\n\n<p>De acordo com nota do Sindicato, \u2018a proposta apresentada pelo Governo Federal em dezembro de 2023 para recomposi\u00e7\u00e3o salarial prev\u00ea reajuste de 9% at\u00e9 o final da gest\u00e3o. A primeira parcela de 4,5% seria paga em 2025 e a segunda em 2026 \u2013 sem valor previsto para 2024\u2019. O SINTUFSC recusou a proposta do governo, avaliando-a como insuficiente. Para os servidores, o ideal \u00e9 que haja um reajuste neste ano.<\/p>\n\n\n\n<p>Os professores da UFSC realizar\u00e3o uma Assembleia na segunda-feira (19) para discutir as contrapropostas do governo federal, enviadas na \u00faltima ter\u00e7a-feira (14). A proposta enviada, em 13 de maio, pelo Sindicato Nacional dos Docentes das Institui\u00e7\u00f5es de Ensino Superior (Andes) reivindicava um \u00edndice de 22,71% como horizonte de recomposi\u00e7\u00e3o nos pr\u00f3ximos tr\u00eas anos &#8211; 7,06% em 2024, 9% em 2025 e 5,16% em 2026. A contraproposta da Uni\u00e3o manteve o reajuste zero para 2024 e ofereceu uma redistribui\u00e7\u00e3o dos \u00edndices de recomposi\u00e7\u00e3o de 9% e 3,5% para 2025 e 2026, respectivamente.&nbsp;<\/p>\n\n\n<div class=\"wp-block-image\">\n<figure class=\"aligncenter size-full\"><img fetchpriority=\"high\" decoding=\"async\" width=\"682\" height=\"675\" src=\"https:\/\/jornalofatual.ufsc.br\/wp-content\/uploads\/2024\/05\/imagem_2024-05-18_145259658.png\" alt=\"\" class=\"wp-image-1254\" srcset=\"https:\/\/jornalofatual.ufsc.br\/wp-content\/uploads\/2024\/05\/imagem_2024-05-18_145259658.png 682w, https:\/\/jornalofatual.ufsc.br\/wp-content\/uploads\/2024\/05\/imagem_2024-05-18_145259658-300x297.png 300w\" sizes=\"(max-width: 682px) 100vw, 682px\" \/><figcaption class=\"wp-element-caption\">O economista David Deccache discursa sobre a situa\u00e7\u00e3o financeira da universidades federais em Ato Unificado da greve na UFSC. <em>Foto: Fernanda Zwirtes<\/em><\/figcaption><\/figure>\n<\/div>","protected":false},"excerpt":{"rendered":"<p>Ato organizado pelo Comando de Greve Unificado tratou sobre or\u00e7amento federal para universidades FERNANDA ZWIRTES E IARA ROCHA Cerca de 200 pessoas se reuniram para uma conversa com David Deccache, assessor econ\u00f4mico e doutor em Economia pela Universidade de Bras\u00edlia (UnB), no hall da reitoria da Universidade Federal de Santa Catarina (UFSC), em Florian\u00f3polis. O [&hellip;]<\/p>\n","protected":false},"author":1,"featured_media":1254,"comment_status":"open","ping_status":"open","sticky":false,"template":"","format":"standard","meta":{"footnotes":""},"categories":[149,150],"tags":[],"class_list":["post-1253","post","type-post","status-publish","format-standard","has-post-thumbnail","hentry","category-coberturas","category-greve-nacional-da-educacao"],"yoast_head":"<!-- This site is optimized with the Yoast SEO plugin v22.9 - https:\/\/yoast.com\/wordpress\/plugins\/seo\/ -->\n<title>\u201cNegar a greve \u00e9 negacionismo pol\u00edtico\u201d, afirma economista David Deccache em Ato Unificado da Greve na UFSC - O Fatual<\/title>\n<meta name=\"robots\" content=\"index, follow, max-snippet:-1, max-image-preview:large, max-video-preview:-1\" \/>\n<link rel=\"canonical\" href=\"https:\/\/jornalofatual.ufsc.br\/index.php\/2024\/05\/17\/negar-a-greve-e-negacionismo-politico-afirma-economista-david-deccache-em-ato-unificado-da-greve-na-ufsc\/\" \/>\n<meta property=\"og:locale\" content=\"pt_BR\" \/>\n<meta property=\"og:type\" content=\"article\" \/>\n<meta property=\"og:title\" content=\"\u201cNegar a greve \u00e9 negacionismo pol\u00edtico\u201d, afirma economista David Deccache em Ato Unificado da Greve na UFSC - O Fatual\" \/>\n<meta property=\"og:description\" content=\"Ato organizado pelo Comando de Greve Unificado tratou sobre or\u00e7amento federal para universidades FERNANDA ZWIRTES E IARA ROCHA Cerca de 200 pessoas se reuniram para uma conversa com David Deccache, assessor econ\u00f4mico e doutor em Economia pela Universidade de Bras\u00edlia (UnB), no hall da reitoria da Universidade Federal de Santa Catarina (UFSC), em Florian\u00f3polis. O [&hellip;]\" \/>\n<meta property=\"og:url\" content=\"https:\/\/jornalofatual.ufsc.br\/index.php\/2024\/05\/17\/negar-a-greve-e-negacionismo-politico-afirma-economista-david-deccache-em-ato-unificado-da-greve-na-ufsc\/\" \/>\n<meta property=\"og:site_name\" content=\"O Fatual\" \/>\n<meta property=\"article:published_time\" content=\"2024-05-17T17:51:09+00:00\" \/>\n<meta property=\"article:modified_time\" content=\"2024-05-19T03:48:36+00:00\" \/>\n<meta property=\"og:image\" content=\"http:\/\/jornalofatual.ufsc.br\/wp-content\/uploads\/2024\/05\/imagem_2024-05-18_145259658.png\" \/>\n\t<meta property=\"og:image:width\" content=\"682\" \/>\n\t<meta property=\"og:image:height\" content=\"675\" \/>\n\t<meta property=\"og:image:type\" content=\"image\/png\" \/>\n<meta name=\"author\" content=\"O Fatual UFSC\" \/>\n<meta name=\"twitter:card\" content=\"summary_large_image\" \/>\n<meta name=\"twitter:label1\" content=\"Escrito por\" \/>\n\t<meta name=\"twitter:data1\" content=\"O Fatual UFSC\" \/>\n\t<meta name=\"twitter:label2\" content=\"Est. tempo de leitura\" \/>\n\t<meta name=\"twitter:data2\" content=\"5 minutos\" \/>\n<script type=\"application\/ld+json\" class=\"yoast-schema-graph\">{\"@context\":\"https:\/\/schema.org\",\"@graph\":[{\"@type\":\"WebPage\",\"@id\":\"https:\/\/jornalofatual.ufsc.br\/index.php\/2024\/05\/17\/negar-a-greve-e-negacionismo-politico-afirma-economista-david-deccache-em-ato-unificado-da-greve-na-ufsc\/\",\"url\":\"https:\/\/jornalofatual.ufsc.br\/index.php\/2024\/05\/17\/negar-a-greve-e-negacionismo-politico-afirma-economista-david-deccache-em-ato-unificado-da-greve-na-ufsc\/\",\"name\":\"\u201cNegar a greve \u00e9 negacionismo pol\u00edtico\u201d, afirma economista David Deccache em Ato Unificado da Greve na UFSC - O Fatual\",\"isPartOf\":{\"@id\":\"https:\/\/jornalofatual.ufsc.br\/#website\"},\"primaryImageOfPage\":{\"@id\":\"https:\/\/jornalofatual.ufsc.br\/index.php\/2024\/05\/17\/negar-a-greve-e-negacionismo-politico-afirma-economista-david-deccache-em-ato-unificado-da-greve-na-ufsc\/#primaryimage\"},\"image\":{\"@id\":\"https:\/\/jornalofatual.ufsc.br\/index.php\/2024\/05\/17\/negar-a-greve-e-negacionismo-politico-afirma-economista-david-deccache-em-ato-unificado-da-greve-na-ufsc\/#primaryimage\"},\"thumbnailUrl\":\"https:\/\/jornalofatual.ufsc.br\/wp-content\/uploads\/2024\/05\/imagem_2024-05-18_145259658.png\",\"datePublished\":\"2024-05-17T17:51:09+00:00\",\"dateModified\":\"2024-05-19T03:48:36+00:00\",\"author\":{\"@id\":\"https:\/\/jornalofatual.ufsc.br\/#\/schema\/person\/7c4da290bbeac2ab587bf3bd9b2796c5\"},\"breadcrumb\":{\"@id\":\"https:\/\/jornalofatual.ufsc.br\/index.php\/2024\/05\/17\/negar-a-greve-e-negacionismo-politico-afirma-economista-david-deccache-em-ato-unificado-da-greve-na-ufsc\/#breadcrumb\"},\"inLanguage\":\"pt-BR\",\"potentialAction\":[{\"@type\":\"ReadAction\",\"target\":[\"https:\/\/jornalofatual.ufsc.br\/index.php\/2024\/05\/17\/negar-a-greve-e-negacionismo-politico-afirma-economista-david-deccache-em-ato-unificado-da-greve-na-ufsc\/\"]}]},{\"@type\":\"ImageObject\",\"inLanguage\":\"pt-BR\",\"@id\":\"https:\/\/jornalofatual.ufsc.br\/index.php\/2024\/05\/17\/negar-a-greve-e-negacionismo-politico-afirma-economista-david-deccache-em-ato-unificado-da-greve-na-ufsc\/#primaryimage\",\"url\":\"https:\/\/jornalofatual.ufsc.br\/wp-content\/uploads\/2024\/05\/imagem_2024-05-18_145259658.png\",\"contentUrl\":\"https:\/\/jornalofatual.ufsc.br\/wp-content\/uploads\/2024\/05\/imagem_2024-05-18_145259658.png\",\"width\":682,\"height\":675},{\"@type\":\"BreadcrumbList\",\"@id\":\"https:\/\/jornalofatual.ufsc.br\/index.php\/2024\/05\/17\/negar-a-greve-e-negacionismo-politico-afirma-economista-david-deccache-em-ato-unificado-da-greve-na-ufsc\/#breadcrumb\",\"itemListElement\":[{\"@type\":\"ListItem\",\"position\":1,\"name\":\"In\u00edcio\",\"item\":\"https:\/\/jornalofatual.ufsc.br\/\"},{\"@type\":\"ListItem\",\"position\":2,\"name\":\"\u201cNegar a greve \u00e9 negacionismo pol\u00edtico\u201d, afirma economista David Deccache em Ato Unificado da Greve na UFSC\"}]},{\"@type\":\"WebSite\",\"@id\":\"https:\/\/jornalofatual.ufsc.br\/#website\",\"url\":\"https:\/\/jornalofatual.ufsc.br\/\",\"name\":\"O Fatual\",\"description\":\"Jornalismo UFSC\",\"potentialAction\":[{\"@type\":\"SearchAction\",\"target\":{\"@type\":\"EntryPoint\",\"urlTemplate\":\"https:\/\/jornalofatual.ufsc.br\/?s={search_term_string}\"},\"query-input\":\"required name=search_term_string\"}],\"inLanguage\":\"pt-BR\"},{\"@type\":\"Person\",\"@id\":\"https:\/\/jornalofatual.ufsc.br\/#\/schema\/person\/7c4da290bbeac2ab587bf3bd9b2796c5\",\"name\":\"O Fatual UFSC\",\"image\":{\"@type\":\"ImageObject\",\"inLanguage\":\"pt-BR\",\"@id\":\"https:\/\/jornalofatual.ufsc.br\/#\/schema\/person\/image\/\",\"url\":\"https:\/\/secure.gravatar.com\/avatar\/77a2965911ca4aaeddc636b7e775b7bb05b7e4b5d5ad85a27d016b6a781b2b04?s=96&d=mm&r=g\",\"contentUrl\":\"https:\/\/secure.gravatar.com\/avatar\/77a2965911ca4aaeddc636b7e775b7bb05b7e4b5d5ad85a27d016b6a781b2b04?s=96&d=mm&r=g\",\"caption\":\"O Fatual UFSC\"},\"sameAs\":[\"https:\/\/jornalofatual.ufsc.br\",\"https:\/\/www.instagram.com\/jornalofatual\/\"],\"url\":\"https:\/\/jornalofatual.ufsc.br\/index.php\/author\/jornalofactualgmail-com\/\"}]}<\/script>\n<!-- \/ Yoast SEO plugin. -->","yoast_head_json":{"title":"\u201cNegar a greve \u00e9 negacionismo pol\u00edtico\u201d, afirma economista David Deccache em Ato Unificado da Greve na UFSC - O Fatual","robots":{"index":"index","follow":"follow","max-snippet":"max-snippet:-1","max-image-preview":"max-image-preview:large","max-video-preview":"max-video-preview:-1"},"canonical":"https:\/\/jornalofatual.ufsc.br\/index.php\/2024\/05\/17\/negar-a-greve-e-negacionismo-politico-afirma-economista-david-deccache-em-ato-unificado-da-greve-na-ufsc\/","og_locale":"pt_BR","og_type":"article","og_title":"\u201cNegar a greve \u00e9 negacionismo pol\u00edtico\u201d, afirma economista David Deccache em Ato Unificado da Greve na UFSC - O Fatual","og_description":"Ato organizado pelo Comando de Greve Unificado tratou sobre or\u00e7amento federal para universidades FERNANDA ZWIRTES E IARA ROCHA Cerca de 200 pessoas se reuniram para uma conversa com David Deccache, assessor econ\u00f4mico e doutor em Economia pela Universidade de Bras\u00edlia (UnB), no hall da reitoria da Universidade Federal de Santa Catarina (UFSC), em Florian\u00f3polis. O [&hellip;]","og_url":"https:\/\/jornalofatual.ufsc.br\/index.php\/2024\/05\/17\/negar-a-greve-e-negacionismo-politico-afirma-economista-david-deccache-em-ato-unificado-da-greve-na-ufsc\/","og_site_name":"O Fatual","article_published_time":"2024-05-17T17:51:09+00:00","article_modified_time":"2024-05-19T03:48:36+00:00","og_image":[{"width":682,"height":675,"url":"http:\/\/jornalofatual.ufsc.br\/wp-content\/uploads\/2024\/05\/imagem_2024-05-18_145259658.png","type":"image\/png"}],"author":"O Fatual UFSC","twitter_card":"summary_large_image","twitter_misc":{"Escrito por":"O Fatual UFSC","Est. tempo de leitura":"5 minutos"},"schema":{"@context":"https:\/\/schema.org","@graph":[{"@type":"WebPage","@id":"https:\/\/jornalofatual.ufsc.br\/index.php\/2024\/05\/17\/negar-a-greve-e-negacionismo-politico-afirma-economista-david-deccache-em-ato-unificado-da-greve-na-ufsc\/","url":"https:\/\/jornalofatual.ufsc.br\/index.php\/2024\/05\/17\/negar-a-greve-e-negacionismo-politico-afirma-economista-david-deccache-em-ato-unificado-da-greve-na-ufsc\/","name":"\u201cNegar a greve \u00e9 negacionismo pol\u00edtico\u201d, afirma economista David Deccache em Ato Unificado da Greve na UFSC - O Fatual","isPartOf":{"@id":"https:\/\/jornalofatual.ufsc.br\/#website"},"primaryImageOfPage":{"@id":"https:\/\/jornalofatual.ufsc.br\/index.php\/2024\/05\/17\/negar-a-greve-e-negacionismo-politico-afirma-economista-david-deccache-em-ato-unificado-da-greve-na-ufsc\/#primaryimage"},"image":{"@id":"https:\/\/jornalofatual.ufsc.br\/index.php\/2024\/05\/17\/negar-a-greve-e-negacionismo-politico-afirma-economista-david-deccache-em-ato-unificado-da-greve-na-ufsc\/#primaryimage"},"thumbnailUrl":"https:\/\/jornalofatual.ufsc.br\/wp-content\/uploads\/2024\/05\/imagem_2024-05-18_145259658.png","datePublished":"2024-05-17T17:51:09+00:00","dateModified":"2024-05-19T03:48:36+00:00","author":{"@id":"https:\/\/jornalofatual.ufsc.br\/#\/schema\/person\/7c4da290bbeac2ab587bf3bd9b2796c5"},"breadcrumb":{"@id":"https:\/\/jornalofatual.ufsc.br\/index.php\/2024\/05\/17\/negar-a-greve-e-negacionismo-politico-afirma-economista-david-deccache-em-ato-unificado-da-greve-na-ufsc\/#breadcrumb"},"inLanguage":"pt-BR","potentialAction":[{"@type":"ReadAction","target":["https:\/\/jornalofatual.ufsc.br\/index.php\/2024\/05\/17\/negar-a-greve-e-negacionismo-politico-afirma-economista-david-deccache-em-ato-unificado-da-greve-na-ufsc\/"]}]},{"@type":"ImageObject","inLanguage":"pt-BR","@id":"https:\/\/jornalofatual.ufsc.br\/index.php\/2024\/05\/17\/negar-a-greve-e-negacionismo-politico-afirma-economista-david-deccache-em-ato-unificado-da-greve-na-ufsc\/#primaryimage","url":"https:\/\/jornalofatual.ufsc.br\/wp-content\/uploads\/2024\/05\/imagem_2024-05-18_145259658.png","contentUrl":"https:\/\/jornalofatual.ufsc.br\/wp-content\/uploads\/2024\/05\/imagem_2024-05-18_145259658.png","width":682,"height":675},{"@type":"BreadcrumbList","@id":"https:\/\/jornalofatual.ufsc.br\/index.php\/2024\/05\/17\/negar-a-greve-e-negacionismo-politico-afirma-economista-david-deccache-em-ato-unificado-da-greve-na-ufsc\/#breadcrumb","itemListElement":[{"@type":"ListItem","position":1,"name":"In\u00edcio","item":"https:\/\/jornalofatual.ufsc.br\/"},{"@type":"ListItem","position":2,"name":"\u201cNegar a greve \u00e9 negacionismo pol\u00edtico\u201d, afirma economista David Deccache em Ato Unificado da Greve na UFSC"}]},{"@type":"WebSite","@id":"https:\/\/jornalofatual.ufsc.br\/#website","url":"https:\/\/jornalofatual.ufsc.br\/","name":"O Fatual","description":"Jornalismo UFSC","potentialAction":[{"@type":"SearchAction","target":{"@type":"EntryPoint","urlTemplate":"https:\/\/jornalofatual.ufsc.br\/?s={search_term_string}"},"query-input":"required name=search_term_string"}],"inLanguage":"pt-BR"},{"@type":"Person","@id":"https:\/\/jornalofatual.ufsc.br\/#\/schema\/person\/7c4da290bbeac2ab587bf3bd9b2796c5","name":"O Fatual UFSC","image":{"@type":"ImageObject","inLanguage":"pt-BR","@id":"https:\/\/jornalofatual.ufsc.br\/#\/schema\/person\/image\/","url":"https:\/\/secure.gravatar.com\/avatar\/77a2965911ca4aaeddc636b7e775b7bb05b7e4b5d5ad85a27d016b6a781b2b04?s=96&d=mm&r=g","contentUrl":"https:\/\/secure.gravatar.com\/avatar\/77a2965911ca4aaeddc636b7e775b7bb05b7e4b5d5ad85a27d016b6a781b2b04?s=96&d=mm&r=g","caption":"O Fatual UFSC"},"sameAs":["https:\/\/jornalofatual.ufsc.br","https:\/\/www.instagram.com\/jornalofatual\/"],"url":"https:\/\/jornalofatual.ufsc.br\/index.php\/author\/jornalofactualgmail-com\/"}]}},"_links":{"self":[{"href":"https:\/\/jornalofatual.ufsc.br\/index.php\/wp-json\/wp\/v2\/posts\/1253","targetHints":{"allow":["GET"]}}],"collection":[{"href":"https:\/\/jornalofatual.ufsc.br\/index.php\/wp-json\/wp\/v2\/posts"}],"about":[{"href":"https:\/\/jornalofatual.ufsc.br\/index.php\/wp-json\/wp\/v2\/types\/post"}],"author":[{"embeddable":true,"href":"https:\/\/jornalofatual.ufsc.br\/index.php\/wp-json\/wp\/v2\/users\/1"}],"replies":[{"embeddable":true,"href":"https:\/\/jornalofatual.ufsc.br\/index.php\/wp-json\/wp\/v2\/comments?post=1253"}],"version-history":[{"count":3,"href":"https:\/\/jornalofatual.ufsc.br\/index.php\/wp-json\/wp\/v2\/posts\/1253\/revisions"}],"predecessor-version":[{"id":1258,"href":"https:\/\/jornalofatual.ufsc.br\/index.php\/wp-json\/wp\/v2\/posts\/1253\/revisions\/1258"}],"wp:featuredmedia":[{"embeddable":true,"href":"https:\/\/jornalofatual.ufsc.br\/index.php\/wp-json\/wp\/v2\/media\/1254"}],"wp:attachment":[{"href":"https:\/\/jornalofatual.ufsc.br\/index.php\/wp-json\/wp\/v2\/media?parent=1253"}],"wp:term":[{"taxonomy":"category","embeddable":true,"href":"https:\/\/jornalofatual.ufsc.br\/index.php\/wp-json\/wp\/v2\/categories?post=1253"},{"taxonomy":"post_tag","embeddable":true,"href":"https:\/\/jornalofatual.ufsc.br\/index.php\/wp-json\/wp\/v2\/tags?post=1253"}],"curies":[{"name":"wp","href":"https:\/\/api.w.org\/{rel}","templated":true}]}}