{"id":118,"date":"2023-05-01T19:24:20","date_gmt":"2023-05-01T22:24:20","guid":{"rendered":"https:\/\/jornalofatual.ufsc.br\/?p=118"},"modified":"2024-04-16T21:47:37","modified_gmt":"2024-04-17T00:47:37","slug":"mesmo-com-manifestacoes-contrarias-novo-plano-diretor-e-aprovado-em-florianopolis","status":"publish","type":"post","link":"https:\/\/jornalofatual.ufsc.br\/index.php\/2023\/05\/01\/mesmo-com-manifestacoes-contrarias-novo-plano-diretor-e-aprovado-em-florianopolis\/","title":{"rendered":"Com manifesta\u00e7\u00f5es contr\u00e1rias, novo Plano Diretor \u00e9 aprovado em Florian\u00f3polis"},"content":{"rendered":"\n<h4 class=\"wp-block-heading\"><em>Vota\u00e7\u00e3o ocorreu em meio \u00e0 manifesta\u00e7\u00e3o popular e proposta foi aceita com 19 dos 23 votos<\/em><\/h4>\n\n\n\n<div style=\"height:32px\" aria-hidden=\"true\" class=\"wp-block-spacer\"><\/div>\n\n\n\n<p class=\"has-text-align-left\"><strong>LUIZA VIANNA E MARIA CLARA SEBBEN<\/strong><\/p>\n\n\n\n<p><strong>FLORIAN\u00d3POLIS<\/strong> \u2013 Com 19 votos a favor e 4 contra, o Plano Diretor, sugerido pela Prefeitura de Florian\u00f3polis, foi aprovado em segunda sess\u00e3o da C\u00e2mara de Vereadores na tarde de 24 de abril.&nbsp;<\/p>\n\n\n\n<p>Proposta de revis\u00e3o foi publicada em 2018 e passou por 14 audi\u00eancias que visavam adapta\u00e7\u00f5es no projeto. Com \u00faltimo Plano vigente sendo o de 2014, cidade teria que apresentar uma nova vers\u00e3o at\u00e9 2024.<\/p>\n\n\n\n<p>O novo Plano define instru\u00e7\u00f5es e objetivos para a expans\u00e3o urbana e o desenvolvimento de Florian\u00f3polis. A reorganiza\u00e7\u00e3o dos bairros, a verticaliza\u00e7\u00e3o e a cria\u00e7\u00e3o de novos centros na cidade s\u00e3o algumas das medidas que geraram descontentamento na oposi\u00e7\u00e3o.<\/p>\n\n\n\n<p>A sess\u00e3o ocorreu em meio a protestos de movimentos populares, que esperaram a decis\u00e3o em frente \u00e0 C\u00e2mara. Os manifestantes pediam que houvesse maior di\u00e1logo do poder p\u00fablico com a sociedade civil.&nbsp;<\/p>\n\n\n\n<p>As vereadoras T\u00e2nia Ramos (PSOL) e C\u00edntia Mendon\u00e7a (PSOL) expressaram insatisfa\u00e7\u00e3o com o documento que, segundo elas, ignorou a demanda da sociedade ao reprovar emendas propostas pela popula\u00e7\u00e3o em audi\u00eancias p\u00fablicas. T\u00e2nia acredita que diversos temas s\u00e3o abordados sem \u201cdiscuss\u00e3o com a sociedade ou com aten\u00e7\u00e3o ao saneamento b\u00e1sico.\u201d&nbsp;<\/p>\n\n\n\n<p>C\u00edntia afirma que a proposta \u201cquer desregulamentar [a legisla\u00e7\u00e3o ambiental] o m\u00e1ximo poss\u00edvel, com uma l\u00f3gica clientelista&#8221;. A vereadora entende que, na elabora\u00e7\u00e3o do plano, foi&nbsp; \u201cutilizada uma l\u00f3gica de lucro que coloca em segundo plano o interesse dos moradores, colocando em primeiro plano o interesse dos super-ricos\u201d.<\/p>\n\n\n\n<p>Em coletiva de imprensa, o vereador Renato da Farm\u00e1cia (PSDB) falou sobre como a aprova\u00e7\u00e3o do Plano Diretor foi, para ele, de suma import\u00e2ncia para a evolu\u00e7\u00e3o de Florian\u00f3polis. \u201cN\u00e3o se admite mais hoje uma cidade que n\u00e3o esteja preparada para o futuro em termos modernos como com\u00e9rcio, trabalho, servi\u00e7o\u201d.&nbsp;<\/p>\n\n\n\n<p>O presidente do parlamento municipal, Jo\u00e3o Cobalchini (Uni\u00e3o Brasil), afirmou que o Plano \u00e9 mais atualizado que o anterior. Segundo o parlamentar, \u201ca aprova\u00e7\u00e3o n\u00e3o encerra a discuss\u00e3o da cidade, pelo contr\u00e1rio, continua sendo discutida, pois est\u00e1 viva e todo dia muda. \u00c9 importante que continuemos nos reunindo para vermos se deu certo ou n\u00e3o na sociedade\u201d.<\/p>\n\n\n\n<p>Telma Coelho, moradora de Florian\u00f3polis, afirma que esse plano diretor significa \u201ca morte da natureza\u201d. Ela foi uma das integrantes da manifesta\u00e7\u00e3o, que ocorreu em frente \u00e0 C\u00e2mara de Vereadores e exigiu a revoga\u00e7\u00e3o da vota\u00e7\u00e3o. Estavam presentes ambientalistas e moradores de Florian\u00f3polis.&nbsp;<\/p>\n\n\n\n<p>\u201cApesar de sermos muitos, n\u00e3o nos deram o direito ao debate\u201d, afirma Fernanda Cordeiro, moradora de Florian\u00f3polis. O Plano agora segue para san\u00e7\u00e3o do prefeito Top\u00e1zio Neto (PSD).<\/p>\n\n\n\n<p>O professor de biologia da UFSC e coordenador do Gipedu, Paulo&nbsp; Horta, se pronunciou na manifesta\u00e7\u00e3o e argumentou que o debate precisa ser continuado. \u201cA mobilidade est\u00e1 integrada ao planejamento de uma cidade saud\u00e1vel, participar ativamente dessa discuss\u00e3o \u00e9 um dever democr\u00e1tico. Sem debate n\u00e3o teremos um Plano Diretor leg\u00edtimo. \u00c9 fundamental que a mobiliza\u00e7\u00e3o continue\u201d, afirma.<\/p>\n\n\n\n<h3 class=\"wp-block-heading\">&#8216;Bicicleta\u00e7o&#8217; pede aten\u00e7\u00e3o \u00e0 mobilidade urbana<\/h3>\n\n\n\n<p>Descaso com pedestres e ciclistas, desqualifica\u00e7\u00e3o do legislativo e falta de prote\u00e7\u00e3o ambiental. Esses s\u00e3o alguns dos pontos levantados pelo \u201cbicicleta\u00e7o\u201d, que ocorreu em 24 de abril, em Florian\u00f3polis, para propor mudan\u00e7as no Plano Diretor da capital. Organizada pelo Grupo Interdisciplinar de Pesquisa em Ecologia e Desenho Urbano (Gipedu) da Universidade Federal de Santa Catarina (UFSC), a concentra\u00e7\u00e3o teve in\u00edcio na Reitoria da UFSC e seguiu at\u00e9 a C\u00e2mara Municipal.<\/p>\n\n\n\n<figure class=\"wp-block-image size-large is-resized\"><img fetchpriority=\"high\" decoding=\"async\" width=\"1024\" height=\"680\" src=\"http:\/\/jornalofatual.ufsc.br\/wp-content\/uploads\/2023\/05\/image-3-1024x680.png\" alt=\"\" class=\"wp-image-120\" style=\"width:840px;height:auto\" srcset=\"https:\/\/jornalofatual.ufsc.br\/wp-content\/uploads\/2023\/05\/image-3-1024x680.png 1024w, https:\/\/jornalofatual.ufsc.br\/wp-content\/uploads\/2023\/05\/image-3-300x199.png 300w, https:\/\/jornalofatual.ufsc.br\/wp-content\/uploads\/2023\/05\/image-3-768x510.png 768w, https:\/\/jornalofatual.ufsc.br\/wp-content\/uploads\/2023\/05\/image-3-1536x1020.png 1536w, https:\/\/jornalofatual.ufsc.br\/wp-content\/uploads\/2023\/05\/image-3.png 1600w\" sizes=\"(max-width: 1024px) 100vw, 1024px\" \/><figcaption class=\"wp-element-caption\">Bicicleta\u00e7o participa da manifesta\u00e7\u00e3o em frente \u00e0 C\u00e2mara. <em>Foto: Maria Clara Sebben<\/em><br><\/figcaption><\/figure>\n\n\n\n<p>A iniciativa faz parte da campanha \u201cPor Ciclovias Seguras e em Rede\u201d, que refor\u00e7a a import\u00e2ncia de um sistema de mobilidade que d\u00ea relev\u00e2ncia para alternativas menos poluentes, como a bicicleta e o transporte p\u00fablico. O Gipedu desenvolveu a pesquisa que avaliou as condi\u00e7\u00f5es de mobilidade ativa na cidade, a fim de solucionar os principais problemas para uma distribui\u00e7\u00e3o mais justa do espa\u00e7o p\u00fablico.&nbsp;<\/p>\n\n\n\n<figure class=\"wp-block-image size-large\"><img decoding=\"async\" width=\"1024\" height=\"680\" src=\"http:\/\/jornalofatual.ufsc.br\/wp-content\/uploads\/2023\/05\/image-2-1024x680.png\" alt=\"\" class=\"wp-image-119\" srcset=\"https:\/\/jornalofatual.ufsc.br\/wp-content\/uploads\/2023\/05\/image-2-1024x680.png 1024w, https:\/\/jornalofatual.ufsc.br\/wp-content\/uploads\/2023\/05\/image-2-300x199.png 300w, https:\/\/jornalofatual.ufsc.br\/wp-content\/uploads\/2023\/05\/image-2-768x510.png 768w, https:\/\/jornalofatual.ufsc.br\/wp-content\/uploads\/2023\/05\/image-2-1536x1020.png 1536w, https:\/\/jornalofatual.ufsc.br\/wp-content\/uploads\/2023\/05\/image-2.png 1600w\" sizes=\"(max-width: 1024px) 100vw, 1024px\" \/><figcaption class=\"wp-element-caption\">Paulo Horta se pronuncia em manifesta\u00e7\u00e3o. <em>Foto: Maria Clara Sebben<\/em><br><\/figcaption><\/figure>\n\n\n\n<h3 class=\"wp-block-heading\"><\/h3>\n","protected":false},"excerpt":{"rendered":"<p>Vota\u00e7\u00e3o ocorreu em meio \u00e0 manifesta\u00e7\u00e3o popular e proposta foi aceita com 19 dos 23 votos LUIZA VIANNA E MARIA CLARA SEBBEN FLORIAN\u00d3POLIS \u2013 Com 19 votos a favor e 4 contra, o Plano Diretor, sugerido pela Prefeitura de Florian\u00f3polis, foi aprovado em segunda sess\u00e3o da C\u00e2mara de Vereadores na tarde de 24 de abril.&nbsp; [&hellip;]<\/p>\n","protected":false},"author":1,"featured_media":916,"comment_status":"open","ping_status":"open","sticky":false,"template":"","format":"standard","meta":{"footnotes":""},"categories":[19,114],"tags":[],"class_list":["post-118","post","type-post","status-publish","format-standard","has-post-thumbnail","hentry","category-noticias","category-politica"],"yoast_head":"<!-- This site is optimized with the Yoast SEO plugin v22.9 - https:\/\/yoast.com\/wordpress\/plugins\/seo\/ -->\n<title>Com manifesta\u00e7\u00f5es contr\u00e1rias, novo Plano Diretor \u00e9 aprovado em Florian\u00f3polis - O Fatual<\/title>\n<meta name=\"robots\" content=\"index, follow, max-snippet:-1, max-image-preview:large, max-video-preview:-1\" \/>\n<link rel=\"canonical\" href=\"https:\/\/jornalofatual.ufsc.br\/index.php\/2023\/05\/01\/mesmo-com-manifestacoes-contrarias-novo-plano-diretor-e-aprovado-em-florianopolis\/\" \/>\n<meta property=\"og:locale\" content=\"pt_BR\" \/>\n<meta property=\"og:type\" content=\"article\" \/>\n<meta property=\"og:title\" content=\"Com manifesta\u00e7\u00f5es contr\u00e1rias, novo Plano Diretor \u00e9 aprovado em Florian\u00f3polis - O Fatual\" \/>\n<meta property=\"og:description\" content=\"Vota\u00e7\u00e3o ocorreu em meio \u00e0 manifesta\u00e7\u00e3o popular e proposta foi aceita com 19 dos 23 votos LUIZA VIANNA E MARIA CLARA SEBBEN FLORIAN\u00d3POLIS \u2013 Com 19 votos a favor e 4 contra, o Plano Diretor, sugerido pela Prefeitura de Florian\u00f3polis, foi aprovado em segunda sess\u00e3o da C\u00e2mara de Vereadores na tarde de 24 de abril.&nbsp; [&hellip;]\" \/>\n<meta property=\"og:url\" content=\"https:\/\/jornalofatual.ufsc.br\/index.php\/2023\/05\/01\/mesmo-com-manifestacoes-contrarias-novo-plano-diretor-e-aprovado-em-florianopolis\/\" \/>\n<meta property=\"og:site_name\" content=\"O Fatual\" \/>\n<meta property=\"article:published_time\" content=\"2023-05-01T22:24:20+00:00\" \/>\n<meta property=\"article:modified_time\" content=\"2024-04-17T00:47:37+00:00\" \/>\n<meta property=\"og:image\" content=\"http:\/\/jornalofatual.ufsc.br\/wp-content\/uploads\/2023\/05\/imagem_2024-04-14_162616343.png\" \/>\n\t<meta property=\"og:image:width\" content=\"1050\" \/>\n\t<meta property=\"og:image:height\" content=\"694\" \/>\n\t<meta property=\"og:image:type\" content=\"image\/png\" \/>\n<meta name=\"author\" content=\"O Fatual UFSC\" \/>\n<meta name=\"twitter:card\" content=\"summary_large_image\" \/>\n<meta name=\"twitter:label1\" content=\"Escrito por\" \/>\n\t<meta name=\"twitter:data1\" content=\"O Fatual UFSC\" \/>\n\t<meta name=\"twitter:label2\" content=\"Est. tempo de leitura\" \/>\n\t<meta name=\"twitter:data2\" content=\"5 minutos\" \/>\n<script type=\"application\/ld+json\" class=\"yoast-schema-graph\">{\"@context\":\"https:\/\/schema.org\",\"@graph\":[{\"@type\":\"WebPage\",\"@id\":\"https:\/\/jornalofatual.ufsc.br\/index.php\/2023\/05\/01\/mesmo-com-manifestacoes-contrarias-novo-plano-diretor-e-aprovado-em-florianopolis\/\",\"url\":\"https:\/\/jornalofatual.ufsc.br\/index.php\/2023\/05\/01\/mesmo-com-manifestacoes-contrarias-novo-plano-diretor-e-aprovado-em-florianopolis\/\",\"name\":\"Com manifesta\u00e7\u00f5es contr\u00e1rias, novo Plano Diretor \u00e9 aprovado em Florian\u00f3polis - O Fatual\",\"isPartOf\":{\"@id\":\"https:\/\/jornalofatual.ufsc.br\/#website\"},\"primaryImageOfPage\":{\"@id\":\"https:\/\/jornalofatual.ufsc.br\/index.php\/2023\/05\/01\/mesmo-com-manifestacoes-contrarias-novo-plano-diretor-e-aprovado-em-florianopolis\/#primaryimage\"},\"image\":{\"@id\":\"https:\/\/jornalofatual.ufsc.br\/index.php\/2023\/05\/01\/mesmo-com-manifestacoes-contrarias-novo-plano-diretor-e-aprovado-em-florianopolis\/#primaryimage\"},\"thumbnailUrl\":\"https:\/\/jornalofatual.ufsc.br\/wp-content\/uploads\/2023\/05\/imagem_2024-04-14_162616343.png\",\"datePublished\":\"2023-05-01T22:24:20+00:00\",\"dateModified\":\"2024-04-17T00:47:37+00:00\",\"author\":{\"@id\":\"https:\/\/jornalofatual.ufsc.br\/#\/schema\/person\/7c4da290bbeac2ab587bf3bd9b2796c5\"},\"breadcrumb\":{\"@id\":\"https:\/\/jornalofatual.ufsc.br\/index.php\/2023\/05\/01\/mesmo-com-manifestacoes-contrarias-novo-plano-diretor-e-aprovado-em-florianopolis\/#breadcrumb\"},\"inLanguage\":\"pt-BR\",\"potentialAction\":[{\"@type\":\"ReadAction\",\"target\":[\"https:\/\/jornalofatual.ufsc.br\/index.php\/2023\/05\/01\/mesmo-com-manifestacoes-contrarias-novo-plano-diretor-e-aprovado-em-florianopolis\/\"]}]},{\"@type\":\"ImageObject\",\"inLanguage\":\"pt-BR\",\"@id\":\"https:\/\/jornalofatual.ufsc.br\/index.php\/2023\/05\/01\/mesmo-com-manifestacoes-contrarias-novo-plano-diretor-e-aprovado-em-florianopolis\/#primaryimage\",\"url\":\"https:\/\/jornalofatual.ufsc.br\/wp-content\/uploads\/2023\/05\/imagem_2024-04-14_162616343.png\",\"contentUrl\":\"https:\/\/jornalofatual.ufsc.br\/wp-content\/uploads\/2023\/05\/imagem_2024-04-14_162616343.png\",\"width\":1050,\"height\":694},{\"@type\":\"BreadcrumbList\",\"@id\":\"https:\/\/jornalofatual.ufsc.br\/index.php\/2023\/05\/01\/mesmo-com-manifestacoes-contrarias-novo-plano-diretor-e-aprovado-em-florianopolis\/#breadcrumb\",\"itemListElement\":[{\"@type\":\"ListItem\",\"position\":1,\"name\":\"In\u00edcio\",\"item\":\"https:\/\/jornalofatual.ufsc.br\/\"},{\"@type\":\"ListItem\",\"position\":2,\"name\":\"Com manifesta\u00e7\u00f5es contr\u00e1rias, novo Plano Diretor \u00e9 aprovado em Florian\u00f3polis\"}]},{\"@type\":\"WebSite\",\"@id\":\"https:\/\/jornalofatual.ufsc.br\/#website\",\"url\":\"https:\/\/jornalofatual.ufsc.br\/\",\"name\":\"O Fatual\",\"description\":\"Jornalismo UFSC\",\"potentialAction\":[{\"@type\":\"SearchAction\",\"target\":{\"@type\":\"EntryPoint\",\"urlTemplate\":\"https:\/\/jornalofatual.ufsc.br\/?s={search_term_string}\"},\"query-input\":\"required name=search_term_string\"}],\"inLanguage\":\"pt-BR\"},{\"@type\":\"Person\",\"@id\":\"https:\/\/jornalofatual.ufsc.br\/#\/schema\/person\/7c4da290bbeac2ab587bf3bd9b2796c5\",\"name\":\"O Fatual UFSC\",\"image\":{\"@type\":\"ImageObject\",\"inLanguage\":\"pt-BR\",\"@id\":\"https:\/\/jornalofatual.ufsc.br\/#\/schema\/person\/image\/\",\"url\":\"https:\/\/secure.gravatar.com\/avatar\/77a2965911ca4aaeddc636b7e775b7bb05b7e4b5d5ad85a27d016b6a781b2b04?s=96&d=mm&r=g\",\"contentUrl\":\"https:\/\/secure.gravatar.com\/avatar\/77a2965911ca4aaeddc636b7e775b7bb05b7e4b5d5ad85a27d016b6a781b2b04?s=96&d=mm&r=g\",\"caption\":\"O Fatual UFSC\"},\"sameAs\":[\"https:\/\/jornalofatual.ufsc.br\",\"https:\/\/www.instagram.com\/jornalofatual\/\"],\"url\":\"https:\/\/jornalofatual.ufsc.br\/index.php\/author\/jornalofactualgmail-com\/\"}]}<\/script>\n<!-- \/ Yoast SEO plugin. -->","yoast_head_json":{"title":"Com manifesta\u00e7\u00f5es contr\u00e1rias, novo Plano Diretor \u00e9 aprovado em Florian\u00f3polis - O Fatual","robots":{"index":"index","follow":"follow","max-snippet":"max-snippet:-1","max-image-preview":"max-image-preview:large","max-video-preview":"max-video-preview:-1"},"canonical":"https:\/\/jornalofatual.ufsc.br\/index.php\/2023\/05\/01\/mesmo-com-manifestacoes-contrarias-novo-plano-diretor-e-aprovado-em-florianopolis\/","og_locale":"pt_BR","og_type":"article","og_title":"Com manifesta\u00e7\u00f5es contr\u00e1rias, novo Plano Diretor \u00e9 aprovado em Florian\u00f3polis - O Fatual","og_description":"Vota\u00e7\u00e3o ocorreu em meio \u00e0 manifesta\u00e7\u00e3o popular e proposta foi aceita com 19 dos 23 votos LUIZA VIANNA E MARIA CLARA SEBBEN FLORIAN\u00d3POLIS \u2013 Com 19 votos a favor e 4 contra, o Plano Diretor, sugerido pela Prefeitura de Florian\u00f3polis, foi aprovado em segunda sess\u00e3o da C\u00e2mara de Vereadores na tarde de 24 de abril.&nbsp; [&hellip;]","og_url":"https:\/\/jornalofatual.ufsc.br\/index.php\/2023\/05\/01\/mesmo-com-manifestacoes-contrarias-novo-plano-diretor-e-aprovado-em-florianopolis\/","og_site_name":"O Fatual","article_published_time":"2023-05-01T22:24:20+00:00","article_modified_time":"2024-04-17T00:47:37+00:00","og_image":[{"width":1050,"height":694,"url":"http:\/\/jornalofatual.ufsc.br\/wp-content\/uploads\/2023\/05\/imagem_2024-04-14_162616343.png","type":"image\/png"}],"author":"O Fatual UFSC","twitter_card":"summary_large_image","twitter_misc":{"Escrito por":"O Fatual UFSC","Est. tempo de leitura":"5 minutos"},"schema":{"@context":"https:\/\/schema.org","@graph":[{"@type":"WebPage","@id":"https:\/\/jornalofatual.ufsc.br\/index.php\/2023\/05\/01\/mesmo-com-manifestacoes-contrarias-novo-plano-diretor-e-aprovado-em-florianopolis\/","url":"https:\/\/jornalofatual.ufsc.br\/index.php\/2023\/05\/01\/mesmo-com-manifestacoes-contrarias-novo-plano-diretor-e-aprovado-em-florianopolis\/","name":"Com manifesta\u00e7\u00f5es contr\u00e1rias, novo Plano Diretor \u00e9 aprovado em Florian\u00f3polis - O Fatual","isPartOf":{"@id":"https:\/\/jornalofatual.ufsc.br\/#website"},"primaryImageOfPage":{"@id":"https:\/\/jornalofatual.ufsc.br\/index.php\/2023\/05\/01\/mesmo-com-manifestacoes-contrarias-novo-plano-diretor-e-aprovado-em-florianopolis\/#primaryimage"},"image":{"@id":"https:\/\/jornalofatual.ufsc.br\/index.php\/2023\/05\/01\/mesmo-com-manifestacoes-contrarias-novo-plano-diretor-e-aprovado-em-florianopolis\/#primaryimage"},"thumbnailUrl":"https:\/\/jornalofatual.ufsc.br\/wp-content\/uploads\/2023\/05\/imagem_2024-04-14_162616343.png","datePublished":"2023-05-01T22:24:20+00:00","dateModified":"2024-04-17T00:47:37+00:00","author":{"@id":"https:\/\/jornalofatual.ufsc.br\/#\/schema\/person\/7c4da290bbeac2ab587bf3bd9b2796c5"},"breadcrumb":{"@id":"https:\/\/jornalofatual.ufsc.br\/index.php\/2023\/05\/01\/mesmo-com-manifestacoes-contrarias-novo-plano-diretor-e-aprovado-em-florianopolis\/#breadcrumb"},"inLanguage":"pt-BR","potentialAction":[{"@type":"ReadAction","target":["https:\/\/jornalofatual.ufsc.br\/index.php\/2023\/05\/01\/mesmo-com-manifestacoes-contrarias-novo-plano-diretor-e-aprovado-em-florianopolis\/"]}]},{"@type":"ImageObject","inLanguage":"pt-BR","@id":"https:\/\/jornalofatual.ufsc.br\/index.php\/2023\/05\/01\/mesmo-com-manifestacoes-contrarias-novo-plano-diretor-e-aprovado-em-florianopolis\/#primaryimage","url":"https:\/\/jornalofatual.ufsc.br\/wp-content\/uploads\/2023\/05\/imagem_2024-04-14_162616343.png","contentUrl":"https:\/\/jornalofatual.ufsc.br\/wp-content\/uploads\/2023\/05\/imagem_2024-04-14_162616343.png","width":1050,"height":694},{"@type":"BreadcrumbList","@id":"https:\/\/jornalofatual.ufsc.br\/index.php\/2023\/05\/01\/mesmo-com-manifestacoes-contrarias-novo-plano-diretor-e-aprovado-em-florianopolis\/#breadcrumb","itemListElement":[{"@type":"ListItem","position":1,"name":"In\u00edcio","item":"https:\/\/jornalofatual.ufsc.br\/"},{"@type":"ListItem","position":2,"name":"Com manifesta\u00e7\u00f5es contr\u00e1rias, novo Plano Diretor \u00e9 aprovado em Florian\u00f3polis"}]},{"@type":"WebSite","@id":"https:\/\/jornalofatual.ufsc.br\/#website","url":"https:\/\/jornalofatual.ufsc.br\/","name":"O Fatual","description":"Jornalismo UFSC","potentialAction":[{"@type":"SearchAction","target":{"@type":"EntryPoint","urlTemplate":"https:\/\/jornalofatual.ufsc.br\/?s={search_term_string}"},"query-input":"required name=search_term_string"}],"inLanguage":"pt-BR"},{"@type":"Person","@id":"https:\/\/jornalofatual.ufsc.br\/#\/schema\/person\/7c4da290bbeac2ab587bf3bd9b2796c5","name":"O Fatual UFSC","image":{"@type":"ImageObject","inLanguage":"pt-BR","@id":"https:\/\/jornalofatual.ufsc.br\/#\/schema\/person\/image\/","url":"https:\/\/secure.gravatar.com\/avatar\/77a2965911ca4aaeddc636b7e775b7bb05b7e4b5d5ad85a27d016b6a781b2b04?s=96&d=mm&r=g","contentUrl":"https:\/\/secure.gravatar.com\/avatar\/77a2965911ca4aaeddc636b7e775b7bb05b7e4b5d5ad85a27d016b6a781b2b04?s=96&d=mm&r=g","caption":"O Fatual UFSC"},"sameAs":["https:\/\/jornalofatual.ufsc.br","https:\/\/www.instagram.com\/jornalofatual\/"],"url":"https:\/\/jornalofatual.ufsc.br\/index.php\/author\/jornalofactualgmail-com\/"}]}},"_links":{"self":[{"href":"https:\/\/jornalofatual.ufsc.br\/index.php\/wp-json\/wp\/v2\/posts\/118","targetHints":{"allow":["GET"]}}],"collection":[{"href":"https:\/\/jornalofatual.ufsc.br\/index.php\/wp-json\/wp\/v2\/posts"}],"about":[{"href":"https:\/\/jornalofatual.ufsc.br\/index.php\/wp-json\/wp\/v2\/types\/post"}],"author":[{"embeddable":true,"href":"https:\/\/jornalofatual.ufsc.br\/index.php\/wp-json\/wp\/v2\/users\/1"}],"replies":[{"embeddable":true,"href":"https:\/\/jornalofatual.ufsc.br\/index.php\/wp-json\/wp\/v2\/comments?post=118"}],"version-history":[{"count":14,"href":"https:\/\/jornalofatual.ufsc.br\/index.php\/wp-json\/wp\/v2\/posts\/118\/revisions"}],"predecessor-version":[{"id":1105,"href":"https:\/\/jornalofatual.ufsc.br\/index.php\/wp-json\/wp\/v2\/posts\/118\/revisions\/1105"}],"wp:featuredmedia":[{"embeddable":true,"href":"https:\/\/jornalofatual.ufsc.br\/index.php\/wp-json\/wp\/v2\/media\/916"}],"wp:attachment":[{"href":"https:\/\/jornalofatual.ufsc.br\/index.php\/wp-json\/wp\/v2\/media?parent=118"}],"wp:term":[{"taxonomy":"category","embeddable":true,"href":"https:\/\/jornalofatual.ufsc.br\/index.php\/wp-json\/wp\/v2\/categories?post=118"},{"taxonomy":"post_tag","embeddable":true,"href":"https:\/\/jornalofatual.ufsc.br\/index.php\/wp-json\/wp\/v2\/tags?post=118"}],"curies":[{"name":"wp","href":"https:\/\/api.w.org\/{rel}","templated":true}]}}