{"id":1179,"date":"2024-04-20T14:00:22","date_gmt":"2024-04-20T17:00:22","guid":{"rendered":"https:\/\/jornalofatual.ufsc.br\/?p=1179"},"modified":"2024-05-02T14:42:20","modified_gmt":"2024-05-02T17:42:20","slug":"programa-trabalho-domestico-cidadao-e-lancado-na-ufsc","status":"publish","type":"post","link":"https:\/\/jornalofatual.ufsc.br\/index.php\/2024\/04\/20\/programa-trabalho-domestico-cidadao-e-lancado-na-ufsc\/","title":{"rendered":"Programa \u201cTrabalho Dom\u00e9stico Cidad\u00e3o\u201d \u00e9 lan\u00e7ado na UFSC"},"content":{"rendered":"\n<h4 class=\"wp-block-heading\"><em>Projeto oferece instru\u00e7\u00e3o e capacita\u00e7\u00e3o para trabalhadores dom\u00e9sticos sobre direitos sociais&nbsp;<\/em><\/h4>\n\n\n\n<div style=\"height:32px\" aria-hidden=\"true\" class=\"wp-block-spacer\"><\/div>\n\n\n\n<p><strong>CAMILA BORGES<\/strong><\/p>\n\n\n\n<p>O combate \u00e0 precariza\u00e7\u00e3o do trabalho dom\u00e9stico por meio da instru\u00e7\u00e3o dos profissionais da \u00e1rea \u00e9 o objetivo do programa nacional \u201cTrabalho Dom\u00e9stico Cidad\u00e3o \u2013 Forma\u00e7\u00e3o&nbsp; de Lideran\u00e7as\u201d, lan\u00e7ado na ter\u00e7a-feira (16) no audit\u00f3rio do Bloco B do Centro de Filosofia e Ci\u00eancias Humanas da Universidade Federal de Santa Catarina (UFSC), em Florian\u00f3polis. O projeto visa democratizar o conhecimento sobre direitos sociais, funcionamento dos sindicatos, negocia\u00e7\u00e3o de sal\u00e1rios e c\u00e1lculos previdenci\u00e1rios.<\/p>\n\n\n\n<p>A iniciativa \u00e9 financiada pelo Minist\u00e9rio das Mulheres em parceria com a Federa\u00e7\u00e3o Nacional das Trabalhadoras Dom\u00e9sticas (Fenatrad) e conta com o apoio t\u00e9cnico da UFSC. Ser\u00e3o distribu\u00eddas 150 vagas, entre as regi\u00f5es Sul, Sudeste, Norte e Nordeste, para trabalhadores da categoria participarem do programa. A forma\u00e7\u00e3o tem previs\u00e3o de in\u00edcio para julho.<\/p>\n\n\n\n<p>Segundo a coordenadora nacional do Trabalho Dom\u00e9stico Cidad\u00e3o pela\u00a0Fenatrad, Cleide Pinto, o programa \u00e9 essencial para democratiza\u00e7\u00e3o do acesso ao conhecimento. &#8220;O projeto \u00e9 importante para que as empregadas dom\u00e9sticas se empoderem e valorizem seu trabalho. As trabalhadoras precisam estar informadas para n\u00e3o serem enganadas, assediadas ou violentadas&#8221;, diz.<\/p>\n\n\n\n<p>O Minist\u00e9rio das Mulheres destinou R$ 2,5 milh\u00f5es para a UFSC realizar as a\u00e7\u00f5es t\u00e9cnicas do programa. A universidade ser\u00e1 respons\u00e1vel por disponibilizar estrutura para produ\u00e7\u00e3o de material did\u00e1tico, aux\u00edlio na organiza\u00e7\u00e3o nacional das oficinas e instru\u00e7\u00e3o para formadores. A UFSC tamb\u00e9m ir\u00e1 organizar a presta\u00e7\u00e3o de contas e a produ\u00e7\u00e3o dos relat\u00f3rios.<\/p>\n\n\n\n<p>Em dezembro de 2023, o trabalho dom\u00e9stico era a ocupa\u00e7\u00e3o de 6,08 milh\u00f5es de brasileiros, de acordo com o levantamento da Pesquisa Nacional por Amostra de Domic\u00edlio (PNAD). Destes, 91,1% eram mulheres e mais de 60% eram mulheres negras. O estudo aponta que os empregados da \u00e1rea recebiam, em m\u00e9dia, o equivalente a um sal\u00e1rio m\u00ednimo &#8211; na \u00e9poca, R$ 1.320,00 &#8211; e apenas um ter\u00e7o possu\u00eda carteira de trabalho assinada.<\/p>\n\n\n\n<hr class=\"wp-block-separator has-alpha-channel-opacity\"\/>\n\n\n\n<h4 class=\"wp-block-heading\">\u201cTrabalhadoras formar\u00e3o trabalhadoras. Compreendemos que elas s\u00e3o as intelectuais da categoria\u201d, explica a coordenadora do programa na UFSC e professora do Departamento de Hist\u00f3ria Gl\u00e1ucia Fraccaro. <\/h4>\n\n\n\n<hr class=\"wp-block-separator has-alpha-channel-opacity\"\/>\n\n\n\n<p>A coordenadora afirma que os cargos de instrutores ser\u00e3o ocupados por lideran\u00e7as sindicais da \u00e1rea ou por profissionais que participaram de edi\u00e7\u00f5es anteriores do projeto.<\/p>\n\n\n\n<p>O programa nacional Trabalho Dom\u00e9stico Cidad\u00e3o j\u00e1 foi desenvolvido no Brasil entre 2006 a 2009. A nova edi\u00e7\u00e3o do projeto nacional, lan\u00e7ada na UFSC, corresponde a uma solicita\u00e7\u00e3o da Fenatrad feita ao Governo Lula ainda durante a campanha eleitoral de 2022.&nbsp;<\/p>\n\n\n\n<p>Para receber mais instru\u00e7\u00f5es sobre a inscri\u00e7\u00e3o, os interessados devem ir a um sindicato filiado \u00e0 Fenatrad.<\/p>\n\n\n\n<figure class=\"wp-block-image size-full is-resized\"><img fetchpriority=\"high\" decoding=\"async\" width=\"824\" height=\"618\" src=\"https:\/\/jornalofatual.ufsc.br\/wp-content\/uploads\/2024\/05\/imagem_2024-05-02_140232831.png\" alt=\"\" class=\"wp-image-1180\" style=\"width:840px;height:auto\" srcset=\"https:\/\/jornalofatual.ufsc.br\/wp-content\/uploads\/2024\/05\/imagem_2024-05-02_140232831.png 824w, https:\/\/jornalofatual.ufsc.br\/wp-content\/uploads\/2024\/05\/imagem_2024-05-02_140232831-300x225.png 300w, https:\/\/jornalofatual.ufsc.br\/wp-content\/uploads\/2024\/05\/imagem_2024-05-02_140232831-768x576.png 768w\" sizes=\"(max-width: 824px) 100vw, 824px\" \/><figcaption class=\"wp-element-caption\">Lan\u00e7amento do programa nacional Trabalho Dom\u00e9stico Cidad\u00e3o na UFSC. <em>Foto: Jo\u00e3o Pedro Brunetti dos Santos<\/em><\/figcaption><\/figure>\n","protected":false},"excerpt":{"rendered":"<p>Projeto oferece instru\u00e7\u00e3o e capacita\u00e7\u00e3o para trabalhadores dom\u00e9sticos sobre direitos sociais&nbsp; CAMILA BORGES O combate \u00e0 precariza\u00e7\u00e3o do trabalho dom\u00e9stico por meio da instru\u00e7\u00e3o dos profissionais da \u00e1rea \u00e9 o objetivo do programa nacional \u201cTrabalho Dom\u00e9stico Cidad\u00e3o \u2013 Forma\u00e7\u00e3o&nbsp; de Lideran\u00e7as\u201d, lan\u00e7ado na ter\u00e7a-feira (16) no audit\u00f3rio do Bloco B do Centro de Filosofia e [&hellip;]<\/p>\n","protected":false},"author":1,"featured_media":1180,"comment_status":"open","ping_status":"open","sticky":false,"template":"","format":"standard","meta":{"footnotes":""},"categories":[19,22],"tags":[],"class_list":["post-1179","post","type-post","status-publish","format-standard","has-post-thumbnail","hentry","category-noticias","category-ufsc"],"yoast_head":"<!-- This site is optimized with the Yoast SEO plugin v22.9 - https:\/\/yoast.com\/wordpress\/plugins\/seo\/ -->\n<title>Programa \u201cTrabalho Dom\u00e9stico Cidad\u00e3o\u201d \u00e9 lan\u00e7ado na UFSC - O Fatual<\/title>\n<meta name=\"robots\" content=\"index, follow, max-snippet:-1, max-image-preview:large, max-video-preview:-1\" \/>\n<link rel=\"canonical\" href=\"https:\/\/jornalofatual.ufsc.br\/index.php\/2024\/04\/20\/programa-trabalho-domestico-cidadao-e-lancado-na-ufsc\/\" \/>\n<meta property=\"og:locale\" content=\"pt_BR\" \/>\n<meta property=\"og:type\" content=\"article\" \/>\n<meta property=\"og:title\" content=\"Programa \u201cTrabalho Dom\u00e9stico Cidad\u00e3o\u201d \u00e9 lan\u00e7ado na UFSC - O Fatual\" \/>\n<meta property=\"og:description\" content=\"Projeto oferece instru\u00e7\u00e3o e capacita\u00e7\u00e3o para trabalhadores dom\u00e9sticos sobre direitos sociais&nbsp; CAMILA BORGES O combate \u00e0 precariza\u00e7\u00e3o do trabalho dom\u00e9stico por meio da instru\u00e7\u00e3o dos profissionais da \u00e1rea \u00e9 o objetivo do programa nacional \u201cTrabalho Dom\u00e9stico Cidad\u00e3o \u2013 Forma\u00e7\u00e3o&nbsp; de Lideran\u00e7as\u201d, lan\u00e7ado na ter\u00e7a-feira (16) no audit\u00f3rio do Bloco B do Centro de Filosofia e [&hellip;]\" \/>\n<meta property=\"og:url\" content=\"https:\/\/jornalofatual.ufsc.br\/index.php\/2024\/04\/20\/programa-trabalho-domestico-cidadao-e-lancado-na-ufsc\/\" \/>\n<meta property=\"og:site_name\" content=\"O Fatual\" \/>\n<meta property=\"article:published_time\" content=\"2024-04-20T17:00:22+00:00\" \/>\n<meta property=\"article:modified_time\" content=\"2024-05-02T17:42:20+00:00\" \/>\n<meta property=\"og:image\" content=\"http:\/\/jornalofatual.ufsc.br\/wp-content\/uploads\/2024\/05\/imagem_2024-05-02_140232831.png\" \/>\n\t<meta property=\"og:image:width\" content=\"824\" \/>\n\t<meta property=\"og:image:height\" content=\"618\" \/>\n\t<meta property=\"og:image:type\" content=\"image\/png\" \/>\n<meta name=\"author\" content=\"O Fatual UFSC\" \/>\n<meta name=\"twitter:card\" content=\"summary_large_image\" \/>\n<meta name=\"twitter:label1\" content=\"Escrito por\" \/>\n\t<meta name=\"twitter:data1\" content=\"O Fatual UFSC\" \/>\n\t<meta name=\"twitter:label2\" content=\"Est. tempo de leitura\" \/>\n\t<meta name=\"twitter:data2\" content=\"3 minutos\" \/>\n<script type=\"application\/ld+json\" class=\"yoast-schema-graph\">{\"@context\":\"https:\/\/schema.org\",\"@graph\":[{\"@type\":\"WebPage\",\"@id\":\"https:\/\/jornalofatual.ufsc.br\/index.php\/2024\/04\/20\/programa-trabalho-domestico-cidadao-e-lancado-na-ufsc\/\",\"url\":\"https:\/\/jornalofatual.ufsc.br\/index.php\/2024\/04\/20\/programa-trabalho-domestico-cidadao-e-lancado-na-ufsc\/\",\"name\":\"Programa \u201cTrabalho Dom\u00e9stico Cidad\u00e3o\u201d \u00e9 lan\u00e7ado na UFSC - O Fatual\",\"isPartOf\":{\"@id\":\"https:\/\/jornalofatual.ufsc.br\/#website\"},\"primaryImageOfPage\":{\"@id\":\"https:\/\/jornalofatual.ufsc.br\/index.php\/2024\/04\/20\/programa-trabalho-domestico-cidadao-e-lancado-na-ufsc\/#primaryimage\"},\"image\":{\"@id\":\"https:\/\/jornalofatual.ufsc.br\/index.php\/2024\/04\/20\/programa-trabalho-domestico-cidadao-e-lancado-na-ufsc\/#primaryimage\"},\"thumbnailUrl\":\"https:\/\/jornalofatual.ufsc.br\/wp-content\/uploads\/2024\/05\/imagem_2024-05-02_140232831.png\",\"datePublished\":\"2024-04-20T17:00:22+00:00\",\"dateModified\":\"2024-05-02T17:42:20+00:00\",\"author\":{\"@id\":\"https:\/\/jornalofatual.ufsc.br\/#\/schema\/person\/7c4da290bbeac2ab587bf3bd9b2796c5\"},\"breadcrumb\":{\"@id\":\"https:\/\/jornalofatual.ufsc.br\/index.php\/2024\/04\/20\/programa-trabalho-domestico-cidadao-e-lancado-na-ufsc\/#breadcrumb\"},\"inLanguage\":\"pt-BR\",\"potentialAction\":[{\"@type\":\"ReadAction\",\"target\":[\"https:\/\/jornalofatual.ufsc.br\/index.php\/2024\/04\/20\/programa-trabalho-domestico-cidadao-e-lancado-na-ufsc\/\"]}]},{\"@type\":\"ImageObject\",\"inLanguage\":\"pt-BR\",\"@id\":\"https:\/\/jornalofatual.ufsc.br\/index.php\/2024\/04\/20\/programa-trabalho-domestico-cidadao-e-lancado-na-ufsc\/#primaryimage\",\"url\":\"https:\/\/jornalofatual.ufsc.br\/wp-content\/uploads\/2024\/05\/imagem_2024-05-02_140232831.png\",\"contentUrl\":\"https:\/\/jornalofatual.ufsc.br\/wp-content\/uploads\/2024\/05\/imagem_2024-05-02_140232831.png\",\"width\":824,\"height\":618},{\"@type\":\"BreadcrumbList\",\"@id\":\"https:\/\/jornalofatual.ufsc.br\/index.php\/2024\/04\/20\/programa-trabalho-domestico-cidadao-e-lancado-na-ufsc\/#breadcrumb\",\"itemListElement\":[{\"@type\":\"ListItem\",\"position\":1,\"name\":\"In\u00edcio\",\"item\":\"https:\/\/jornalofatual.ufsc.br\/\"},{\"@type\":\"ListItem\",\"position\":2,\"name\":\"Programa \u201cTrabalho Dom\u00e9stico Cidad\u00e3o\u201d \u00e9 lan\u00e7ado na UFSC\"}]},{\"@type\":\"WebSite\",\"@id\":\"https:\/\/jornalofatual.ufsc.br\/#website\",\"url\":\"https:\/\/jornalofatual.ufsc.br\/\",\"name\":\"O Fatual\",\"description\":\"Jornalismo UFSC\",\"potentialAction\":[{\"@type\":\"SearchAction\",\"target\":{\"@type\":\"EntryPoint\",\"urlTemplate\":\"https:\/\/jornalofatual.ufsc.br\/?s={search_term_string}\"},\"query-input\":\"required name=search_term_string\"}],\"inLanguage\":\"pt-BR\"},{\"@type\":\"Person\",\"@id\":\"https:\/\/jornalofatual.ufsc.br\/#\/schema\/person\/7c4da290bbeac2ab587bf3bd9b2796c5\",\"name\":\"O Fatual UFSC\",\"image\":{\"@type\":\"ImageObject\",\"inLanguage\":\"pt-BR\",\"@id\":\"https:\/\/jornalofatual.ufsc.br\/#\/schema\/person\/image\/\",\"url\":\"https:\/\/secure.gravatar.com\/avatar\/77a2965911ca4aaeddc636b7e775b7bb05b7e4b5d5ad85a27d016b6a781b2b04?s=96&d=mm&r=g\",\"contentUrl\":\"https:\/\/secure.gravatar.com\/avatar\/77a2965911ca4aaeddc636b7e775b7bb05b7e4b5d5ad85a27d016b6a781b2b04?s=96&d=mm&r=g\",\"caption\":\"O Fatual UFSC\"},\"sameAs\":[\"https:\/\/jornalofatual.ufsc.br\",\"https:\/\/www.instagram.com\/jornalofatual\/\"],\"url\":\"https:\/\/jornalofatual.ufsc.br\/index.php\/author\/jornalofactualgmail-com\/\"}]}<\/script>\n<!-- \/ Yoast SEO plugin. -->","yoast_head_json":{"title":"Programa \u201cTrabalho Dom\u00e9stico Cidad\u00e3o\u201d \u00e9 lan\u00e7ado na UFSC - O Fatual","robots":{"index":"index","follow":"follow","max-snippet":"max-snippet:-1","max-image-preview":"max-image-preview:large","max-video-preview":"max-video-preview:-1"},"canonical":"https:\/\/jornalofatual.ufsc.br\/index.php\/2024\/04\/20\/programa-trabalho-domestico-cidadao-e-lancado-na-ufsc\/","og_locale":"pt_BR","og_type":"article","og_title":"Programa \u201cTrabalho Dom\u00e9stico Cidad\u00e3o\u201d \u00e9 lan\u00e7ado na UFSC - O Fatual","og_description":"Projeto oferece instru\u00e7\u00e3o e capacita\u00e7\u00e3o para trabalhadores dom\u00e9sticos sobre direitos sociais&nbsp; CAMILA BORGES O combate \u00e0 precariza\u00e7\u00e3o do trabalho dom\u00e9stico por meio da instru\u00e7\u00e3o dos profissionais da \u00e1rea \u00e9 o objetivo do programa nacional \u201cTrabalho Dom\u00e9stico Cidad\u00e3o \u2013 Forma\u00e7\u00e3o&nbsp; de Lideran\u00e7as\u201d, lan\u00e7ado na ter\u00e7a-feira (16) no audit\u00f3rio do Bloco B do Centro de Filosofia e [&hellip;]","og_url":"https:\/\/jornalofatual.ufsc.br\/index.php\/2024\/04\/20\/programa-trabalho-domestico-cidadao-e-lancado-na-ufsc\/","og_site_name":"O Fatual","article_published_time":"2024-04-20T17:00:22+00:00","article_modified_time":"2024-05-02T17:42:20+00:00","og_image":[{"width":824,"height":618,"url":"http:\/\/jornalofatual.ufsc.br\/wp-content\/uploads\/2024\/05\/imagem_2024-05-02_140232831.png","type":"image\/png"}],"author":"O Fatual UFSC","twitter_card":"summary_large_image","twitter_misc":{"Escrito por":"O Fatual UFSC","Est. tempo de leitura":"3 minutos"},"schema":{"@context":"https:\/\/schema.org","@graph":[{"@type":"WebPage","@id":"https:\/\/jornalofatual.ufsc.br\/index.php\/2024\/04\/20\/programa-trabalho-domestico-cidadao-e-lancado-na-ufsc\/","url":"https:\/\/jornalofatual.ufsc.br\/index.php\/2024\/04\/20\/programa-trabalho-domestico-cidadao-e-lancado-na-ufsc\/","name":"Programa \u201cTrabalho Dom\u00e9stico Cidad\u00e3o\u201d \u00e9 lan\u00e7ado na UFSC - O Fatual","isPartOf":{"@id":"https:\/\/jornalofatual.ufsc.br\/#website"},"primaryImageOfPage":{"@id":"https:\/\/jornalofatual.ufsc.br\/index.php\/2024\/04\/20\/programa-trabalho-domestico-cidadao-e-lancado-na-ufsc\/#primaryimage"},"image":{"@id":"https:\/\/jornalofatual.ufsc.br\/index.php\/2024\/04\/20\/programa-trabalho-domestico-cidadao-e-lancado-na-ufsc\/#primaryimage"},"thumbnailUrl":"https:\/\/jornalofatual.ufsc.br\/wp-content\/uploads\/2024\/05\/imagem_2024-05-02_140232831.png","datePublished":"2024-04-20T17:00:22+00:00","dateModified":"2024-05-02T17:42:20+00:00","author":{"@id":"https:\/\/jornalofatual.ufsc.br\/#\/schema\/person\/7c4da290bbeac2ab587bf3bd9b2796c5"},"breadcrumb":{"@id":"https:\/\/jornalofatual.ufsc.br\/index.php\/2024\/04\/20\/programa-trabalho-domestico-cidadao-e-lancado-na-ufsc\/#breadcrumb"},"inLanguage":"pt-BR","potentialAction":[{"@type":"ReadAction","target":["https:\/\/jornalofatual.ufsc.br\/index.php\/2024\/04\/20\/programa-trabalho-domestico-cidadao-e-lancado-na-ufsc\/"]}]},{"@type":"ImageObject","inLanguage":"pt-BR","@id":"https:\/\/jornalofatual.ufsc.br\/index.php\/2024\/04\/20\/programa-trabalho-domestico-cidadao-e-lancado-na-ufsc\/#primaryimage","url":"https:\/\/jornalofatual.ufsc.br\/wp-content\/uploads\/2024\/05\/imagem_2024-05-02_140232831.png","contentUrl":"https:\/\/jornalofatual.ufsc.br\/wp-content\/uploads\/2024\/05\/imagem_2024-05-02_140232831.png","width":824,"height":618},{"@type":"BreadcrumbList","@id":"https:\/\/jornalofatual.ufsc.br\/index.php\/2024\/04\/20\/programa-trabalho-domestico-cidadao-e-lancado-na-ufsc\/#breadcrumb","itemListElement":[{"@type":"ListItem","position":1,"name":"In\u00edcio","item":"https:\/\/jornalofatual.ufsc.br\/"},{"@type":"ListItem","position":2,"name":"Programa \u201cTrabalho Dom\u00e9stico Cidad\u00e3o\u201d \u00e9 lan\u00e7ado na UFSC"}]},{"@type":"WebSite","@id":"https:\/\/jornalofatual.ufsc.br\/#website","url":"https:\/\/jornalofatual.ufsc.br\/","name":"O Fatual","description":"Jornalismo UFSC","potentialAction":[{"@type":"SearchAction","target":{"@type":"EntryPoint","urlTemplate":"https:\/\/jornalofatual.ufsc.br\/?s={search_term_string}"},"query-input":"required name=search_term_string"}],"inLanguage":"pt-BR"},{"@type":"Person","@id":"https:\/\/jornalofatual.ufsc.br\/#\/schema\/person\/7c4da290bbeac2ab587bf3bd9b2796c5","name":"O Fatual UFSC","image":{"@type":"ImageObject","inLanguage":"pt-BR","@id":"https:\/\/jornalofatual.ufsc.br\/#\/schema\/person\/image\/","url":"https:\/\/secure.gravatar.com\/avatar\/77a2965911ca4aaeddc636b7e775b7bb05b7e4b5d5ad85a27d016b6a781b2b04?s=96&d=mm&r=g","contentUrl":"https:\/\/secure.gravatar.com\/avatar\/77a2965911ca4aaeddc636b7e775b7bb05b7e4b5d5ad85a27d016b6a781b2b04?s=96&d=mm&r=g","caption":"O Fatual UFSC"},"sameAs":["https:\/\/jornalofatual.ufsc.br","https:\/\/www.instagram.com\/jornalofatual\/"],"url":"https:\/\/jornalofatual.ufsc.br\/index.php\/author\/jornalofactualgmail-com\/"}]}},"_links":{"self":[{"href":"https:\/\/jornalofatual.ufsc.br\/index.php\/wp-json\/wp\/v2\/posts\/1179","targetHints":{"allow":["GET"]}}],"collection":[{"href":"https:\/\/jornalofatual.ufsc.br\/index.php\/wp-json\/wp\/v2\/posts"}],"about":[{"href":"https:\/\/jornalofatual.ufsc.br\/index.php\/wp-json\/wp\/v2\/types\/post"}],"author":[{"embeddable":true,"href":"https:\/\/jornalofatual.ufsc.br\/index.php\/wp-json\/wp\/v2\/users\/1"}],"replies":[{"embeddable":true,"href":"https:\/\/jornalofatual.ufsc.br\/index.php\/wp-json\/wp\/v2\/comments?post=1179"}],"version-history":[{"count":2,"href":"https:\/\/jornalofatual.ufsc.br\/index.php\/wp-json\/wp\/v2\/posts\/1179\/revisions"}],"predecessor-version":[{"id":1182,"href":"https:\/\/jornalofatual.ufsc.br\/index.php\/wp-json\/wp\/v2\/posts\/1179\/revisions\/1182"}],"wp:featuredmedia":[{"embeddable":true,"href":"https:\/\/jornalofatual.ufsc.br\/index.php\/wp-json\/wp\/v2\/media\/1180"}],"wp:attachment":[{"href":"https:\/\/jornalofatual.ufsc.br\/index.php\/wp-json\/wp\/v2\/media?parent=1179"}],"wp:term":[{"taxonomy":"category","embeddable":true,"href":"https:\/\/jornalofatual.ufsc.br\/index.php\/wp-json\/wp\/v2\/categories?post=1179"},{"taxonomy":"post_tag","embeddable":true,"href":"https:\/\/jornalofatual.ufsc.br\/index.php\/wp-json\/wp\/v2\/tags?post=1179"}],"curies":[{"name":"wp","href":"https:\/\/api.w.org\/{rel}","templated":true}]}}