{"id":1117,"date":"2024-04-15T15:50:55","date_gmt":"2024-04-15T18:50:55","guid":{"rendered":"http:\/\/jornalofatual.ufsc.br\/?p=1117"},"modified":"2024-04-19T17:37:27","modified_gmt":"2024-04-19T20:37:27","slug":"neonazismo-cresce-frente-a-inercia-das-autoridades-e-imprensa-em-sc-afirma-cndh","status":"publish","type":"post","link":"https:\/\/jornalofatual.ufsc.br\/index.php\/2024\/04\/15\/neonazismo-cresce-frente-a-inercia-das-autoridades-e-imprensa-em-sc-afirma-cndh\/","title":{"rendered":"Neonazismo cresce frente a in\u00e9rcia de autoridades e imprensa em SC, afirma CNDH"},"content":{"rendered":"\n<h4 class=\"wp-block-heading\"><em>Relatoria especial preliminar do Conselho avalia aumento de c\u00e9lulas neonazistas no Brasil como \u201calarmante\u201d<\/em><\/h4>\n\n\n\n<div style=\"height:32px\" aria-hidden=\"true\" class=\"wp-block-spacer\"><\/div>\n\n\n\n<p><strong>MAIT\u00ca SILVEIRA<\/strong><\/p>\n\n\n\n<p>Fazer apologia ao nazismo \u00e9 crime e resulta em multa e reclus\u00e3o de dois a cinco anos, de acordo com&nbsp; a Lei n\u00ba 7.716\/1989 da Constitui\u00e7\u00e3o Federal. A indica\u00e7\u00e3o legal n\u00e3o tem impedido que grupos adeptos \u00e0 teoria nazista formem n\u00facleos locais, como em Blumenau (SC). Na cidade de 365 mil habitantes, 63 c\u00e9lulas neonazistas foram identificadas no levantamento realizado pela pesquisadora Adriana Dias, doutora em Antropologia pela Universidade Estadual de Campinas (Unicamp).<\/p>\n\n\n\n<p>A pesquisadora realizou o monitoramento, por arquivos e meios digitais, da forma\u00e7\u00e3o de c\u00e9lulas neonazistas no pa\u00eds, encaminhando-os para den\u00fancia ao Minist\u00e9rio P\u00fablico. Os dados levantados por Adriana comp\u00f5em uma&nbsp; relatoria especial, liderada pelo advogado Carlos Nicodemos, de investiga\u00e7\u00e3o do aumento de c\u00e9lulas neonazistas no Brasil, levantada pelo Conselho Nacional de Direitos Humanos (CNDH) e em que Santa Catarina se destaca.<\/p>\n\n\n\n<hr class=\"wp-block-separator has-alpha-channel-opacity\"\/>\n\n\n\n<h4 class=\"wp-block-heading\">Conforme a pesquisa, at\u00e9 novembro de 2022, 320 dos 1.117 n\u00facleos neonazistas localizados no Brasil estavam em Santa Catarina, quase 30%.<\/h4>\n\n\n\n<hr class=\"wp-block-separator has-alpha-channel-opacity\"\/>\n\n\n\n<p>O relat\u00f3rio do CNDH tamb\u00e9m utiliza dados da ag\u00eancia Fique Sabendo, sobre den\u00fancias de apologia ao nazismo feitas \u00e0 Pol\u00edcia Federal, e do Observat\u00f3rio Judaico de Direitos Humanos, sobre manifesta\u00e7\u00f5es antissemitas.<\/p>\n\n\n\n<figure class=\"wp-block-image size-full is-resized\"><img fetchpriority=\"high\" decoding=\"async\" width=\"768\" height=\"512\" src=\"http:\/\/jornalofatual.ufsc.br\/wp-content\/uploads\/2024\/04\/imagem_2024-04-18_155654769.png\" alt=\"\" class=\"wp-image-1118\" style=\"width:840px;height:auto\" srcset=\"https:\/\/jornalofatual.ufsc.br\/wp-content\/uploads\/2024\/04\/imagem_2024-04-18_155654769.png 768w, https:\/\/jornalofatual.ufsc.br\/wp-content\/uploads\/2024\/04\/imagem_2024-04-18_155654769-300x200.png 300w\" sizes=\"(max-width: 768px) 100vw, 768px\" \/><figcaption class=\"wp-element-caption\">Objetos nazistas apreendidos com suspeitos de integrarem grupo neonazista em Santa Catarina, em 2022. <em>Foto: Reprodu\u00e7\u00e3o\/Pol\u00edcia Civil de Santa Catarina<\/em><\/figcaption><\/figure>\n\n\n\n<p>Em comitiva de 13 pessoas, o CNDH, \u00f3rg\u00e3o integrado ao Minist\u00e9rio dos Direitos Humanos e da Cidadania, veio a Santa Catarina entre os dias 10 e 12 de abril. A passagem incluiu visita a \u00f3rg\u00e3os p\u00fablicos, entre eles a Pol\u00edcia Federal (PF-SC) e a Assembleia Legislativa de Santa Catarina (Alesc).<\/p>\n\n\n\n<p>&nbsp;O CNDH debateu casos como o registrado em Blumenau, a partir da escuta de v\u00edtimas e palestras com autoridades pol\u00edticas e da Educa\u00e7\u00e3o, e avaliou as capacidades do estado no enfrentamento ao problema.<\/p>\n\n\n\n<p>Segundo Nicodemos, a normaliza\u00e7\u00e3o institucional e falta de compreens\u00e3o social do tema, junto \u00e0 assimila\u00e7\u00e3o de formas correlatas de discrimina\u00e7\u00e3o, s\u00e3o desafios para as autoridades catarinenses. \u201cNos preocupa a banaliza\u00e7\u00e3o. Se n\u00e3o acordarmos a tempo, vamos seguir testemunhando minorias violentadas\u201d, diz.&nbsp;<\/p>\n\n\n\n<hr class=\"wp-block-separator has-alpha-channel-opacity\"\/>\n\n\n\n<h4 class=\"wp-block-heading\">O relator tamb\u00e9m problematiza o \u201creducionismo punitivo\u201d, uma abordagem unicamente criminal de um problema estrutural, no estado. \u201cN\u00e3o podemos tratar como caso isolado algo que \u00e9 uma clara amea\u00e7a ao Estado Democr\u00e1tico de&nbsp;Direito\u201d.<\/h4>\n\n\n\n<hr class=\"wp-block-separator has-alpha-channel-opacity\"\/>\n\n\n\n<p>Al\u00e9m dos aparatos legais, o CNDH cobra maior participa\u00e7\u00e3o da imprensa local na cobertura do tema. Para o jornalista da Associa\u00e7\u00e3o Brasileira de Imprensa (ABI) e membro da comitiva Marcelo Auler, \u201c[&#8230;] essas coisas n\u00e3o se escondem embaixo do tapete. A imprensa tem medo de \u2018manchar a reputa\u00e7\u00e3o\u2019 local e esquece de quem est\u00e1 sofrendo\u201d.&nbsp;<\/p>\n\n\n\n<hr class=\"wp-block-separator has-alpha-channel-opacity\"\/>\n\n\n\n<h4 class=\"wp-block-heading\">De 2021 \u00e0 2022, o aumento das c\u00e9lulas neonazistas em Santa Catarina foi de 158%. No Brasil, saltou de 530 para 1.117, tamb\u00e9m de acordo com o levantamento de Adriana. A antrop\u00f3loga relacionou o crescimento dos discursos nazistas com movimento pol\u00edticos apoiados em discursos de \u00f3dio contra negros, pessoas LGBTQIA+, mulheres e ind\u00edgenas no estado.<\/h4>\n\n\n\n<hr class=\"wp-block-separator has-alpha-channel-opacity\"\/>\n\n\n\n<p>Uma suposta sauda\u00e7\u00e3o nazista durante uma manifesta\u00e7\u00e3o em apoio ao ex-presidente Jair Bolsonaro em S\u00e3o Miguel do Oeste (SC) e a pris\u00e3o de oito homens acusados de apologia ao nazismo em S\u00e3o Pedro de Alc\u00e2ntara (SC), ambas em 2022, foram relembradas pela ex-deputada estadual e diretora do Instituto Humaniza SC, Ideli Salvati. \u201cA estrutura pol\u00edtica de Santa Catarina acoberta e incentiva esses comportamentos. Ela promove um ambiente favor\u00e1vel \u00e0 viola\u00e7\u00e3o dos direitos humanos\u201d, critica Ideli.&nbsp;<\/p>\n\n\n\n<p>O relat\u00f3rio final do CNDH incluir\u00e1 um question\u00e1rio de evid\u00eancias, com perguntas de car\u00e1ter normativo-or\u00e7ament\u00e1rio, enviado \u00e0s autoridades visitadas em Santa Catarina e ser\u00e1 apresentado na 56\u00aa Sess\u00e3o do Conselho de Direitos Humanos da Organiza\u00e7\u00e3o das Na\u00e7\u00f5es Unidas (ONU), prevista para junho e julho deste ano.<\/p>\n","protected":false},"excerpt":{"rendered":"<p>Relatoria especial preliminar do Conselho avalia aumento de c\u00e9lulas neonazistas no Brasil como \u201calarmante\u201d MAIT\u00ca SILVEIRA Fazer apologia ao nazismo \u00e9 crime e resulta em multa e reclus\u00e3o de dois a cinco anos, de acordo com&nbsp; a Lei n\u00ba 7.716\/1989 da Constitui\u00e7\u00e3o Federal. A indica\u00e7\u00e3o legal n\u00e3o tem impedido que grupos adeptos \u00e0 teoria nazista [&hellip;]<\/p>\n","protected":false},"author":1,"featured_media":1118,"comment_status":"open","ping_status":"open","sticky":false,"template":"","format":"standard","meta":{"footnotes":""},"categories":[19,118],"tags":[],"class_list":["post-1117","post","type-post","status-publish","format-standard","has-post-thumbnail","hentry","category-noticias","category-seguranca"],"yoast_head":"<!-- This site is optimized with the Yoast SEO plugin v22.9 - https:\/\/yoast.com\/wordpress\/plugins\/seo\/ -->\n<title>Neonazismo cresce frente a in\u00e9rcia de autoridades e imprensa em SC, afirma CNDH - O Fatual<\/title>\n<meta name=\"robots\" content=\"index, follow, max-snippet:-1, max-image-preview:large, max-video-preview:-1\" \/>\n<link rel=\"canonical\" href=\"https:\/\/jornalofatual.ufsc.br\/index.php\/2024\/04\/15\/neonazismo-cresce-frente-a-inercia-das-autoridades-e-imprensa-em-sc-afirma-cndh\/\" \/>\n<meta property=\"og:locale\" content=\"pt_BR\" \/>\n<meta property=\"og:type\" content=\"article\" \/>\n<meta property=\"og:title\" content=\"Neonazismo cresce frente a in\u00e9rcia de autoridades e imprensa em SC, afirma CNDH - O Fatual\" \/>\n<meta property=\"og:description\" content=\"Relatoria especial preliminar do Conselho avalia aumento de c\u00e9lulas neonazistas no Brasil como \u201calarmante\u201d MAIT\u00ca SILVEIRA Fazer apologia ao nazismo \u00e9 crime e resulta em multa e reclus\u00e3o de dois a cinco anos, de acordo com&nbsp; a Lei n\u00ba 7.716\/1989 da Constitui\u00e7\u00e3o Federal. A indica\u00e7\u00e3o legal n\u00e3o tem impedido que grupos adeptos \u00e0 teoria nazista [&hellip;]\" \/>\n<meta property=\"og:url\" content=\"https:\/\/jornalofatual.ufsc.br\/index.php\/2024\/04\/15\/neonazismo-cresce-frente-a-inercia-das-autoridades-e-imprensa-em-sc-afirma-cndh\/\" \/>\n<meta property=\"og:site_name\" content=\"O Fatual\" \/>\n<meta property=\"article:published_time\" content=\"2024-04-15T18:50:55+00:00\" \/>\n<meta property=\"article:modified_time\" content=\"2024-04-19T20:37:27+00:00\" \/>\n<meta property=\"og:image\" content=\"http:\/\/jornalofatual.ufsc.br\/wp-content\/uploads\/2024\/04\/imagem_2024-04-18_155654769.png\" \/>\n\t<meta property=\"og:image:width\" content=\"768\" \/>\n\t<meta property=\"og:image:height\" content=\"512\" \/>\n\t<meta property=\"og:image:type\" content=\"image\/png\" \/>\n<meta name=\"author\" content=\"O Fatual UFSC\" \/>\n<meta name=\"twitter:card\" content=\"summary_large_image\" \/>\n<meta name=\"twitter:label1\" content=\"Escrito por\" \/>\n\t<meta name=\"twitter:data1\" content=\"O Fatual UFSC\" \/>\n\t<meta name=\"twitter:label2\" content=\"Est. tempo de leitura\" \/>\n\t<meta name=\"twitter:data2\" content=\"4 minutos\" \/>\n<script type=\"application\/ld+json\" class=\"yoast-schema-graph\">{\"@context\":\"https:\/\/schema.org\",\"@graph\":[{\"@type\":\"WebPage\",\"@id\":\"https:\/\/jornalofatual.ufsc.br\/index.php\/2024\/04\/15\/neonazismo-cresce-frente-a-inercia-das-autoridades-e-imprensa-em-sc-afirma-cndh\/\",\"url\":\"https:\/\/jornalofatual.ufsc.br\/index.php\/2024\/04\/15\/neonazismo-cresce-frente-a-inercia-das-autoridades-e-imprensa-em-sc-afirma-cndh\/\",\"name\":\"Neonazismo cresce frente a in\u00e9rcia de autoridades e imprensa em SC, afirma CNDH - O Fatual\",\"isPartOf\":{\"@id\":\"https:\/\/jornalofatual.ufsc.br\/#website\"},\"primaryImageOfPage\":{\"@id\":\"https:\/\/jornalofatual.ufsc.br\/index.php\/2024\/04\/15\/neonazismo-cresce-frente-a-inercia-das-autoridades-e-imprensa-em-sc-afirma-cndh\/#primaryimage\"},\"image\":{\"@id\":\"https:\/\/jornalofatual.ufsc.br\/index.php\/2024\/04\/15\/neonazismo-cresce-frente-a-inercia-das-autoridades-e-imprensa-em-sc-afirma-cndh\/#primaryimage\"},\"thumbnailUrl\":\"https:\/\/jornalofatual.ufsc.br\/wp-content\/uploads\/2024\/04\/imagem_2024-04-18_155654769.png\",\"datePublished\":\"2024-04-15T18:50:55+00:00\",\"dateModified\":\"2024-04-19T20:37:27+00:00\",\"author\":{\"@id\":\"https:\/\/jornalofatual.ufsc.br\/#\/schema\/person\/7c4da290bbeac2ab587bf3bd9b2796c5\"},\"breadcrumb\":{\"@id\":\"https:\/\/jornalofatual.ufsc.br\/index.php\/2024\/04\/15\/neonazismo-cresce-frente-a-inercia-das-autoridades-e-imprensa-em-sc-afirma-cndh\/#breadcrumb\"},\"inLanguage\":\"pt-BR\",\"potentialAction\":[{\"@type\":\"ReadAction\",\"target\":[\"https:\/\/jornalofatual.ufsc.br\/index.php\/2024\/04\/15\/neonazismo-cresce-frente-a-inercia-das-autoridades-e-imprensa-em-sc-afirma-cndh\/\"]}]},{\"@type\":\"ImageObject\",\"inLanguage\":\"pt-BR\",\"@id\":\"https:\/\/jornalofatual.ufsc.br\/index.php\/2024\/04\/15\/neonazismo-cresce-frente-a-inercia-das-autoridades-e-imprensa-em-sc-afirma-cndh\/#primaryimage\",\"url\":\"https:\/\/jornalofatual.ufsc.br\/wp-content\/uploads\/2024\/04\/imagem_2024-04-18_155654769.png\",\"contentUrl\":\"https:\/\/jornalofatual.ufsc.br\/wp-content\/uploads\/2024\/04\/imagem_2024-04-18_155654769.png\",\"width\":768,\"height\":512},{\"@type\":\"BreadcrumbList\",\"@id\":\"https:\/\/jornalofatual.ufsc.br\/index.php\/2024\/04\/15\/neonazismo-cresce-frente-a-inercia-das-autoridades-e-imprensa-em-sc-afirma-cndh\/#breadcrumb\",\"itemListElement\":[{\"@type\":\"ListItem\",\"position\":1,\"name\":\"In\u00edcio\",\"item\":\"https:\/\/jornalofatual.ufsc.br\/\"},{\"@type\":\"ListItem\",\"position\":2,\"name\":\"Neonazismo cresce frente a in\u00e9rcia de autoridades e imprensa em SC, afirma CNDH\"}]},{\"@type\":\"WebSite\",\"@id\":\"https:\/\/jornalofatual.ufsc.br\/#website\",\"url\":\"https:\/\/jornalofatual.ufsc.br\/\",\"name\":\"O Fatual\",\"description\":\"Jornalismo UFSC\",\"potentialAction\":[{\"@type\":\"SearchAction\",\"target\":{\"@type\":\"EntryPoint\",\"urlTemplate\":\"https:\/\/jornalofatual.ufsc.br\/?s={search_term_string}\"},\"query-input\":\"required name=search_term_string\"}],\"inLanguage\":\"pt-BR\"},{\"@type\":\"Person\",\"@id\":\"https:\/\/jornalofatual.ufsc.br\/#\/schema\/person\/7c4da290bbeac2ab587bf3bd9b2796c5\",\"name\":\"O Fatual UFSC\",\"image\":{\"@type\":\"ImageObject\",\"inLanguage\":\"pt-BR\",\"@id\":\"https:\/\/jornalofatual.ufsc.br\/#\/schema\/person\/image\/\",\"url\":\"https:\/\/secure.gravatar.com\/avatar\/77a2965911ca4aaeddc636b7e775b7bb05b7e4b5d5ad85a27d016b6a781b2b04?s=96&d=mm&r=g\",\"contentUrl\":\"https:\/\/secure.gravatar.com\/avatar\/77a2965911ca4aaeddc636b7e775b7bb05b7e4b5d5ad85a27d016b6a781b2b04?s=96&d=mm&r=g\",\"caption\":\"O Fatual UFSC\"},\"sameAs\":[\"https:\/\/jornalofatual.ufsc.br\",\"https:\/\/www.instagram.com\/jornalofatual\/\"],\"url\":\"https:\/\/jornalofatual.ufsc.br\/index.php\/author\/jornalofactualgmail-com\/\"}]}<\/script>\n<!-- \/ Yoast SEO plugin. -->","yoast_head_json":{"title":"Neonazismo cresce frente a in\u00e9rcia de autoridades e imprensa em SC, afirma CNDH - O Fatual","robots":{"index":"index","follow":"follow","max-snippet":"max-snippet:-1","max-image-preview":"max-image-preview:large","max-video-preview":"max-video-preview:-1"},"canonical":"https:\/\/jornalofatual.ufsc.br\/index.php\/2024\/04\/15\/neonazismo-cresce-frente-a-inercia-das-autoridades-e-imprensa-em-sc-afirma-cndh\/","og_locale":"pt_BR","og_type":"article","og_title":"Neonazismo cresce frente a in\u00e9rcia de autoridades e imprensa em SC, afirma CNDH - O Fatual","og_description":"Relatoria especial preliminar do Conselho avalia aumento de c\u00e9lulas neonazistas no Brasil como \u201calarmante\u201d MAIT\u00ca SILVEIRA Fazer apologia ao nazismo \u00e9 crime e resulta em multa e reclus\u00e3o de dois a cinco anos, de acordo com&nbsp; a Lei n\u00ba 7.716\/1989 da Constitui\u00e7\u00e3o Federal. A indica\u00e7\u00e3o legal n\u00e3o tem impedido que grupos adeptos \u00e0 teoria nazista [&hellip;]","og_url":"https:\/\/jornalofatual.ufsc.br\/index.php\/2024\/04\/15\/neonazismo-cresce-frente-a-inercia-das-autoridades-e-imprensa-em-sc-afirma-cndh\/","og_site_name":"O Fatual","article_published_time":"2024-04-15T18:50:55+00:00","article_modified_time":"2024-04-19T20:37:27+00:00","og_image":[{"width":768,"height":512,"url":"http:\/\/jornalofatual.ufsc.br\/wp-content\/uploads\/2024\/04\/imagem_2024-04-18_155654769.png","type":"image\/png"}],"author":"O Fatual UFSC","twitter_card":"summary_large_image","twitter_misc":{"Escrito por":"O Fatual UFSC","Est. tempo de leitura":"4 minutos"},"schema":{"@context":"https:\/\/schema.org","@graph":[{"@type":"WebPage","@id":"https:\/\/jornalofatual.ufsc.br\/index.php\/2024\/04\/15\/neonazismo-cresce-frente-a-inercia-das-autoridades-e-imprensa-em-sc-afirma-cndh\/","url":"https:\/\/jornalofatual.ufsc.br\/index.php\/2024\/04\/15\/neonazismo-cresce-frente-a-inercia-das-autoridades-e-imprensa-em-sc-afirma-cndh\/","name":"Neonazismo cresce frente a in\u00e9rcia de autoridades e imprensa em SC, afirma CNDH - O Fatual","isPartOf":{"@id":"https:\/\/jornalofatual.ufsc.br\/#website"},"primaryImageOfPage":{"@id":"https:\/\/jornalofatual.ufsc.br\/index.php\/2024\/04\/15\/neonazismo-cresce-frente-a-inercia-das-autoridades-e-imprensa-em-sc-afirma-cndh\/#primaryimage"},"image":{"@id":"https:\/\/jornalofatual.ufsc.br\/index.php\/2024\/04\/15\/neonazismo-cresce-frente-a-inercia-das-autoridades-e-imprensa-em-sc-afirma-cndh\/#primaryimage"},"thumbnailUrl":"https:\/\/jornalofatual.ufsc.br\/wp-content\/uploads\/2024\/04\/imagem_2024-04-18_155654769.png","datePublished":"2024-04-15T18:50:55+00:00","dateModified":"2024-04-19T20:37:27+00:00","author":{"@id":"https:\/\/jornalofatual.ufsc.br\/#\/schema\/person\/7c4da290bbeac2ab587bf3bd9b2796c5"},"breadcrumb":{"@id":"https:\/\/jornalofatual.ufsc.br\/index.php\/2024\/04\/15\/neonazismo-cresce-frente-a-inercia-das-autoridades-e-imprensa-em-sc-afirma-cndh\/#breadcrumb"},"inLanguage":"pt-BR","potentialAction":[{"@type":"ReadAction","target":["https:\/\/jornalofatual.ufsc.br\/index.php\/2024\/04\/15\/neonazismo-cresce-frente-a-inercia-das-autoridades-e-imprensa-em-sc-afirma-cndh\/"]}]},{"@type":"ImageObject","inLanguage":"pt-BR","@id":"https:\/\/jornalofatual.ufsc.br\/index.php\/2024\/04\/15\/neonazismo-cresce-frente-a-inercia-das-autoridades-e-imprensa-em-sc-afirma-cndh\/#primaryimage","url":"https:\/\/jornalofatual.ufsc.br\/wp-content\/uploads\/2024\/04\/imagem_2024-04-18_155654769.png","contentUrl":"https:\/\/jornalofatual.ufsc.br\/wp-content\/uploads\/2024\/04\/imagem_2024-04-18_155654769.png","width":768,"height":512},{"@type":"BreadcrumbList","@id":"https:\/\/jornalofatual.ufsc.br\/index.php\/2024\/04\/15\/neonazismo-cresce-frente-a-inercia-das-autoridades-e-imprensa-em-sc-afirma-cndh\/#breadcrumb","itemListElement":[{"@type":"ListItem","position":1,"name":"In\u00edcio","item":"https:\/\/jornalofatual.ufsc.br\/"},{"@type":"ListItem","position":2,"name":"Neonazismo cresce frente a in\u00e9rcia de autoridades e imprensa em SC, afirma CNDH"}]},{"@type":"WebSite","@id":"https:\/\/jornalofatual.ufsc.br\/#website","url":"https:\/\/jornalofatual.ufsc.br\/","name":"O Fatual","description":"Jornalismo UFSC","potentialAction":[{"@type":"SearchAction","target":{"@type":"EntryPoint","urlTemplate":"https:\/\/jornalofatual.ufsc.br\/?s={search_term_string}"},"query-input":"required name=search_term_string"}],"inLanguage":"pt-BR"},{"@type":"Person","@id":"https:\/\/jornalofatual.ufsc.br\/#\/schema\/person\/7c4da290bbeac2ab587bf3bd9b2796c5","name":"O Fatual UFSC","image":{"@type":"ImageObject","inLanguage":"pt-BR","@id":"https:\/\/jornalofatual.ufsc.br\/#\/schema\/person\/image\/","url":"https:\/\/secure.gravatar.com\/avatar\/77a2965911ca4aaeddc636b7e775b7bb05b7e4b5d5ad85a27d016b6a781b2b04?s=96&d=mm&r=g","contentUrl":"https:\/\/secure.gravatar.com\/avatar\/77a2965911ca4aaeddc636b7e775b7bb05b7e4b5d5ad85a27d016b6a781b2b04?s=96&d=mm&r=g","caption":"O Fatual UFSC"},"sameAs":["https:\/\/jornalofatual.ufsc.br","https:\/\/www.instagram.com\/jornalofatual\/"],"url":"https:\/\/jornalofatual.ufsc.br\/index.php\/author\/jornalofactualgmail-com\/"}]}},"_links":{"self":[{"href":"https:\/\/jornalofatual.ufsc.br\/index.php\/wp-json\/wp\/v2\/posts\/1117","targetHints":{"allow":["GET"]}}],"collection":[{"href":"https:\/\/jornalofatual.ufsc.br\/index.php\/wp-json\/wp\/v2\/posts"}],"about":[{"href":"https:\/\/jornalofatual.ufsc.br\/index.php\/wp-json\/wp\/v2\/types\/post"}],"author":[{"embeddable":true,"href":"https:\/\/jornalofatual.ufsc.br\/index.php\/wp-json\/wp\/v2\/users\/1"}],"replies":[{"embeddable":true,"href":"https:\/\/jornalofatual.ufsc.br\/index.php\/wp-json\/wp\/v2\/comments?post=1117"}],"version-history":[{"count":8,"href":"https:\/\/jornalofatual.ufsc.br\/index.php\/wp-json\/wp\/v2\/posts\/1117\/revisions"}],"predecessor-version":[{"id":1144,"href":"https:\/\/jornalofatual.ufsc.br\/index.php\/wp-json\/wp\/v2\/posts\/1117\/revisions\/1144"}],"wp:featuredmedia":[{"embeddable":true,"href":"https:\/\/jornalofatual.ufsc.br\/index.php\/wp-json\/wp\/v2\/media\/1118"}],"wp:attachment":[{"href":"https:\/\/jornalofatual.ufsc.br\/index.php\/wp-json\/wp\/v2\/media?parent=1117"}],"wp:term":[{"taxonomy":"category","embeddable":true,"href":"https:\/\/jornalofatual.ufsc.br\/index.php\/wp-json\/wp\/v2\/categories?post=1117"},{"taxonomy":"post_tag","embeddable":true,"href":"https:\/\/jornalofatual.ufsc.br\/index.php\/wp-json\/wp\/v2\/tags?post=1117"}],"curies":[{"name":"wp","href":"https:\/\/api.w.org\/{rel}","templated":true}]}}